{"id":1395,"date":"2017-08-30T05:38:12","date_gmt":"2017-08-30T05:38:12","guid":{"rendered":"http:\/\/gkvitkovice.cz\/?p=1395"},"modified":"2017-08-30T05:38:50","modified_gmt":"2017-08-30T05:38:50","slug":"lvt-bila-2017","status":"publish","type":"post","link":"https:\/\/gkvitkovice.cz\/?p=1395","title":{"rendered":"LVT B\u00edl\u00e1 2017"},"content":{"rendered":"<div id=\"fb-root\"><\/div>\n<p><script>(function(d, s, id) {\n  var js, fjs = d.getElementsByTagName(s)[0];\n  if (d.getElementById(id)) return;\n  js = d.createElement(s); js.id = id;\n  js.src = \"\/\/connect.facebook.net\/cs_CZ\/sdk.js#xfbml=1&version=v2.10\";\n  fjs.parentNode.insertBefore(js, fjs);\n}(document, 'script', 'facebook-jssdk'));<\/script><br \/>\n<a href=\"http:\/\/gkvitkovice.cz\/wp-content\/uploads\/2017\/08\/P8060016.jpg\"><img loading=\"lazy\" class=\"size-medium wp-image-1396 alignleft\" src=\"http:\/\/gkvitkovice.cz\/wp-content\/uploads\/2017\/08\/P8060016-300x200.jpg\" alt=\"\" width=\"300\" height=\"200\" srcset=\"https:\/\/gkvitkovice.cz\/wp-content\/uploads\/2017\/08\/P8060016-300x200.jpg 300w, https:\/\/gkvitkovice.cz\/wp-content\/uploads\/2017\/08\/P8060016-768x512.jpg 768w, https:\/\/gkvitkovice.cz\/wp-content\/uploads\/2017\/08\/P8060016-1024x682.jpg 1024w, https:\/\/gkvitkovice.cz\/wp-content\/uploads\/2017\/08\/P8060016.jpg 2000w\" sizes=\"(max-width: 300px) 100vw, 300px\" \/><\/a>Jako ka\u017ed\u00fd rok jsme se i letos vydali v term\u00ednu 6. &#8211; 11. 8. 2017 na letn\u00ed soust\u0159ed\u011bn\u00ed do Horsk\u00e9 chaty B\u00edl\u00e1. Spolu s n\u00e1mi se \u00fa\u010dastnily op\u011bt i gymnastky z T\u0159ince se svou tren\u00e9rkou.<\/p>\n<p>Po\u010das\u00ed se n\u00e1m letos opravdu vyvedlo a v podstat\u011b cel\u00fd t\u00fdden sv\u00edtilo slun\u00ed\u010dko a bylo kr\u00e1sn\u011b teplo. U\u017e tradi\u010dn\u011b bylo r\u00e1no p\u0159ed sn\u00eddan\u00ed v\u011bnov\u00e1no b\u011bhu, dopoledne a odpoledne pak tr\u00e9ninku, av\u0161ak \u010das se samoz\u0159ejm\u011b na\u0161el i na z\u00e1bavu. V\u011bt\u0161\u00ed d\u011bti\u00a0si u\u017eily wellness v nedalek\u00e9m hotelu Bauer, men\u0161\u00ed d\u011bti zase lanov\u00e9 centrum. Nechyb\u011bl ani v\u00fdlet nebo proch\u00e1zky po okol\u00ed.<\/p>\n<p>Leto\u0161n\u00ed celot\u00e1borov\u00e1 hra se nesla v duchu z\u00e1vod\u016f Formule 1, tak\u017ee holky byly rozd\u011bleny do dru\u017estev &#8211; st\u00e1j\u00ed. N\u00e1zvy dru\u017estev si volily d\u011bti sami, vedouc\u00ed st\u00e1je byly vybr\u00e1ni a pojmenov\u00e1ni tren\u00e9ry. Dru\u017estva byla n\u00e1sleduj\u00edc\u00ed &#8211;\u00a0Trabanti (vedouc\u00ed st\u00e1je Etel Asen-Asen), Sedm tlapek (Karl Adamik), Ohniv\u00ed gepardi (Nati Pszczolki), Rychl\u00edci (Wini \u017dak), Jednoro\u017eci (Ann Krejska), Duhov\u00ed jednoro\u017eci (Anna von Orel) a My\u0161ky (Neli Stepandi). Mezi sout\u011b\u017ee pat\u0159ily nap\u0159\u00edklad v\u00fdroba volant\u016f, kter\u00e9 byly n\u00e1sledn\u011b vyu\u017eity p\u0159i &#8222;rallye&#8220;, pok\u0159ik, ale taky t\u0159eba pantomima nebo orienta\u010dn\u00ed b\u011bh. V\u0161echna dru\u017estva si vedla skv\u011ble a tak um\u00edst\u011bn\u00ed byla p\u0159i kone\u010dn\u00e9m vyhl\u00e1\u0161en\u00ed velmi t\u011bsn\u00e1.<\/p>\n<p>Vrcholem leto\u0161n\u00edho soust\u0159ed\u011bn\u00ed byla \u010dtvrte\u010dn\u00ed diskot\u00e9ka, na kterou se v\u0161ichni t\u011b\u0161ili cel\u00fd t\u00fdden a kterou si nakonec bezvadn\u011b u\u017eili. Posledn\u00ed den prob\u011bhlo vyhl\u00e1\u0161en\u00ed celot\u00e1borov\u00e9 hry, kterou vyhr\u00e1la st\u00e1j Trabant\u016f, na druh\u00e9m m\u00edst\u011b se shodn\u011b um\u00edstili Ohniv\u00ed gepardi a Sedm tlapek. Taky byly vyhl\u00e1\u0161eny v\u00fdsledky silov\u00fdch test\u016f v jednotliv\u00fdch kategori\u00edch rozd\u011blen\u00fdch podle v\u011bku a \u00faklid pokoj\u016f, kde dva pokoje se shodn\u00fdm po\u010dtem bod\u016f vyhr\u00e1ly za po\u0159\u00e1dek dort. Je v\u0161ak nutn\u00e9 vyzdvihnout pokoj jedn\u011bch z nejmlad\u0161\u00edch hol\u010di\u010dek, kter\u00e9 cel\u00fd t\u00fdden udr\u017eovaly perfektn\u00ed po\u0159\u00e1dek. Bohu\u017eel posledn\u00ed den bodov\u00e1n\u00ed jim v\u00edt\u011bzstv\u00ed t\u011bsn\u011b uniklo, ale i tak si zaslou\u017eily aspo\u0148 cenu \u00fat\u011bchy.<\/p>\n<p>D\u011bkujeme v\u0161em d\u011btem i tren\u00e9r\u016fm za bezprobl\u00e9mov\u00fd pr\u016fb\u011bh soust\u0159ed\u011bn\u00ed a budeme se t\u011b\u0161it zase za rok!<\/p>\n<p>Fotky <a href=\"http:\/\/gkvitkovice.rajce.idnes.cz\/LVT_Bila_6.-11.8.2017\/\">ZDE<\/a><\/p>\n<div class=\"fb-like\" data-href=\"http:\/\/gkvitkovice.cz\/?p=1395\" data-layout=\"standard\" data-action=\"like\" data-size=\"small\" data-show-faces=\"true\" data-share=\"true\"><\/div>\n<p>&nbsp;<\/p>\n","protected":false},"excerpt":{"rendered":"<p><a href=\"http:\/\/gkvitkovice.cz\/wp-content\/uploads\/2017\/08\/P8060016.jpg\"><img loading=\"lazy\" class=\"size-medium wp-image-1396 alignleft\" src=\"http:\/\/gkvitkovice.cz\/wp-content\/uploads\/2017\/08\/P8060016-300x200.jpg\" alt=\"\" width=\"300\" height=\"200\" srcset=\"https:\/\/gkvitkovice.cz\/wp-content\/uploads\/2017\/08\/P8060016-300x200.jpg 300w, https:\/\/gkvitkovice.cz\/wp-content\/uploads\/2017\/08\/P8060016-768x512.jpg 768w, https:\/\/gkvitkovice.cz\/wp-content\/uploads\/2017\/08\/P8060016-1024x682.jpg 1024w, https:\/\/gkvitkovice.cz\/wp-content\/uploads\/2017\/08\/P8060016.jpg 2000w\" sizes=\"(max-width: 300px) 100vw, 300px\" \/><\/a>Jako ka\u017ed\u00fd rok jsme se i letos vydali v term\u00ednu 6. &#8211; 11. 8. 2017 na letn\u00ed soust\u0159ed\u011bn\u00ed do Horsk\u00e9 chaty B\u00edl\u00e1. Spolu s n\u00e1mi se \u00fa\u010dastnily op\u011bt i gymnastky z T\u0159ince se svou tren\u00e9rkou.<\/p>\n","protected":false},"author":1,"featured_media":0,"comment_status":"open","ping_status":"open","sticky":false,"template":"","format":"standard","meta":[],"categories":[8],"tags":[],"_links":{"self":[{"href":"https:\/\/gkvitkovice.cz\/index.php?rest_route=\/wp\/v2\/posts\/1395"}],"collection":[{"href":"https:\/\/gkvitkovice.cz\/index.php?rest_route=\/wp\/v2\/posts"}],"about":[{"href":"https:\/\/gkvitkovice.cz\/index.php?rest_route=\/wp\/v2\/types\/post"}],"author":[{"embeddable":true,"href":"https:\/\/gkvitkovice.cz\/index.php?rest_route=\/wp\/v2\/users\/1"}],"replies":[{"embeddable":true,"href":"https:\/\/gkvitkovice.cz\/index.php?rest_route=%2Fwp%2Fv2%2Fcomments&post=1395"}],"version-history":[{"count":5,"href":"https:\/\/gkvitkovice.cz\/index.php?rest_route=\/wp\/v2\/posts\/1395\/revisions"}],"predecessor-version":[{"id":1411,"href":"https:\/\/gkvitkovice.cz\/index.php?rest_route=\/wp\/v2\/posts\/1395\/revisions\/1411"}],"wp:attachment":[{"href":"https:\/\/gkvitkovice.cz\/index.php?rest_route=%2Fwp%2Fv2%2Fmedia&parent=1395"}],"wp:term":[{"taxonomy":"category","embeddable":true,"href":"https:\/\/gkvitkovice.cz\/index.php?rest_route=%2Fwp%2Fv2%2Fcategories&post=1395"},{"taxonomy":"post_tag","embeddable":true,"href":"https:\/\/gkvitkovice.cz\/index.php?rest_route=%2Fwp%2Fv2%2Ftags&post=1395"}],"curies":[{"name":"wp","href":"https:\/\/api.w.org\/{rel}","templated":true}]}}