{"id":1400,"date":"2017-08-27T10:37:47","date_gmt":"2017-08-27T10:37:47","guid":{"rendered":"http:\/\/gkvitkovice.cz\/?p=1400"},"modified":"2017-08-27T10:47:42","modified_gmt":"2017-08-27T10:47:42","slug":"zveme-vas-na-nabor-novych-clenu-2","status":"publish","type":"post","link":"https:\/\/gkvitkovice.cz\/?p=1400","title":{"rendered":"Zveme V\u00e1s na n\u00e1bor nov\u00fdch \u010dlen\u016f"},"content":{"rendered":"<p><a href=\"http:\/\/gkvitkovice.cz\/wp-content\/uploads\/2017\/08\/IMG_3926.jpg\"><img loading=\"lazy\" class=\"alignleft size-medium wp-image-1401\" src=\"http:\/\/gkvitkovice.cz\/wp-content\/uploads\/2017\/08\/IMG_3926-300x236.jpg\" alt=\"\" width=\"300\" height=\"236\" srcset=\"https:\/\/gkvitkovice.cz\/wp-content\/uploads\/2017\/08\/IMG_3926-300x236.jpg 300w, https:\/\/gkvitkovice.cz\/wp-content\/uploads\/2017\/08\/IMG_3926-768x605.jpg 768w, https:\/\/gkvitkovice.cz\/wp-content\/uploads\/2017\/08\/IMG_3926-1024x806.jpg 1024w\" sizes=\"(max-width: 300px) 100vw, 300px\" \/><\/a>P\u0159ihl\u00e1\u0161ku si m\u016f\u017eete st\u00e1hnout\u00a0<a href=\"http:\/\/gkvitkovice.cz\/?page_id=61\" target=\"_blank\" rel=\"noopener noreferrer\">ZDE<\/a>, po vypln\u011bn\u00ed ji za\u0161lete na e-mail gkvitkovice@seznam.cz<\/p>\n<p>Na z\u00e1klad\u011b p\u0159ihl\u00e1\u0161ky V\u00e1m za\u0161leme informace o term\u00ednu n\u00e1boru.<\/p>\n<div><\/div>\n<div>Budeme se t\u011b\u0161it!<\/div>\n<p>&nbsp;<\/p>\n","protected":false},"excerpt":{"rendered":"<p><a href=\"http:\/\/gkvitkovice.cz\/wp-content\/uploads\/2017\/08\/IMG_3926.jpg\"><img loading=\"lazy\" class=\"alignleft size-medium wp-image-1401\" src=\"http:\/\/gkvitkovice.cz\/wp-content\/uploads\/2017\/08\/IMG_3926-300x236.jpg\" alt=\"\" width=\"300\" height=\"236\" srcset=\"https:\/\/gkvitkovice.cz\/wp-content\/uploads\/2017\/08\/IMG_3926-300x236.jpg 300w, https:\/\/gkvitkovice.cz\/wp-content\/uploads\/2017\/08\/IMG_3926-768x605.jpg 768w, https:\/\/gkvitkovice.cz\/wp-content\/uploads\/2017\/08\/IMG_3926-1024x806.jpg 1024w\" sizes=\"(max-width: 300px) 100vw, 300px\" \/><\/a>P\u0159ihl\u00e1\u0161ku si m\u016f\u017eete st\u00e1hnout\u00a0<a href=\"http:\/\/gkvitkovice.cz\/?page_id=61\" target=\"_blank\" rel=\"noopener noreferrer\">ZDE<\/a>, po vypln\u011bn\u00ed ji za\u0161lete na e-mail gkvitkovice@seznam.cz<\/p>\n<p>Na z\u00e1klad\u011b p\u0159ihl\u00e1\u0161ky V\u00e1m za\u0161leme informace o term\u00ednu n\u00e1boru.<\/p>\n<div><\/div>\n<div>Budeme se t\u011b\u0161it!<\/div>\n<p>&nbsp;<\/p>\n","protected":false},"author":1,"featured_media":0,"comment_status":"open","ping_status":"open","sticky":false,"template":"","format":"standard","meta":[],"categories":[8],"tags":[],"_links":{"self":[{"href":"https:\/\/gkvitkovice.cz\/index.php?rest_route=\/wp\/v2\/posts\/1400"}],"collection":[{"href":"https:\/\/gkvitkovice.cz\/index.php?rest_route=\/wp\/v2\/posts"}],"about":[{"href":"https:\/\/gkvitkovice.cz\/index.php?rest_route=\/wp\/v2\/types\/post"}],"author":[{"embeddable":true,"href":"https:\/\/gkvitkovice.cz\/index.php?rest_route=\/wp\/v2\/users\/1"}],"replies":[{"embeddable":true,"href":"https:\/\/gkvitkovice.cz\/index.php?rest_route=%2Fwp%2Fv2%2Fcomments&post=1400"}],"version-history":[{"count":1,"href":"https:\/\/gkvitkovice.cz\/index.php?rest_route=\/wp\/v2\/posts\/1400\/revisions"}],"predecessor-version":[{"id":1402,"href":"https:\/\/gkvitkovice.cz\/index.php?rest_route=\/wp\/v2\/posts\/1400\/revisions\/1402"}],"wp:attachment":[{"href":"https:\/\/gkvitkovice.cz\/index.php?rest_route=%2Fwp%2Fv2%2Fmedia&parent=1400"}],"wp:term":[{"taxonomy":"category","embeddable":true,"href":"https:\/\/gkvitkovice.cz\/index.php?rest_route=%2Fwp%2Fv2%2Fcategories&post=1400"},{"taxonomy":"post_tag","embeddable":true,"href":"https:\/\/gkvitkovice.cz\/index.php?rest_route=%2Fwp%2Fv2%2Ftags&post=1400"}],"curies":[{"name":"wp","href":"https:\/\/api.w.org\/{rel}","templated":true}]}}