{"id":1403,"date":"2017-08-27T10:47:22","date_gmt":"2017-08-27T10:47:22","guid":{"rendered":"http:\/\/gkvitkovice.cz\/?p=1403"},"modified":"2017-08-27T10:47:22","modified_gmt":"2017-08-27T10:47:22","slug":"festival-sportacek","status":"publish","type":"post","link":"https:\/\/gkvitkovice.cz\/?p=1403","title":{"rendered":"Festival Spor\u0165\u00e1\u010dek"},"content":{"rendered":"<p><a href=\"http:\/\/gkvitkovice.cz\/wp-content\/uploads\/2017\/08\/WD_mail-podpis.png\"><img loading=\"lazy\" class=\"alignleft size-medium wp-image-1404\" src=\"http:\/\/gkvitkovice.cz\/wp-content\/uploads\/2017\/08\/WD_mail-podpis-300x68.png\" alt=\"\" width=\"300\" height=\"68\" srcset=\"https:\/\/gkvitkovice.cz\/wp-content\/uploads\/2017\/08\/WD_mail-podpis-300x68.png 300w, https:\/\/gkvitkovice.cz\/wp-content\/uploads\/2017\/08\/WD_mail-podpis.png 624w\" sizes=\"(max-width: 300px) 100vw, 300px\" \/><\/a>JI\u017e p\u0159\u00ed\u0161t\u00ed t\u00fdden v sobotu 2. 9. 2017 se bude na M\u011bstsk\u00e9m stadionu v Ostrav\u011b konat festival Spor\u0165\u00e1\u010dek.<\/p>\n<p>&nbsp;<\/p>\n<p>Na\u0161e d\u011bv\u010data vystoup\u00ed v \u010dase 13:15-13:30, podrobn\u00fd program festivalu si m\u016f\u017eete st\u00e1hnout <a href=\"http:\/\/gkvitkovice.cz\/wp-content\/uploads\/2017\/08\/ZDE.docx\">ZDE<\/a>.<\/p>\n<p>P\u0159ij\u010fte se pod\u00edvat!<\/p>\n<p>&nbsp;<\/p>\n","protected":false},"excerpt":{"rendered":"<p><a href=\"http:\/\/gkvitkovice.cz\/wp-content\/uploads\/2017\/08\/WD_mail-podpis.png\"><img loading=\"lazy\" class=\"alignleft size-medium wp-image-1404\" src=\"http:\/\/gkvitkovice.cz\/wp-content\/uploads\/2017\/08\/WD_mail-podpis-300x68.png\" alt=\"\" width=\"300\" height=\"68\" srcset=\"https:\/\/gkvitkovice.cz\/wp-content\/uploads\/2017\/08\/WD_mail-podpis-300x68.png 300w, https:\/\/gkvitkovice.cz\/wp-content\/uploads\/2017\/08\/WD_mail-podpis.png 624w\" sizes=\"(max-width: 300px) 100vw, 300px\" \/><\/a>JI\u017e p\u0159\u00ed\u0161t\u00ed t\u00fdden v sobotu 2. 9. 2017 se bude na M\u011bstsk\u00e9m stadionu v Ostrav\u011b konat festival Spor\u0165\u00e1\u010dek.<\/p>\n<p>&nbsp;<\/p>\n<p>Na\u0161e d\u011bv\u010data vystoup\u00ed v \u010dase 13:15-13:30, podrobn\u00fd program festivalu si m\u016f\u017eete st\u00e1hnout <a href=\"http:\/\/gkvitkovice.cz\/wp-content\/uploads\/2017\/08\/ZDE.docx\">ZDE<\/a>.<\/p>\n<p>P\u0159ij\u010fte se pod\u00edvat!<\/p>\n","protected":false},"author":1,"featured_media":0,"comment_status":"open","ping_status":"open","sticky":false,"template":"","format":"standard","meta":[],"categories":[8],"tags":[],"_links":{"self":[{"href":"https:\/\/gkvitkovice.cz\/index.php?rest_route=\/wp\/v2\/posts\/1403"}],"collection":[{"href":"https:\/\/gkvitkovice.cz\/index.php?rest_route=\/wp\/v2\/posts"}],"about":[{"href":"https:\/\/gkvitkovice.cz\/index.php?rest_route=\/wp\/v2\/types\/post"}],"author":[{"embeddable":true,"href":"https:\/\/gkvitkovice.cz\/index.php?rest_route=\/wp\/v2\/users\/1"}],"replies":[{"embeddable":true,"href":"https:\/\/gkvitkovice.cz\/index.php?rest_route=%2Fwp%2Fv2%2Fcomments&post=1403"}],"version-history":[{"count":1,"href":"https:\/\/gkvitkovice.cz\/index.php?rest_route=\/wp\/v2\/posts\/1403\/revisions"}],"predecessor-version":[{"id":1406,"href":"https:\/\/gkvitkovice.cz\/index.php?rest_route=\/wp\/v2\/posts\/1403\/revisions\/1406"}],"wp:attachment":[{"href":"https:\/\/gkvitkovice.cz\/index.php?rest_route=%2Fwp%2Fv2%2Fmedia&parent=1403"}],"wp:term":[{"taxonomy":"category","embeddable":true,"href":"https:\/\/gkvitkovice.cz\/index.php?rest_route=%2Fwp%2Fv2%2Fcategories&post=1403"},{"taxonomy":"post_tag","embeddable":true,"href":"https:\/\/gkvitkovice.cz\/index.php?rest_route=%2Fwp%2Fv2%2Ftags&post=1403"}],"curies":[{"name":"wp","href":"https:\/\/api.w.org\/{rel}","templated":true}]}}