{"id":1479,"date":"2017-10-06T07:11:54","date_gmt":"2017-10-06T07:11:54","guid":{"rendered":"http:\/\/gkvitkovice.cz\/?p=1479"},"modified":"2017-10-06T07:11:54","modified_gmt":"2017-10-06T07:11:54","slug":"den-otevrenych-dveri-na-sportovnim-gymnaziu-dany-a-emila-zatopkovych-2017","status":"publish","type":"post","link":"https:\/\/gkvitkovice.cz\/?p=1479","title":{"rendered":"Den otev\u0159en\u00fdch dve\u0159\u00ed na Sportovn\u00edm gymn\u00e1ziu Dany a Emila Z\u00e1topkov\u00fdch 2017"},"content":{"rendered":"<p><a href=\"http:\/\/gkvitkovice.cz\/wp-content\/uploads\/2017\/10\/DOD-2018.jpg\"><img loading=\"lazy\" class=\"alignleft size-medium wp-image-1480\" src=\"http:\/\/gkvitkovice.cz\/wp-content\/uploads\/2017\/10\/DOD-2018-212x300.jpg\" alt=\"\" width=\"212\" height=\"300\" srcset=\"https:\/\/gkvitkovice.cz\/wp-content\/uploads\/2017\/10\/DOD-2018-212x300.jpg 212w, https:\/\/gkvitkovice.cz\/wp-content\/uploads\/2017\/10\/DOD-2018.jpg 646w\" sizes=\"(max-width: 212px) 100vw, 212px\" \/><\/a>M\u00e1te Vy nebo Va\u0161e d\u011bti z\u00e1jem o studium na Sportovn\u00edm gymn\u00e1ziu Dany a Emila Z\u00e1topkov\u00fdch?<\/p>\n<p>P\u0159ij\u010fte se pod\u00edvat na Den otev\u0159en\u00fdch dve\u0159\u00ed, kter\u00fd se kon\u00e1 7. 11. 2017 od 16 hod.<\/p>\n","protected":false},"excerpt":{"rendered":"<p><a href=\"http:\/\/gkvitkovice.cz\/wp-content\/uploads\/2017\/10\/DOD-2018.jpg\"><img loading=\"lazy\" class=\"alignleft size-medium wp-image-1480\" src=\"http:\/\/gkvitkovice.cz\/wp-content\/uploads\/2017\/10\/DOD-2018-212x300.jpg\" alt=\"\" width=\"212\" height=\"300\" srcset=\"https:\/\/gkvitkovice.cz\/wp-content\/uploads\/2017\/10\/DOD-2018-212x300.jpg 212w, https:\/\/gkvitkovice.cz\/wp-content\/uploads\/2017\/10\/DOD-2018.jpg 646w\" sizes=\"(max-width: 212px) 100vw, 212px\" \/><\/a>M\u00e1te Vy nebo Va\u0161e d\u011bti z\u00e1jem o studium na Sportovn\u00edm gymn\u00e1ziu Dany a Emila Z\u00e1topkov\u00fdch?<\/p>\n<p>P\u0159ij\u010fte se pod\u00edvat na Den otev\u0159en\u00fdch dve\u0159\u00ed, kter\u00fd se kon\u00e1 7. 11. 2017 od 16 hod.<\/p>\n","protected":false},"author":1,"featured_media":0,"comment_status":"open","ping_status":"open","sticky":false,"template":"","format":"standard","meta":[],"categories":[8],"tags":[],"_links":{"self":[{"href":"https:\/\/gkvitkovice.cz\/index.php?rest_route=\/wp\/v2\/posts\/1479"}],"collection":[{"href":"https:\/\/gkvitkovice.cz\/index.php?rest_route=\/wp\/v2\/posts"}],"about":[{"href":"https:\/\/gkvitkovice.cz\/index.php?rest_route=\/wp\/v2\/types\/post"}],"author":[{"embeddable":true,"href":"https:\/\/gkvitkovice.cz\/index.php?rest_route=\/wp\/v2\/users\/1"}],"replies":[{"embeddable":true,"href":"https:\/\/gkvitkovice.cz\/index.php?rest_route=%2Fwp%2Fv2%2Fcomments&post=1479"}],"version-history":[{"count":1,"href":"https:\/\/gkvitkovice.cz\/index.php?rest_route=\/wp\/v2\/posts\/1479\/revisions"}],"predecessor-version":[{"id":1481,"href":"https:\/\/gkvitkovice.cz\/index.php?rest_route=\/wp\/v2\/posts\/1479\/revisions\/1481"}],"wp:attachment":[{"href":"https:\/\/gkvitkovice.cz\/index.php?rest_route=%2Fwp%2Fv2%2Fmedia&parent=1479"}],"wp:term":[{"taxonomy":"category","embeddable":true,"href":"https:\/\/gkvitkovice.cz\/index.php?rest_route=%2Fwp%2Fv2%2Fcategories&post=1479"},{"taxonomy":"post_tag","embeddable":true,"href":"https:\/\/gkvitkovice.cz\/index.php?rest_route=%2Fwp%2Fv2%2Ftags&post=1479"}],"curies":[{"name":"wp","href":"https:\/\/api.w.org\/{rel}","templated":true}]}}