{"id":1482,"date":"2017-10-09T12:29:37","date_gmt":"2017-10-09T12:29:37","guid":{"rendered":"http:\/\/gkvitkovice.cz\/?p=1482"},"modified":"2017-10-09T12:40:11","modified_gmt":"2017-10-09T12:40:11","slug":"prebor-mesta-prahy-2017","status":"publish","type":"post","link":"https:\/\/gkvitkovice.cz\/?p=1482","title":{"rendered":"P\u0159ebor m\u011bsta Prahy 2017"},"content":{"rendered":"<div id=\"fb-root\"><\/div>\n<p><script>(function(d, s, id) {\n  var js, fjs = d.getElementsByTagName(s)[0];\n  if (d.getElementById(id)) return;\n  js = d.createElement(s); js.id = id;\n  js.src = \"\/\/connect.facebook.net\/cs_CZ\/sdk.js#xfbml=1&version=v2.10\";\n  fjs.parentNode.insertBefore(js, fjs);\n}(document, 'script', 'facebook-jssdk'));<\/script><br \/>\n<a href=\"http:\/\/gkvitkovice.cz\/wp-content\/uploads\/2017\/10\/22228247_915701035234759_4687625150966359547_n.jpg\"><img loading=\"lazy\" class=\"alignleft size-medium wp-image-1486\" src=\"http:\/\/gkvitkovice.cz\/wp-content\/uploads\/2017\/10\/22228247_915701035234759_4687625150966359547_n-225x300.jpg\" alt=\"\" width=\"225\" height=\"300\" srcset=\"https:\/\/gkvitkovice.cz\/wp-content\/uploads\/2017\/10\/22228247_915701035234759_4687625150966359547_n-225x300.jpg 225w, https:\/\/gkvitkovice.cz\/wp-content\/uploads\/2017\/10\/22228247_915701035234759_4687625150966359547_n.jpg 720w\" sizes=\"(max-width: 225px) 100vw, 225px\" \/><\/a>Po sobotn\u00edm focen\u00ed do odd\u00edlov\u00e9ho kalend\u00e1\u0159e jsme se 8. 10. 2017 spole\u010dn\u011b se dv\u011bma ochotn\u00fdma maminkama (\u0159idi\u010dkama, kter\u00e9 vezly z\u00e1vodnice) a tat\u00ednkem vydali na p\u0159ebor do Prahy. Vraceli jsme se do Horn\u00edch Po\u010dernic op\u011bt po roce, aby se zde d\u011bv\u010data ro\u010dn\u00edku 2008 pokusila splnit\u00a0kategorii mlad\u0161\u00edch a star\u0161\u00edch \u017e\u00e1ky\u0148.<\/p>\n<p>Z\u00e1vod prob\u00edhal v ned\u011bli r\u00e1no. V prvn\u00edm sledu z\u00e1vodila v ZS <strong>Ad\u00e9lka Nykodymov\u00e1<\/strong>, kter\u00e1 si vedla naprosto skv\u011ble na v\u0161ech n\u00e1\u0159ad\u00edch a z\u00edskala zaslou\u017een\u011b skv\u011bl\u00e9 2.m\u00edsto a to v nejpo\u010detn\u011bj\u0161\u00ed kategorii tohoto z\u00e1vodu.<\/p>\n<p>D\u00e1le zde startovaly ve\u00a0kategorii Mlad\u0161\u00edch \u017e\u00e1ky\u0148 <strong>Hanka Horsinkov\u00e1<\/strong>, <strong>Ella Kosteleck\u00e1<\/strong> a <strong>Simona Kaczorov\u00e1<\/strong>. I tato d\u011bv\u010data si p\u0159es velkou konkurenci vedla skv\u011ble. V\u0161echna 3 d\u011bv\u010data bez jedin\u00e9ho p\u00e1du a v\u011bt\u0161\u00edch chyb s p\u0159ehledem splnila VS1 a je\u0161t\u011b k tomu p\u0159idala i skv\u011bl\u00e1 um\u00edst\u011bn\u00ed &#8211; Ella 2.m\u00edsto, Simona 3.m\u00edsto a Hanka 8.m\u00edsto.<\/p>\n<p>Ve stejn\u00e9m sledu startovala tak\u00e9 d\u011bv\u010data v kategorii VS1 star\u0161\u00ed. Zde si naprosto bez zav\u00e1h\u00e1n\u00ed a s p\u0159ehledem vedla na v\u0161ech n\u00e1\u0159ad\u00edch <strong>Aneta Nykodymov\u00e1<\/strong>, kter\u00e1 obsadila p\u0159\u00ed\u010dku nejvy\u0161\u0161\u00ed &#8211; 1.m\u00edsto, <strong>Ad\u00e9la Zdvihalov\u00e1<\/strong> se i p\u0159es prvotn\u00ed nezdar po p\u00e1du na kladin\u011b nevzdala a zabojovala a z\u00edskala kr\u00e1sn\u00e9 3.m\u00edsto, d\u00e1le zde startovala i <strong>Etela Asenov\u00e1<\/strong>, kter\u00e1 obsadila 6.m\u00edsto. V\u0161echna tato d\u011bv\u010data tak\u00e9 splnila VS1.<\/p>\n<p>D\u00e1le v kategorii VS2 star\u0161\u00ed startovala <strong>Nat\u00e1lie Najdekov\u00e1<\/strong>, kter\u00e1 bohu\u017eel spadla na kladin\u011b, ale i p\u0159esto vystoupala na hezk\u00e9 6.m\u00edsto.<\/p>\n<p>Cestou zp\u011bt jsme se zastavili v les\u00edch Vyso\u010diny a dom\u016f si nav\u00edc p\u0159ivezli 3 ta\u0161ky pln\u00e9 hub.<\/p>\n<p>Fotky <a href=\"http:\/\/gkvitkovice.rajce.idnes.cz\/Prebor_hl.m._Prahy_9.10.2017\/\">ZDE<\/a><\/p>\n<p>V\u00fdsledky <a href=\"http:\/\/www.gymfed.cz\/akce\/000\/913\/Praha_17%20-%20OPEN.pdf\">ZDE<\/a><\/p>\n<div class=\"fb-like\" data-href=\"http:\/\/gkvitkovice.cz\/?p=1482\" data-layout=\"standard\" data-action=\"like\" data-size=\"small\" data-show-faces=\"true\" data-share=\"true\"><\/div>\n<p>&nbsp;<\/p>\n","protected":false},"excerpt":{"rendered":"<p>Po sobotn\u00edm focen\u00ed do odd\u00edlov\u00e9ho kalend\u00e1\u0159e jsme se 8. 10. 2017 spole\u010dn\u011b se dv\u011bma ochotn\u00fdma maminkama (\u0159idi\u010dkama, kter\u00e9 vezly z\u00e1vodnice)<\/p>\n","protected":false},"author":1,"featured_media":0,"comment_status":"open","ping_status":"open","sticky":false,"template":"","format":"standard","meta":[],"categories":[8],"tags":[],"_links":{"self":[{"href":"https:\/\/gkvitkovice.cz\/index.php?rest_route=\/wp\/v2\/posts\/1482"}],"collection":[{"href":"https:\/\/gkvitkovice.cz\/index.php?rest_route=\/wp\/v2\/posts"}],"about":[{"href":"https:\/\/gkvitkovice.cz\/index.php?rest_route=\/wp\/v2\/types\/post"}],"author":[{"embeddable":true,"href":"https:\/\/gkvitkovice.cz\/index.php?rest_route=\/wp\/v2\/users\/1"}],"replies":[{"embeddable":true,"href":"https:\/\/gkvitkovice.cz\/index.php?rest_route=%2Fwp%2Fv2%2Fcomments&post=1482"}],"version-history":[{"count":7,"href":"https:\/\/gkvitkovice.cz\/index.php?rest_route=\/wp\/v2\/posts\/1482\/revisions"}],"predecessor-version":[{"id":1490,"href":"https:\/\/gkvitkovice.cz\/index.php?rest_route=\/wp\/v2\/posts\/1482\/revisions\/1490"}],"wp:attachment":[{"href":"https:\/\/gkvitkovice.cz\/index.php?rest_route=%2Fwp%2Fv2%2Fmedia&parent=1482"}],"wp:term":[{"taxonomy":"category","embeddable":true,"href":"https:\/\/gkvitkovice.cz\/index.php?rest_route=%2Fwp%2Fv2%2Fcategories&post=1482"},{"taxonomy":"post_tag","embeddable":true,"href":"https:\/\/gkvitkovice.cz\/index.php?rest_route=%2Fwp%2Fv2%2Ftags&post=1482"}],"curies":[{"name":"wp","href":"https:\/\/api.w.org\/{rel}","templated":true}]}}