{"id":1512,"date":"2017-10-21T17:32:50","date_gmt":"2017-10-21T17:32:50","guid":{"rendered":"http:\/\/gkvitkovice.cz\/?p=1512"},"modified":"2017-10-22T19:35:30","modified_gmt":"2017-10-22T19:35:30","slug":"vitkovice-cup-2017","status":"publish","type":"post","link":"https:\/\/gkvitkovice.cz\/?p=1512","title":{"rendered":"V\u00edtkovice Cup 2017"},"content":{"rendered":"<div id=\"fb-root\"><\/div>\n<p><script>(function(d, s, id) {\n  var js, fjs = d.getElementsByTagName(s)[0];\n  if (d.getElementById(id)) return;\n  js = d.createElement(s); js.id = id;\n  js.src = 'https:\/\/connect.facebook.net\/cs_CZ\/sdk.js#xfbml=1&version=v2.10';\n  fjs.parentNode.insertBefore(js, fjs);\n}(document, 'script', 'facebook-jssdk'));<\/script><br \/>\n<a href=\"http:\/\/gkvitkovice.cz\/wp-content\/uploads\/2017\/10\/PA210060-e1508605983359.jpg\"><img loading=\"lazy\" class=\"alignleft size-medium wp-image-1514\" src=\"http:\/\/gkvitkovice.cz\/wp-content\/uploads\/2017\/10\/PA210060-e1508605983359-200x300.jpg\" alt=\"\" width=\"200\" height=\"300\" srcset=\"https:\/\/gkvitkovice.cz\/wp-content\/uploads\/2017\/10\/PA210060-e1508605983359-200x300.jpg 200w, https:\/\/gkvitkovice.cz\/wp-content\/uploads\/2017\/10\/PA210060-e1508605983359-768x1152.jpg 768w, https:\/\/gkvitkovice.cz\/wp-content\/uploads\/2017\/10\/PA210060-e1508605983359-683x1024.jpg 683w\" sizes=\"(max-width: 200px) 100vw, 200px\" \/><\/a>V sobotu 21. 10. 2017 se konal ji\u017e 33. ro\u010dn\u00edk na\u0161eho mezin\u00e1rodn\u00edho z\u00e1vodu V\u00edtkovice Cup. Letos jsme m\u011bli v z\u00e1vod\u011b v\u011bt\u0161\u00ed zastoupen\u00ed\u00a0ne\u017e loni a poda\u0159ilo se n\u00e1m z\u00edskat zlatou medaili, a to z\u00e1sluhou Laury Smolecov\u00e9.<\/p>\n<p>V kategorii \u017d\u00e1kyn\u011b B\u00a0z\u00e1vodilo nejv\u00edce na\u0161ich gymnastek a nejl\u00e9pe se vedlo <strong>Be\u00e1t\u011b \u017d\u00e1kov\u00e9<\/strong>, kter\u00e1 se ve velk\u00e9 konkurenci um\u00edstila na 16. m\u00edst\u011b. D\u00e1le se <strong>Lucie Fry\u010dov\u00e1<\/strong> um\u00edstila na 18. m\u00edst\u011b, <strong>Roz\u00e1lie O\u017eanov\u00e1<\/strong> na 26. m\u00edst\u011b, <strong>Ad\u00e9la \u010c\u00e1pov\u00e1<\/strong> na 27. m\u00edst\u011b a <strong>Lucie G\u0159e\u0161ov\u00e1<\/strong> na 28. m\u00edst\u011b.<\/p>\n<p>V kategorii \u017d\u00e1kyn\u011b A n\u00e1s reprezentovala <strong>Winona \u017d\u00e1kov\u00e1<\/strong>, kter\u00e1 se po v\u00edce ne\u017e ro\u010dn\u00ed zdravotn\u00ed pauze vr\u00e1tila do pln\u00e9ho tr\u00e9ninku a V\u00edtkovice Cup byl jej\u00edm prvn\u00edm startem. Po velmi p\u011bkn\u00e9m v\u00fdkonu obsadila hezk\u00e9 5. m\u00edsto.<\/p>\n<p>V kategorii \u017den a juniorek si nejl\u00e9pe vedla\u00a0<strong>Laura Smolecov\u00e1<\/strong>, kter\u00e9 se\u00a0povedlo vybojovat zlato, <strong>Eli\u0161ka Petrov\u00e1<\/strong> se um\u00edstila na 5. m\u00edst\u011b.<\/p>\n<p><a href=\"http:\/\/gkvitkovice.cz\/wp-content\/uploads\/2017\/10\/PA210109-e1508607104627.jpg\"><img loading=\"lazy\" class=\"alignleft size-medium wp-image-1516\" src=\"http:\/\/gkvitkovice.cz\/wp-content\/uploads\/2017\/10\/PA210109-e1508607104627-200x300.jpg\" alt=\"\" width=\"200\" height=\"300\" srcset=\"https:\/\/gkvitkovice.cz\/wp-content\/uploads\/2017\/10\/PA210109-e1508607104627-200x300.jpg 200w, https:\/\/gkvitkovice.cz\/wp-content\/uploads\/2017\/10\/PA210109-e1508607104627-768x1152.jpg 768w, https:\/\/gkvitkovice.cz\/wp-content\/uploads\/2017\/10\/PA210109-e1508607104627-683x1024.jpg 683w\" sizes=\"(max-width: 200px) 100vw, 200px\" \/><\/a>Div\u00e1cky nejaktraktivn\u011bj\u0161\u00ed byl jist\u011b z\u00e1v\u011bre\u010dn\u00fd z\u00e1vod kategorie Kadetek, pro kter\u00e9 byl tento z\u00e1vod kvalifika\u010dn\u00edm na Z\u00e1vod OH nad\u011bj\u00ed. V t\u00e9to kategorii jsme m\u011bli zastoupen\u00ed dvou gymnastek. <strong>Nela \u0160t\u011bpandov\u00e1<\/strong> zacvi\u010dila kr\u00e1sn\u011b bradla a prostn\u00e1 a p\u0159esto\u017ee se nevyhnula p\u00e1du z kladiny, tak obsadila 9. m\u00edsto.\u00a0Neb\u00fdt jej\u00edho n\u00edzk\u00e9ho v\u011bku (ro\u010dn\u00edk 2006) vybojovala by si sv\u00e9 m\u00edsto v dru\u017estvu na Z\u00e1vod OH nad\u011bj\u00ed.\u00a0<strong>Lenka Jaskovi\u010dov\u00e1<\/strong> bohu\u017eel po t\u0159ech p\u00e1dech z kladiny obsadila 22. m\u00edsto.<\/p>\n<p>Z\u00e1vodnic\u00edm i tren\u00e9r\u016fm gratulujeme!<\/p>\n<p>Z\u00e1rove\u0148 d\u011bkujeme rozhod\u010d\u00edm i ostatn\u00edm, kte\u0159\u00ed se pod\u00edleli na organizaci z\u00e1vodu. Z\u00edtra n\u00e1\u0161 \u010dek\u00e1 je\u0161t\u011b z\u00e1vod pro nejmen\u0161\u00ed d\u011bti &#8211; Baby Gym Cup. P\u0159ij\u010fte se pod\u00edvat a povzbudit na\u0161e z\u00e1vodnice.<\/p>\n<p>Fotky <a href=\"https:\/\/gkvitkovice.rajce.idnes.cz\/Vitkovice_Cup_21.10.2017\">ZDE<\/a><\/p>\n<p>Elektronick\u00e9 v\u00fdsledky <a href=\"http:\/\/www.gymfed.cz\/vysledky\/detail\/773?kategorie=1583\">ZDE<\/a><\/p>\n<div class=\"fb-like\" data-href=\"http:\/\/gkvitkovice.cz\/?p=1512\" data-layout=\"standard\" data-action=\"like\" data-size=\"small\" data-show-faces=\"true\" data-share=\"true\"><\/div>\n","protected":false},"excerpt":{"rendered":"<p><a href=\"http:\/\/gkvitkovice.cz\/wp-content\/uploads\/2017\/10\/PA210060-e1508605983359.jpg\"><img loading=\"lazy\" class=\"alignleft size-medium wp-image-1514\" src=\"http:\/\/gkvitkovice.cz\/wp-content\/uploads\/2017\/10\/PA210060-e1508605983359-200x300.jpg\" alt=\"\" width=\"200\" height=\"300\" srcset=\"https:\/\/gkvitkovice.cz\/wp-content\/uploads\/2017\/10\/PA210060-e1508605983359-200x300.jpg 200w, https:\/\/gkvitkovice.cz\/wp-content\/uploads\/2017\/10\/PA210060-e1508605983359-768x1152.jpg 768w, https:\/\/gkvitkovice.cz\/wp-content\/uploads\/2017\/10\/PA210060-e1508605983359-683x1024.jpg 683w\" sizes=\"(max-width: 200px) 100vw, 200px\" \/><\/a>V sobotu 21. 10. 2017 se konal ji\u017e 33. ro\u010dn\u00edk na\u0161eho mezin\u00e1rodn\u00edho z\u00e1vodu V\u00edtkovice Cup. Letos jsme m\u011bli v z\u00e1vod\u011b v\u011bt\u0161\u00ed zastoupen\u00ed\u00a0ne\u017e loni a poda\u0159ilo se n\u00e1m z\u00edskat zlatou medaili, a to z\u00e1sluhou Laury Smolecov\u00e9.<\/p>\n","protected":false},"author":1,"featured_media":0,"comment_status":"open","ping_status":"open","sticky":false,"template":"","format":"standard","meta":[],"categories":[8],"tags":[],"_links":{"self":[{"href":"https:\/\/gkvitkovice.cz\/index.php?rest_route=\/wp\/v2\/posts\/1512"}],"collection":[{"href":"https:\/\/gkvitkovice.cz\/index.php?rest_route=\/wp\/v2\/posts"}],"about":[{"href":"https:\/\/gkvitkovice.cz\/index.php?rest_route=\/wp\/v2\/types\/post"}],"author":[{"embeddable":true,"href":"https:\/\/gkvitkovice.cz\/index.php?rest_route=\/wp\/v2\/users\/1"}],"replies":[{"embeddable":true,"href":"https:\/\/gkvitkovice.cz\/index.php?rest_route=%2Fwp%2Fv2%2Fcomments&post=1512"}],"version-history":[{"count":8,"href":"https:\/\/gkvitkovice.cz\/index.php?rest_route=\/wp\/v2\/posts\/1512\/revisions"}],"predecessor-version":[{"id":1526,"href":"https:\/\/gkvitkovice.cz\/index.php?rest_route=\/wp\/v2\/posts\/1512\/revisions\/1526"}],"wp:attachment":[{"href":"https:\/\/gkvitkovice.cz\/index.php?rest_route=%2Fwp%2Fv2%2Fmedia&parent=1512"}],"wp:term":[{"taxonomy":"category","embeddable":true,"href":"https:\/\/gkvitkovice.cz\/index.php?rest_route=%2Fwp%2Fv2%2Fcategories&post=1512"},{"taxonomy":"post_tag","embeddable":true,"href":"https:\/\/gkvitkovice.cz\/index.php?rest_route=%2Fwp%2Fv2%2Ftags&post=1512"}],"curies":[{"name":"wp","href":"https:\/\/api.w.org\/{rel}","templated":true}]}}