{"id":1522,"date":"2017-10-22T20:01:09","date_gmt":"2017-10-22T20:01:09","guid":{"rendered":"http:\/\/gkvitkovice.cz\/?p=1522"},"modified":"2017-10-22T20:02:26","modified_gmt":"2017-10-22T20:02:26","slug":"baby-gym-cup-2017","status":"publish","type":"post","link":"https:\/\/gkvitkovice.cz\/?p=1522","title":{"rendered":"Baby Gym Cup 2017"},"content":{"rendered":"<div id=\"fb-root\"><\/div>\n<p><script>(function(d, s, id) {\n  var js, fjs = d.getElementsByTagName(s)[0];\n  if (d.getElementById(id)) return;\n  js = d.createElement(s); js.id = id;\n  js.src = 'https:\/\/connect.facebook.net\/cs_CZ\/sdk.js#xfbml=1&version=v2.10';\n  fjs.parentNode.insertBefore(js, fjs);\n}(document, 'script', 'facebook-jssdk'));<\/script><br \/>\n<a href=\"http:\/\/gkvitkovice.cz\/wp-content\/uploads\/2017\/10\/PA220445.jpg\"><img loading=\"lazy\" class=\"alignleft size-medium wp-image-1524\" src=\"http:\/\/gkvitkovice.cz\/wp-content\/uploads\/2017\/10\/PA220445-300x200.jpg\" alt=\"\" width=\"300\" height=\"200\" srcset=\"https:\/\/gkvitkovice.cz\/wp-content\/uploads\/2017\/10\/PA220445-300x200.jpg 300w, https:\/\/gkvitkovice.cz\/wp-content\/uploads\/2017\/10\/PA220445-768x512.jpg 768w, https:\/\/gkvitkovice.cz\/wp-content\/uploads\/2017\/10\/PA220445-1024x683.jpg 1024w\" sizes=\"(max-width: 300px) 100vw, 300px\" \/><\/a>V ned\u011bli 22. 10. 2017 se hned po V\u00edtkovice Cupu konal druh\u00fd z na\u0161ich tradi\u010dn\u00edch z\u00e1vod\u016f ur\u010den\u00fd pro nejmen\u0161\u00ed gymnastky, Baby Gym Cup. Leto\u0161n\u00edho ro\u010dn\u00edku se \u00fa\u010dastnilo t\u00e9m\u011b\u0159 200 d\u011bt\u00ed a i v t\u00e9to velk\u00e9 konkurenci se n\u00e1m poda\u0159ilo z\u00edskat 2 medaile &#8211; bronzovou z\u00e1sluhou Kate\u0159iny B\u00e1rtkov\u00e9 a st\u0159\u00edbrnou z\u00e1sluhou Klaudie Hynek.<\/p>\n<p>Nejmlad\u0161\u00ed kategorie Mini se letos \u00fa\u010dastnilo v\u00edce ne\u017e 50 d\u011bt\u00ed a proto byla p\u0159i vyhla\u0161ov\u00e1n\u00ed v\u00fdsledk\u016f rozd\u011blena na ro\u010dn\u00edky 2012-2013 a 2011.<\/p>\n<p><a href=\"http:\/\/gkvitkovice.cz\/wp-content\/uploads\/2017\/10\/PA220447-e1508702373278.jpg\"><img loading=\"lazy\" class=\"alignleft size-medium wp-image-1527\" src=\"http:\/\/gkvitkovice.cz\/wp-content\/uploads\/2017\/10\/PA220447-e1508702373278-200x300.jpg\" alt=\"\" width=\"200\" height=\"300\" srcset=\"https:\/\/gkvitkovice.cz\/wp-content\/uploads\/2017\/10\/PA220447-e1508702373278-200x300.jpg 200w, https:\/\/gkvitkovice.cz\/wp-content\/uploads\/2017\/10\/PA220447-e1508702373278-768x1152.jpg 768w, https:\/\/gkvitkovice.cz\/wp-content\/uploads\/2017\/10\/PA220447-e1508702373278-683x1024.jpg 683w\" sizes=\"(max-width: 200px) 100vw, 200px\" \/><\/a>V\u00fdsledky:<\/p>\n<p><em>Kategorie Mini 2012-2013: <\/em><strong>Frederika Prutkayov\u00e1<\/strong> 6. m\u00edsto, <strong>Elen Kantorov\u00e1<\/strong> 12. m\u00edsto, <strong>Zoe Kol\u00e1\u0159ov\u00e1<\/strong> 15. m\u00edsto<\/p>\n<p><em>Kategorie Mini 2011:\u00a0<\/em><strong>Linda Rakov\u00e1<\/strong> 7. m\u00edsto, <strong>Ad\u00e9la Chudov\u00e1<\/strong> 9. m\u00edsto, <strong>Michaela Vavro\u0161ov\u00e1<\/strong> 19. m\u00edsto, <strong>Julie Biolkov\u00e1<\/strong> 22. m\u00edsto, <strong>Jana Stryjov\u00e1<\/strong> 31. m\u00edsto, <strong>Karol\u00edna Cich\u00e1<\/strong> 32. m\u00edsto, <strong>Tereza \u0160t\u011bp\u00e1nov\u00e1<\/strong> 34. m\u00edsto, <strong>Am\u00e1lie Jakobov\u00e1<\/strong> 36. m\u00edsto<\/p>\n<p><em>Kategorie P\u0159\u00edpravka:\u00a0<\/em><strong>Kate\u0159ina B\u00e1rtkov\u00e1\u00a0<\/strong>3. m\u00edsto,\u00a0<strong>Ad\u00e9la Nykodymov\u00e1\u00a0<\/strong>4. m\u00edsto,\u00a0<strong>Nela Hl\u00e1vkov\u00e1\u00a0<\/strong>13. m\u00edsto,\u00a0<strong>Aneta Nen\u00ed\u010dkov\u00e1\u00a0<\/strong>16. m\u00edsto,\u00a0<strong>Ane\u017eka Pokorn\u00e1\u00a0<\/strong>33. m\u00edsto,\u00a0<strong>Vendula Mal\u00edkov\u00e1\u00a0<\/strong>42. m\u00edsto<\/p>\n<p><em>Kategorie Nejmlad\u0161\u00ed \u017e\u00e1kyn\u011b:\u00a0<\/em><strong>Anita \u0160a\u010diri\u00a0<\/strong>19. m\u00edsto,\u00a0<strong>Jana Kus\u00e1kov\u00e1\u00a0<\/strong>23. m\u00edsto<\/p>\n<p><em>Kategorie Mlad\u0161\u00ed \u017e\u00e1kyn\u011b:\u00a0<\/em><strong>Klaudie Hynek\u00a0<\/strong>2. m\u00edsto,\u00a0<strong>Tereza Gromnicov\u00e1\u00a0<\/strong>4. m\u00edsto,\u00a0<strong>Nat\u00e1lie Papou\u0161kov\u00e1\u00a0<\/strong>7. m\u00edsto,\u00a0<strong>Ella Kosteleck\u00e1\u00a0<\/strong>8. m\u00edsto,\u00a0<strong>Simona Kaczorov\u00e1\u00a0<\/strong>14. m\u00edsto,\u00a0<strong>S\u00e1ra Sta\u0148kov\u00e1\u00a0<\/strong>15. m\u00edsto,\u00a0<strong>Hana Horsinkov\u00e1\u00a0<\/strong>19. m\u00edsto<\/p>\n<p><em><a href=\"http:\/\/gkvitkovice.cz\/wp-content\/uploads\/2017\/10\/PA220138.jpg\"><img loading=\"lazy\" class=\"alignleft size-medium wp-image-1528\" src=\"http:\/\/gkvitkovice.cz\/wp-content\/uploads\/2017\/10\/PA220138-300x200.jpg\" alt=\"\" width=\"300\" height=\"200\" srcset=\"https:\/\/gkvitkovice.cz\/wp-content\/uploads\/2017\/10\/PA220138-300x200.jpg 300w, https:\/\/gkvitkovice.cz\/wp-content\/uploads\/2017\/10\/PA220138-768x512.jpg 768w, https:\/\/gkvitkovice.cz\/wp-content\/uploads\/2017\/10\/PA220138-1024x683.jpg 1024w\" sizes=\"(max-width: 300px) 100vw, 300px\" \/><\/a>Kategorie Mlad\u0161\u00ed \u017e\u00e1kyn\u011b A:\u00a0<\/em><strong>Lucie Fry\u010dov\u00e1\u00a0<\/strong>4. m\u00edsto,\u00a0<strong>Roz\u00e1lie O\u017eanov\u00e1\u00a0<\/strong>6. m\u00edsto,\u00a0<strong>Be\u00e1ta \u017d\u00e1kov\u00e1\u00a0<\/strong>12. m\u00edsto,\u00a0<strong>Lucie G\u0159e\u0161ov\u00e1\u00a0<\/strong>15. m\u00edsto,\u00a0<strong>Veronika Koci\u00e1nov\u00e1\u00a0<\/strong>18. m\u00edsto,\u00a0<strong>Ad\u00e9la \u010c\u00e1pov\u00e1\u00a0<\/strong>19. m\u00edsto,\u00a0<strong>So\u0148a Kocourkov\u00e1\u00a0<\/strong>21. m\u00edsto,\u00a0<strong>Dominika Friedrichov\u00e1\u00a0<\/strong>23. m\u00edsto,\u00a0<strong>Aneta Nykodymov\u00e1\u00a0<\/strong>26. m\u00edsto<\/p>\n<p><em>Kategorie Star\u0161\u00ed \u017e\u00e1kyn\u011b:\u00a0<\/em><strong>Winona \u017d\u00e1kov\u00e1\u00a0<\/strong>5. m\u00edsto,\u00a0<strong>Anna Kr\u00fdsov\u00e1\u00a0<\/strong>14. m\u00edsto,\u00a0<strong>Ad\u00e9la Zdvihalov\u00e1\u00a0<\/strong>18. m\u00edsto<\/p>\n<p>Z\u00e1vodnic\u00edm i tren\u00e9r\u016fm moc gratulujeme!<\/p>\n<p>Z\u00e1rove\u0148 d\u011bkujeme v\u0161em rozhod\u010d\u00edm i ostatn\u00edm, kte\u0159\u00ed se pod\u00edleli na hladk\u00e9m pr\u016fb\u011bhu z\u00e1vodu. Tak\u00e9 d\u011bkujeme tren\u00e9r\u016fm, rodi\u010d\u016fm i dal\u0161\u00edm, kte\u0159\u00ed n\u00e1m pomohli s p\u0159\u00edpravou i z\u00e1v\u011bre\u010dn\u00fdm \u00faklidem n\u00e1\u0159ad\u00ed &#8211; bez V\u00e1s by to ne\u0161lo, <strong>D\u00cdKY!<\/strong><\/p>\n<p>Fotky <a href=\"https:\/\/gkvitkovice.rajce.idnes.cz\/Baby_Gym_Cup_22.10.2017\">ZDE<\/a><\/p>\n<p>Elektronick\u00e9 v\u00fdsledky <a href=\"http:\/\/www.gymfed.cz\/vysledky\/detail\/1020?kategorie=1541\">ZDE<\/a><\/p>\n<div class=\"fb-like\" data-href=\"http:\/\/gkvitkovice.cz\/?p=1522\" data-layout=\"standard\" data-action=\"like\" data-size=\"small\" data-show-faces=\"true\" data-share=\"true\"><\/div>\n","protected":false},"excerpt":{"rendered":"<p><a href=\"http:\/\/gkvitkovice.cz\/wp-content\/uploads\/2017\/10\/PA220445.jpg\"><img loading=\"lazy\" class=\"alignleft size-medium wp-image-1524\" src=\"http:\/\/gkvitkovice.cz\/wp-content\/uploads\/2017\/10\/PA220445-300x200.jpg\" alt=\"\" width=\"300\" height=\"200\" srcset=\"https:\/\/gkvitkovice.cz\/wp-content\/uploads\/2017\/10\/PA220445-300x200.jpg 300w, https:\/\/gkvitkovice.cz\/wp-content\/uploads\/2017\/10\/PA220445-768x512.jpg 768w, https:\/\/gkvitkovice.cz\/wp-content\/uploads\/2017\/10\/PA220445-1024x683.jpg 1024w\" sizes=\"(max-width: 300px) 100vw, 300px\" \/><\/a>V ned\u011bli 22. 10. 2017 se hned po V\u00edtkovice Cupu konal druh\u00fd z na\u0161ich tradi\u010dn\u00edch z\u00e1vod\u016f ur\u010den\u00fd pro nejmen\u0161\u00ed gymnastky, Baby Gym Cup. Leto\u0161n\u00edho ro\u010dn\u00edku se \u00fa\u010dastnilo t\u00e9m\u011b\u0159 200 d\u011bt\u00ed a i v t\u00e9to velk\u00e9 konkurenci se n\u00e1m poda\u0159ilo z\u00edskat 2 medaile &#8211; bronzovou z\u00e1sluhou Kate\u0159iny B\u00e1rtkov\u00e9 a st\u0159\u00edbrnou z\u00e1sluhou Klaudie Hynek.<\/p>\n","protected":false},"author":1,"featured_media":0,"comment_status":"open","ping_status":"open","sticky":false,"template":"","format":"standard","meta":[],"categories":[8],"tags":[],"_links":{"self":[{"href":"https:\/\/gkvitkovice.cz\/index.php?rest_route=\/wp\/v2\/posts\/1522"}],"collection":[{"href":"https:\/\/gkvitkovice.cz\/index.php?rest_route=\/wp\/v2\/posts"}],"about":[{"href":"https:\/\/gkvitkovice.cz\/index.php?rest_route=\/wp\/v2\/types\/post"}],"author":[{"embeddable":true,"href":"https:\/\/gkvitkovice.cz\/index.php?rest_route=\/wp\/v2\/users\/1"}],"replies":[{"embeddable":true,"href":"https:\/\/gkvitkovice.cz\/index.php?rest_route=%2Fwp%2Fv2%2Fcomments&post=1522"}],"version-history":[{"count":3,"href":"https:\/\/gkvitkovice.cz\/index.php?rest_route=\/wp\/v2\/posts\/1522\/revisions"}],"predecessor-version":[{"id":1531,"href":"https:\/\/gkvitkovice.cz\/index.php?rest_route=\/wp\/v2\/posts\/1522\/revisions\/1531"}],"wp:attachment":[{"href":"https:\/\/gkvitkovice.cz\/index.php?rest_route=%2Fwp%2Fv2%2Fmedia&parent=1522"}],"wp:term":[{"taxonomy":"category","embeddable":true,"href":"https:\/\/gkvitkovice.cz\/index.php?rest_route=%2Fwp%2Fv2%2Fcategories&post=1522"},{"taxonomy":"post_tag","embeddable":true,"href":"https:\/\/gkvitkovice.cz\/index.php?rest_route=%2Fwp%2Fv2%2Ftags&post=1522"}],"curies":[{"name":"wp","href":"https:\/\/api.w.org\/{rel}","templated":true}]}}