{"id":1544,"date":"2017-10-29T20:04:24","date_gmt":"2017-10-29T20:04:24","guid":{"rendered":"http:\/\/gkvitkovice.cz\/?p=1544"},"modified":"2017-10-29T20:04:24","modified_gmt":"2017-10-29T20:04:24","slug":"lvt-brno-2017","status":"publish","type":"post","link":"https:\/\/gkvitkovice.cz\/?p=1544","title":{"rendered":"LVT Brno 2017"},"content":{"rendered":"<p><a href=\"http:\/\/gkvitkovice.cz\/wp-content\/uploads\/2017\/10\/IMG_9144.jpg\"><img loading=\"lazy\" class=\"alignleft size-medium wp-image-1546\" src=\"http:\/\/gkvitkovice.cz\/wp-content\/uploads\/2017\/10\/IMG_9144-300x200.jpg\" alt=\"\" width=\"300\" height=\"200\" srcset=\"https:\/\/gkvitkovice.cz\/wp-content\/uploads\/2017\/10\/IMG_9144-300x200.jpg 300w, https:\/\/gkvitkovice.cz\/wp-content\/uploads\/2017\/10\/IMG_9144-768x512.jpg 768w, https:\/\/gkvitkovice.cz\/wp-content\/uploads\/2017\/10\/IMG_9144-1024x682.jpg 1024w, https:\/\/gkvitkovice.cz\/wp-content\/uploads\/2017\/10\/IMG_9144.jpg 2000w\" sizes=\"(max-width: 300px) 100vw, 300px\" \/><\/a>Samoz\u0159ejm\u011b i letos jsme se \u00fa\u010dastnili letn\u00edho soust\u0159ed\u011bn\u00ed v Brn\u011b. Po komplikac\u00edch s malov\u00e1n\u00edm a rekonstrukc\u00ed t\u011blocvi\u010dny a\u017e v pozdn\u00edm srpnov\u00e9m term\u00ednu (13. &#8211; 17. 8. 2017), ale jako v\u017edy moc r\u00e1di, \u017ee n\u00e1m byl pobyt umo\u017en\u011bn.<br \/>\nCo jsme za t\u011bch p\u011bt dn\u00ed pro\u017eili se m\u016f\u017eete pod\u00edvat ve foto albu na Raj\u010deti, ale osobn\u011b se mi nejv\u00edce l\u00edbil (krom\u011b tr\u00e9nov\u00e1n\u00ed) celodenn\u00ed v\u00fdlet do Bonga a na baz\u00e9n, zakon\u010den\u00fd ne\u010dekan\u00fdm gymnastick\u00fdm vystoupen\u00edm v parku, kde na \u017eivo hr\u00e1la skupina, kter\u00e1 holky vyzvala k vystoupen\u00ed. Ty p\u016fsobily naprosto profesion\u00e1ln\u011b, jakoby to m\u011bly nacvi\u010den\u00e9 \ud83d\ude42<br \/>\nLeto\u0161n\u00ed ro\u010dn\u00edk byl krom\u011b cvi\u010den\u00ed, her a sout\u011b\u017e\u00ed zvl\u00e1\u0161tn\u00ed t\u00edm, \u017ee si v\u0161ichni museli vyplnit den\u00edk.<br \/>\nMoc d\u011bkujeme v\u0161em z\u00fa\u010dastn\u011bn\u00fdm za skv\u011bl\u00e9 z\u00e1\u017eitky. V\u0161ichni byli \u00fa\u017easn\u00ed!!! Gabriela Hynek, Lucie Papou\u0161kov\u00e1<br \/>\nA kdo byl?: Dom\u010da Fiedrichov\u00e1, Terka Gromnicov\u00e1, Luci G\u0159e\u0161ov\u00e1, Klaudi a Kuba Hynkovi, Ani\u010dka Kr\u00fdsov\u00e1 a Natka a Tonda Papou\u0161kovi.<\/p>\n<p>Fotky <a href=\"https:\/\/gkvitkovice.rajce.idnes.cz\/LVT_Brno_2017\/\">ZDE<\/a><\/p>\n","protected":false},"excerpt":{"rendered":"<p><a href=\"http:\/\/gkvitkovice.cz\/wp-content\/uploads\/2017\/10\/IMG_9144.jpg\"><img loading=\"lazy\" class=\"alignleft size-medium wp-image-1546\" src=\"http:\/\/gkvitkovice.cz\/wp-content\/uploads\/2017\/10\/IMG_9144-300x200.jpg\" alt=\"\" width=\"300\" height=\"200\" srcset=\"https:\/\/gkvitkovice.cz\/wp-content\/uploads\/2017\/10\/IMG_9144-300x200.jpg 300w, https:\/\/gkvitkovice.cz\/wp-content\/uploads\/2017\/10\/IMG_9144-768x512.jpg 768w, https:\/\/gkvitkovice.cz\/wp-content\/uploads\/2017\/10\/IMG_9144-1024x682.jpg 1024w, https:\/\/gkvitkovice.cz\/wp-content\/uploads\/2017\/10\/IMG_9144.jpg 2000w\" sizes=\"(max-width: 300px) 100vw, 300px\" \/><\/a>Samoz\u0159ejm\u011b i letos jsme se \u00fa\u010dastnili letn\u00edho soust\u0159ed\u011bn\u00ed v Brn\u011b. <\/p>\n","protected":false},"author":1,"featured_media":0,"comment_status":"open","ping_status":"open","sticky":false,"template":"","format":"standard","meta":[],"categories":[8],"tags":[],"_links":{"self":[{"href":"https:\/\/gkvitkovice.cz\/index.php?rest_route=\/wp\/v2\/posts\/1544"}],"collection":[{"href":"https:\/\/gkvitkovice.cz\/index.php?rest_route=\/wp\/v2\/posts"}],"about":[{"href":"https:\/\/gkvitkovice.cz\/index.php?rest_route=\/wp\/v2\/types\/post"}],"author":[{"embeddable":true,"href":"https:\/\/gkvitkovice.cz\/index.php?rest_route=\/wp\/v2\/users\/1"}],"replies":[{"embeddable":true,"href":"https:\/\/gkvitkovice.cz\/index.php?rest_route=%2Fwp%2Fv2%2Fcomments&post=1544"}],"version-history":[{"count":2,"href":"https:\/\/gkvitkovice.cz\/index.php?rest_route=\/wp\/v2\/posts\/1544\/revisions"}],"predecessor-version":[{"id":1547,"href":"https:\/\/gkvitkovice.cz\/index.php?rest_route=\/wp\/v2\/posts\/1544\/revisions\/1547"}],"wp:attachment":[{"href":"https:\/\/gkvitkovice.cz\/index.php?rest_route=%2Fwp%2Fv2%2Fmedia&parent=1544"}],"wp:term":[{"taxonomy":"category","embeddable":true,"href":"https:\/\/gkvitkovice.cz\/index.php?rest_route=%2Fwp%2Fv2%2Fcategories&post=1544"},{"taxonomy":"post_tag","embeddable":true,"href":"https:\/\/gkvitkovice.cz\/index.php?rest_route=%2Fwp%2Fv2%2Ftags&post=1544"}],"curies":[{"name":"wp","href":"https:\/\/api.w.org\/{rel}","templated":true}]}}