{"id":1571,"date":"2017-11-14T09:23:10","date_gmt":"2017-11-14T09:23:10","guid":{"rendered":"http:\/\/gkvitkovice.cz\/?p=1571"},"modified":"2017-11-14T09:23:49","modified_gmt":"2017-11-14T09:23:49","slug":"prebor-mesta-ostravy-a-memorial-radovana-sellonga-2017","status":"publish","type":"post","link":"https:\/\/gkvitkovice.cz\/?p=1571","title":{"rendered":"P\u0159ebor m\u011bsta Ostravy a Memori\u00e1l Radovana \u0160ellonga 2017"},"content":{"rendered":"<div id=\"fb-root\"><\/div>\n<p><script>(function(d, s, id) {\n  var js, fjs = d.getElementsByTagName(s)[0];\n  if (d.getElementById(id)) return;\n  js = d.createElement(s); js.id = id;\n  js.src = 'https:\/\/connect.facebook.net\/cs_CZ\/sdk.js#xfbml=1&version=v2.11';\n  fjs.parentNode.insertBefore(js, fjs);\n}(document, 'script', 'facebook-jssdk'));<\/script><br \/>\n<a href=\"http:\/\/gkvitkovice.cz\/wp-content\/uploads\/2017\/11\/DSCF2040.jpg\"><img loading=\"lazy\" class=\"alignleft size-medium wp-image-1574\" src=\"http:\/\/gkvitkovice.cz\/wp-content\/uploads\/2017\/11\/DSCF2040-300x225.jpg\" alt=\"\" width=\"300\" height=\"225\" srcset=\"https:\/\/gkvitkovice.cz\/wp-content\/uploads\/2017\/11\/DSCF2040-300x225.jpg 300w, https:\/\/gkvitkovice.cz\/wp-content\/uploads\/2017\/11\/DSCF2040-768x576.jpg 768w, https:\/\/gkvitkovice.cz\/wp-content\/uploads\/2017\/11\/DSCF2040-1024x768.jpg 1024w, https:\/\/gkvitkovice.cz\/wp-content\/uploads\/2017\/11\/DSCF2040.jpg 2000w\" sizes=\"(max-width: 300px) 100vw, 300px\" \/><\/a>V ned\u011bli 12. 11. 2017 po\u0159\u00e1dal v na\u0161\u00ed t\u011blocvi\u010dn\u011b odd\u00edl TJ VOKD Ostrava-Poruba P\u0159ebor m\u011bsta Ostravy, kter\u00fd byl otev\u0159en i pro mimoostravsk\u00e9 z\u00e1vodnice pod n\u00e1zvem Memori\u00e1l Radovana \u0160ellonga. Z\u00e1vodu se z\u00fa\u010dastnilo velk\u00e9 mno\u017estv\u00ed z\u00e1vodnic a z\u00e1vodn\u00edk\u016f, ale bohu\u017eel se pot\u00fdkal s organiza\u010dn\u00edmi probl\u00e9my a nedostatkem rozhod\u010d\u00edch, tak\u017ee skon\u010dil a\u017e v pozdn\u00edch ve\u010dern\u00edch hodin\u00e1ch.<\/p>\n<p>Jako v\u017edy byl podzimn\u00ed p\u0159ebor z\u00e1vodem dru\u017estev a d\u011bv\u010data si mohla vyzkou\u0161et sv\u00e9 sestavy p\u0159ed p\u0159eborem Moravskoslezsk\u00e9ho kraje.<\/p>\n<p><strong>V\u00fdsledky P\u0159eboru m\u011bsta Ostravy (dru\u017estvo; jednotlivci)<\/strong>:<\/p>\n<p><em>Za\u010d\u00ednaj\u00edc\u00ed \u017e\u00e1kyn\u011b A: <\/em>2. m\u00edsto (Strom\u0161\u00edkov\u00e1 N., Rozehnalova E., Skotnicov\u00e1 B.), 3. m\u00edsto (Kantorov\u00e1 E, Stryjov\u00e1 J., Prutkayov\u00e1 F.); 3. m\u00edsto <strong>Barbora Skotnicov\u00e1<\/strong><\/p>\n<p><em>Za\u010d\u00ednaj\u00edc\u00ed \u017e\u00e1kyn\u011b B:\u00a0<\/em>1. m\u00edsto (Bystro\u0148ov\u00e1 E., Mal\u00edkov\u00e1 V., Prorokov\u00e1 H., Sikorov\u00e1 L.); 1. m\u00edsto <strong>Eli\u0161ka Bystro\u0148ov\u00e1<\/strong><\/p>\n<p><em>ZS 5-6 let:\u00a0<\/em>1. m\u00edsto (Biolkov\u00e1 J., Chudov\u00e1 A., Rakov\u00e1 L., Vavro\u0161ov\u00e1 M.); 1. m\u00edsto <strong>Ad\u00e9la Chudov\u00e1<\/strong>, 2. m\u00edsto <strong>Linda Rakov\u00e1<\/strong>, 3. m\u00edsto <strong>Michaela Vavro\u0161ov\u00e1<\/strong><\/p>\n<p><em>ZS 7-9 let:\u00a0<\/em>1. m\u00edsto (B\u00e1rtkov\u00e1 K., Ludwigov\u00e1 E., Nen\u00ed\u010dkov\u00e1 A., Nykodymov\u00e1 A.), 2. m\u00edsto (Hl\u00e1vkov\u00e1 N., Jano\u0161cov\u00e1 A., \u0160a\u010diri A., Va\u0148kov\u00e1 E.); 1. m\u00edsto <strong>Kate\u0159ina B\u00e1rtkov\u00e1<\/strong>, 2. m\u00edsto <strong>Ad\u00e9la Nykodymov\u00e1<\/strong>, 3. m\u00edsto <strong>Elen Ludwigov\u00e1<\/strong><\/p>\n<p><em>Mlad\u0161\u00ed \u017e\u00e1kyn\u011b B:\u00a0<\/em>1. m\u00edsto (Hynek K., Gromnicov\u00e1 T., Papou\u0161kov\u00e1 N., Koci\u00e1nov\u00e1 V.); 1. m\u00edsto <strong>Klaudie Hynek<\/strong>, 2. m\u00edsto <strong>Tereza Gromnicov\u00e1<\/strong>, 3. m\u00edsto <strong>Nat\u00e1lie Papou\u0161kov\u00e1<\/strong><\/p>\n<p><em>Mlad\u0161\u00ed \u017e\u00e1kyn\u011b:\u00a0<\/em>1. m\u00edsto (Horsinkov\u00e1 H., Kaczorov\u00e1 S., Sta\u0148kov\u00e1 S., Kosteleck\u00e1 E.); 1. m\u00edsto <strong>Ella Kosteleck\u00e1<\/strong>, 2. m\u00edsto <strong>Kate\u0159ina Kempn\u00e1<\/strong>, 3. m\u00edsto <strong>Hanka Horsinkov\u00e1<\/strong><\/p>\n<p><em><a href=\"http:\/\/gkvitkovice.cz\/wp-content\/uploads\/2017\/11\/DSCF2226.jpg\"><img loading=\"lazy\" class=\"alignleft size-medium wp-image-1575\" src=\"http:\/\/gkvitkovice.cz\/wp-content\/uploads\/2017\/11\/DSCF2226-300x225.jpg\" alt=\"\" width=\"300\" height=\"225\" srcset=\"https:\/\/gkvitkovice.cz\/wp-content\/uploads\/2017\/11\/DSCF2226-300x225.jpg 300w, https:\/\/gkvitkovice.cz\/wp-content\/uploads\/2017\/11\/DSCF2226-768x576.jpg 768w, https:\/\/gkvitkovice.cz\/wp-content\/uploads\/2017\/11\/DSCF2226-1024x768.jpg 1024w, https:\/\/gkvitkovice.cz\/wp-content\/uploads\/2017\/11\/DSCF2226.jpg 2000w\" sizes=\"(max-width: 300px) 100vw, 300px\" \/><\/a>Star\u0161\u00ed \u017e\u00e1kyn\u011b B:\u00a0<\/em>1. m\u00edsto (G\u0159e\u0161ov\u00e1 L., Kocourkov\u00e1 S., Kr\u00fdsov\u00e1 A.), 2. m\u00edsto (Friedrichov\u00e1 D., Nykodymov\u00e1 A., Zdvihalov\u00e1 A.); 1. m\u00edsto <strong>Anna Kr\u00fdsov\u00e1<\/strong>, 2. m\u00edsto <strong>Lucie G\u0159e\u0161ov\u00e1<\/strong>, 3. m\u00edsto <strong>So\u0148a Kocourkov\u00e1<\/strong><\/p>\n<p><em>II. liga:\u00a0<\/em>1. m\u00edsto (O\u017eanov\u00e1 R., Smolecov\u00e1 L., \u0160telclov\u00e1 K., \u017d\u00e1kov\u00e1 B.), 2. m\u00edsto (Adam\u00edkov\u00e1 K., \u0160t\u011bpandov\u00e1 N., Fry\u010dov\u00e1 L.), 3. m\u00edsto (\u010c\u00e1pov\u00e1 A., Jaskovi\u010dov\u00e1 L., Petrov\u00e1 E.); 1. m\u00edsto <strong>Nela \u0160t\u011bpandov\u00e1<\/strong>, 2. m\u00edsto <strong>Laura Smolecov\u00e1<\/strong>, 3. m\u00edsto <strong>Be\u00e1ta \u017d\u00e1kov\u00e1<\/strong><\/p>\n<p><em>Za\u010d\u00ednaj\u00edc\u00ed \u017e\u00e1ci A:\u00a0<\/em>1. m\u00edsto <strong>\u0160imon Kad\u011bra<\/strong>, 2. m\u00edsto <strong>Richard Filip<\/strong>, 3. m\u00edsto <strong>Anton\u00edn Papou\u0161ek<\/strong><\/p>\n<p><em>Za\u010d\u00ednaj\u00edc\u00ed \u017e\u00e1ci B:<\/em>\u00a01. m\u00edsto <strong>Bartolom\u011bj Buchta<\/strong>, 2. m\u00edsto <strong>Filip Du\u0161ek<\/strong>, 3. m\u00edsto <strong>Marek Stv\u00e1rek<\/strong><\/p>\n<p>&nbsp;<\/p>\n<p><strong>V\u00fdsledky Memori\u00e1lu Radovana \u0160ellonga:<\/strong><\/p>\n<p><em>Za\u010d\u00ednaj\u00edc\u00ed \u017e\u00e1kyn\u011b A:<\/em>\u00a03. m\u00edsto\u00a0<strong>Barbora Skotnicov\u00e1<\/strong><\/p>\n<p><em>Za\u010d\u00ednaj\u00edc\u00ed \u017e\u00e1kyn\u011b B: <\/em>2. m\u00edsto\u00a0<strong>Eli\u0161ka Bystro\u0148ov\u00e1<\/strong><\/p>\n<p><em>ZS 5-6 let:\u00a0<\/em>1. m\u00edsto\u00a0<strong>Ad\u00e9la Chudov\u00e1<\/strong>, 2. m\u00edsto\u00a0<strong>Linda Rakov\u00e1<\/strong>, 3. m\u00edsto\u00a0<strong>Michaela Vavro\u0161ov\u00e1<\/strong><\/p>\n<p><em>ZS 7-9 let:\u00a0<\/em>1. m\u00edsto\u00a0<strong>Kate\u0159ina B\u00e1rtkov\u00e1<\/strong>, 2. m\u00edsto\u00a0<strong>Ad\u00e9la Nykodymov\u00e1<\/strong>, 3. m\u00edsto\u00a0<strong>Elen Ludwigov\u00e1<\/strong><\/p>\n<p><em><a href=\"http:\/\/gkvitkovice.cz\/wp-content\/uploads\/2017\/11\/DSCF2119.jpg\"><img loading=\"lazy\" class=\"alignleft size-medium wp-image-1576\" src=\"http:\/\/gkvitkovice.cz\/wp-content\/uploads\/2017\/11\/DSCF2119-300x225.jpg\" alt=\"\" width=\"300\" height=\"225\" srcset=\"https:\/\/gkvitkovice.cz\/wp-content\/uploads\/2017\/11\/DSCF2119-300x225.jpg 300w, https:\/\/gkvitkovice.cz\/wp-content\/uploads\/2017\/11\/DSCF2119-768x576.jpg 768w, https:\/\/gkvitkovice.cz\/wp-content\/uploads\/2017\/11\/DSCF2119-1024x768.jpg 1024w, https:\/\/gkvitkovice.cz\/wp-content\/uploads\/2017\/11\/DSCF2119.jpg 2000w\" sizes=\"(max-width: 300px) 100vw, 300px\" \/><\/a>Mlad\u0161\u00ed \u017e\u00e1kyn\u011b B:\u00a0<\/em>1. m\u00edsto\u00a0<strong>Klaudie Hynek<\/strong>, 2. m\u00edsto\u00a0<strong>Tereza Gromnicov\u00e1<\/strong><\/p>\n<p><em>Mlad\u0161\u00ed \u017e\u00e1kyn\u011b:\u00a0<\/em>1. m\u00edsto\u00a0<strong>Ella Kosteleck\u00e1<\/strong>, 2. m\u00edsto\u00a0<strong>Kate\u0159ina Kempn\u00e1<\/strong>, 3. m\u00edsto\u00a0<strong>Hanka Horsinkov\u00e1<\/strong><\/p>\n<p><em>Star\u0161\u00ed \u017e\u00e1kyn\u011b B:\u00a0<\/em>1. m\u00edsto\u00a0<strong>Anna Kr\u00fdsov\u00e1<\/strong><\/p>\n<p><em>II. liga:\u00a0<\/em>1. m\u00edsto\u00a0<strong>Nela \u0160t\u011bpandov\u00e1<\/strong>, 2. m\u00edsto\u00a0<strong>Laura Smolecov\u00e1<\/strong>, 3. m\u00edsto\u00a0<strong>Be\u00e1ta \u017d\u00e1kov\u00e1<\/strong><\/p>\n<p><em>Juniorky a \u017eeny C:\u00a0<\/em>1. m\u00edsto <strong>Etela Asenov\u00e1<\/strong><\/p>\n<p><em>Mlad\u0161\u00ed \u017e\u00e1ci A:\u00a0<\/em>1. m\u00edsto <strong>Jan Leikep<\/strong>, 2. m\u00edsto <strong>Jan Kaczor<\/strong><\/p>\n<p>Ostatn\u00ed v\u00fdsledky naleznete v p\u0159\u00edloze.<\/p>\n<p>Gratulujeme v\u0161em z\u00e1vodnic\u00edm, z\u00e1vodn\u00edk\u016fm i tren\u00e9r\u016fm a p\u0159ejeme mnoho \u0161t\u011bst\u00ed v nadch\u00e1zej\u00edc\u00edm p\u0159eboru Moravskoslezsk\u00e9ho kraje, kter\u00fd se bude konat v sobotu 25. 11. 2017 op\u011bt v na\u0161\u00ed t\u011blocvi\u010dn\u011b.<\/p>\n<p>A velmi d\u011bkujeme na\u0161im rozhod\u010d\u00edm za to, \u017ee cel\u00fd tento z\u00e1vod odrozhodovaly.<\/p>\n<p>Fotky a videa <a href=\"http:\/\/gkvitkovice.rajce.idnes.cz\/Prebor_mesta_2017\/\">ZDE<\/a><\/p>\n<p><a href=\"http:\/\/gkvitkovice.cz\/wp-content\/uploads\/2017\/11\/V\u00fdsledky_P\u0159ebor-m\u011bsta-Ostravy_2017-11-12.pdf\">V\u00fdsledky_P\u0159ebor m\u011bsta Ostravy_2017-11-12<\/a><\/p>\n<div class=\"fb-like\" data-href=\"http:\/\/gkvitkovice.cz\/?p=1571\" data-layout=\"standard\" data-action=\"like\" data-size=\"small\" data-show-faces=\"true\" data-share=\"true\"><\/div>\n<p>&nbsp;<\/p>\n","protected":false},"excerpt":{"rendered":"<p><a href=\"http:\/\/gkvitkovice.cz\/wp-content\/uploads\/2017\/11\/DSCF2040.jpg\"><img loading=\"lazy\" class=\"alignleft size-medium wp-image-1574\" src=\"http:\/\/gkvitkovice.cz\/wp-content\/uploads\/2017\/11\/DSCF2040-300x225.jpg\" alt=\"\" width=\"300\" height=\"225\" srcset=\"https:\/\/gkvitkovice.cz\/wp-content\/uploads\/2017\/11\/DSCF2040-300x225.jpg 300w, https:\/\/gkvitkovice.cz\/wp-content\/uploads\/2017\/11\/DSCF2040-768x576.jpg 768w, https:\/\/gkvitkovice.cz\/wp-content\/uploads\/2017\/11\/DSCF2040-1024x768.jpg 1024w, https:\/\/gkvitkovice.cz\/wp-content\/uploads\/2017\/11\/DSCF2040.jpg 2000w\" sizes=\"(max-width: 300px) 100vw, 300px\" \/><\/a>V ned\u011bli 12. 11. 2017 po\u0159\u00e1dal v na\u0161\u00ed t\u011blocvi\u010dn\u011b odd\u00edl TJ VOKD Ostrava-Poruba P\u0159ebor m\u011bsta Ostravy, kter\u00fd byl otev\u0159en i pro mimoostravsk\u00e9 z\u00e1vodnice pod n\u00e1zvem Memori\u00e1l Radovana \u0160ellonga. <\/p>\n","protected":false},"author":1,"featured_media":0,"comment_status":"open","ping_status":"open","sticky":false,"template":"","format":"standard","meta":[],"categories":[8],"tags":[],"_links":{"self":[{"href":"https:\/\/gkvitkovice.cz\/index.php?rest_route=\/wp\/v2\/posts\/1571"}],"collection":[{"href":"https:\/\/gkvitkovice.cz\/index.php?rest_route=\/wp\/v2\/posts"}],"about":[{"href":"https:\/\/gkvitkovice.cz\/index.php?rest_route=\/wp\/v2\/types\/post"}],"author":[{"embeddable":true,"href":"https:\/\/gkvitkovice.cz\/index.php?rest_route=\/wp\/v2\/users\/1"}],"replies":[{"embeddable":true,"href":"https:\/\/gkvitkovice.cz\/index.php?rest_route=%2Fwp%2Fv2%2Fcomments&post=1571"}],"version-history":[{"count":3,"href":"https:\/\/gkvitkovice.cz\/index.php?rest_route=\/wp\/v2\/posts\/1571\/revisions"}],"predecessor-version":[{"id":1578,"href":"https:\/\/gkvitkovice.cz\/index.php?rest_route=\/wp\/v2\/posts\/1571\/revisions\/1578"}],"wp:attachment":[{"href":"https:\/\/gkvitkovice.cz\/index.php?rest_route=%2Fwp%2Fv2%2Fmedia&parent=1571"}],"wp:term":[{"taxonomy":"category","embeddable":true,"href":"https:\/\/gkvitkovice.cz\/index.php?rest_route=%2Fwp%2Fv2%2Fcategories&post=1571"},{"taxonomy":"post_tag","embeddable":true,"href":"https:\/\/gkvitkovice.cz\/index.php?rest_route=%2Fwp%2Fv2%2Ftags&post=1571"}],"curies":[{"name":"wp","href":"https:\/\/api.w.org\/{rel}","templated":true}]}}