{"id":1594,"date":"2017-12-02T12:00:19","date_gmt":"2017-12-02T12:00:19","guid":{"rendered":"http:\/\/gkvitkovice.cz\/?p=1594"},"modified":"2017-12-02T12:00:51","modified_gmt":"2017-12-02T12:00:51","slug":"prebor-moravskoslezskeho-kraje-2017-3","status":"publish","type":"post","link":"https:\/\/gkvitkovice.cz\/?p=1594","title":{"rendered":"P\u0159ebor Moravskoslezsk\u00e9ho kraje 2017"},"content":{"rendered":"<div id=\"fb-root\"><\/div>\n<p><script>(function(d, s, id) {\n  var js, fjs = d.getElementsByTagName(s)[0];\n  if (d.getElementById(id)) return;\n  js = d.createElement(s); js.id = id;\n  js.src = 'https:\/\/connect.facebook.net\/cs_CZ\/sdk.js#xfbml=1&version=v2.11';\n  fjs.parentNode.insertBefore(js, fjs);\n}(document, 'script', 'facebook-jssdk'));<\/script><br \/>\n<a href=\"http:\/\/gkvitkovice.cz\/wp-content\/uploads\/2017\/11\/KP.jpg\"><img loading=\"lazy\" class=\"alignleft size-medium wp-image-1604\" src=\"http:\/\/gkvitkovice.cz\/wp-content\/uploads\/2017\/11\/KP-256x300.jpg\" alt=\"\" width=\"256\" height=\"300\" srcset=\"https:\/\/gkvitkovice.cz\/wp-content\/uploads\/2017\/11\/KP-256x300.jpg 256w, https:\/\/gkvitkovice.cz\/wp-content\/uploads\/2017\/11\/KP-768x900.jpg 768w, https:\/\/gkvitkovice.cz\/wp-content\/uploads\/2017\/11\/KP-874x1024.jpg 874w, https:\/\/gkvitkovice.cz\/wp-content\/uploads\/2017\/11\/KP.jpg 1728w\" sizes=\"(max-width: 256px) 100vw, 256px\" \/><\/a>V sobotu 25. 11. 2017 se v na\u0161\u00ed t\u011blocvi\u010dn\u011b konal P\u0159ebor Moravskoslezsk\u00e9ho kraje, jako v\u017edy byl tento podzimn\u00ed p\u0159ebor z\u00e1vodem dru\u017estev a pro v\u011bt\u0161inu z\u00e1vodnic tak\u00e9 vrcholem podzimn\u00ed sez\u00f3ny. I p\u0159esto, \u017ee z\u00e1vod z d\u016fvodu velk\u00e9ho po\u010dtu \u00fa\u010dastnic trval opravdu do pozdn\u00edch ve\u010dern\u00edch hodin, tak na\u0161e d\u011bv\u010data bojovala a\u017e do konce a poda\u0159ilo se jim z\u00edskat spoustu skv\u011bl\u00fdch um\u00edst\u011bn\u00ed.<\/p>\n<p>Nejv\u011bt\u0161\u00edm \u00fasp\u011bchem bylo samoz\u0159ejm\u011b um\u00edst\u011bn\u00ed dru\u017estva II. ligy na 2. m\u00edst\u011b, \u010d\u00edm\u017e si vyslou\u017eilo \u00fa\u010dast na M\u010cR dru\u017estev, kter\u00e9 se kon\u00e1 ji\u017e tento v\u00edkend v Brn\u011b.<\/p>\n<p><strong>V\u00fdsledky (dru\u017estva; jednotlivci):<\/strong><\/p>\n<p><em>ZS 5-6 let:\u00a0<\/em>3. m\u00edsto (Rakov\u00e1 L., Chudov\u00e1 A., Biolkov\u00e1 J., Vavro\u0161ov\u00e1 M.); 3. m\u00edsto <strong>Linda Rakov\u00e1<\/strong><\/p>\n<p><em>ZS 7-9 let:\u00a0<\/em>1. m\u00edsto (B\u00e1rtkov\u00e1 K., Hl\u00e1vkov\u00e1 N., Nykodymov\u00e1 A., Nen\u00ed\u010dkov\u00e1 A.), 2. m\u00edsto (Bystro\u0148ov\u00e1 E., Jano\u0161cov\u00e1 A., Kus\u00e1kov\u00e1 J., H\u00fd\u017eov\u00e1 T.), 3. m\u00edsto (Kalu\u017e\u00edkov\u00e1 E., Pomiklov\u00e1 V., Pomiklov\u00e1 P.); 1. m\u00edsto <strong>Kate\u0159ina B\u00e1rtkov\u00e1<\/strong>, 2. m\u00edsto <strong>Ad\u00e9la Nykodymov\u00e1<\/strong>, 3. m\u00edsto <strong>Nela Hl\u00e1vkov\u00e1<\/strong><\/p>\n<p><em>Mlad\u0161\u00ed \u017e\u00e1kyn\u011b B:\u00a0<\/em>1. m\u00edsto (Hynek K., Koci\u00e1nov\u00e1 V., Papou\u0161kov\u00e1 N., Gromnicov\u00e1 T.); 1. m\u00edsto <strong>Klaudie Hynek<\/strong><\/p>\n<p><em>Star\u0161\u00ed \u017e\u00e1kyn\u011b B:<\/em>\u00a01. m\u00edsto (Kocourkov\u00e1 S., \u010c\u00e1pov\u00e1 A., G\u0159e\u0161ov\u00e1 L., Friedrichov\u00e1 D.); 2. m\u00edsto <strong>Lucie G\u0159e\u0161ov\u00e1<\/strong>, 3. m\u00edsto <strong>Ad\u00e9la \u010c\u00e1pov\u00e1<\/strong><\/p>\n<p><em>III. liga:\u00a0<\/em>2. m\u00edsto TJ Sokol Kop\u0159ivnice (hostov\u00e1n\u00ed: Asenov\u00e1 E., Najdekov\u00e1 N.); 3. m\u00edsto <strong>Nat\u00e1lie Najdekov\u00e1<\/strong><\/p>\n<p><em>II. liga:\u00a0<\/em>2. m\u00edsto (O\u017eanov\u00e1 R., \u017d\u00e1kov\u00e1 B., \u017d\u00e1kov\u00e1 W., Petrov\u00e1 E., \u0160telclov\u00e1 K., Fry\u010dov\u00e1 L.); 3. m\u00edsto <strong>Be\u00e1ta \u017d\u00e1kov\u00e1<\/strong><\/p>\n<p>Ostatn\u00ed v\u00fdsledky naleznete <a href=\"http:\/\/www.gymfed.cz\/vysledky\/detail\/1079?kategorie=1784\">ZDE<\/a><\/p>\n<p>Z\u00e1vodnic\u00edm i tren\u00e9r\u016fm moc gratulujeme a \u00fa\u010dastn\u00edk\u016fm M\u010cR p\u0159ejeme mnoho \u0161t\u011bst\u00ed!<\/p>\n<p>Tak\u00e9 d\u011bkujeme za pomoc v\u0161em, kte\u0159\u00ed se pod\u00edleli na organizaci p\u0159eboru!<\/p>\n<div class=\"fb-like\" data-href=\"http:\/\/gkvitkovice.cz\/?p=1594\" data-layout=\"standard\" data-action=\"like\" data-size=\"small\" data-show-faces=\"true\" data-share=\"true\"><\/div>\n<p>&nbsp;<\/p>\n","protected":false},"excerpt":{"rendered":"<p><a href=\"http:\/\/gkvitkovice.cz\/wp-content\/uploads\/2017\/11\/KP.jpg\"><img loading=\"lazy\" class=\"alignleft size-medium wp-image-1604\" src=\"http:\/\/gkvitkovice.cz\/wp-content\/uploads\/2017\/11\/KP-256x300.jpg\" alt=\"\" width=\"256\" height=\"300\" srcset=\"https:\/\/gkvitkovice.cz\/wp-content\/uploads\/2017\/11\/KP-256x300.jpg 256w, https:\/\/gkvitkovice.cz\/wp-content\/uploads\/2017\/11\/KP-768x900.jpg 768w, https:\/\/gkvitkovice.cz\/wp-content\/uploads\/2017\/11\/KP-874x1024.jpg 874w, https:\/\/gkvitkovice.cz\/wp-content\/uploads\/2017\/11\/KP.jpg 1728w\" sizes=\"(max-width: 256px) 100vw, 256px\" \/><\/a>V sobotu 25. 11. 2017 se v na\u0161\u00ed t\u011blocvi\u010dn\u011b konal P\u0159ebor Moravskoslezsk\u00e9ho kraje, jako v\u017edy byl tento podzimn\u00ed p\u0159ebor z\u00e1vodem dru\u017estev a pro v\u011bt\u0161inu z\u00e1vodnic tak\u00e9 vrcholem podzimn\u00ed sez\u00f3ny. <\/p>\n","protected":false},"author":1,"featured_media":0,"comment_status":"open","ping_status":"open","sticky":false,"template":"","format":"standard","meta":[],"categories":[8],"tags":[],"_links":{"self":[{"href":"https:\/\/gkvitkovice.cz\/index.php?rest_route=\/wp\/v2\/posts\/1594"}],"collection":[{"href":"https:\/\/gkvitkovice.cz\/index.php?rest_route=\/wp\/v2\/posts"}],"about":[{"href":"https:\/\/gkvitkovice.cz\/index.php?rest_route=\/wp\/v2\/types\/post"}],"author":[{"embeddable":true,"href":"https:\/\/gkvitkovice.cz\/index.php?rest_route=\/wp\/v2\/users\/1"}],"replies":[{"embeddable":true,"href":"https:\/\/gkvitkovice.cz\/index.php?rest_route=%2Fwp%2Fv2%2Fcomments&post=1594"}],"version-history":[{"count":4,"href":"https:\/\/gkvitkovice.cz\/index.php?rest_route=\/wp\/v2\/posts\/1594\/revisions"}],"predecessor-version":[{"id":1607,"href":"https:\/\/gkvitkovice.cz\/index.php?rest_route=\/wp\/v2\/posts\/1594\/revisions\/1607"}],"wp:attachment":[{"href":"https:\/\/gkvitkovice.cz\/index.php?rest_route=%2Fwp%2Fv2%2Fmedia&parent=1594"}],"wp:term":[{"taxonomy":"category","embeddable":true,"href":"https:\/\/gkvitkovice.cz\/index.php?rest_route=%2Fwp%2Fv2%2Fcategories&post=1594"},{"taxonomy":"post_tag","embeddable":true,"href":"https:\/\/gkvitkovice.cz\/index.php?rest_route=%2Fwp%2Fv2%2Ftags&post=1594"}],"curies":[{"name":"wp","href":"https:\/\/api.w.org\/{rel}","templated":true}]}}