{"id":1600,"date":"2017-12-01T07:11:51","date_gmt":"2017-12-01T07:11:51","guid":{"rendered":"http:\/\/gkvitkovice.cz\/?p=1600"},"modified":"2017-12-01T07:11:51","modified_gmt":"2017-12-01T07:11:51","slug":"rodice-pozor","status":"publish","type":"post","link":"https:\/\/gkvitkovice.cz\/?p=1600","title":{"rendered":"Rodi\u010de POZOR!!!"},"content":{"rendered":"<p><a href=\"http:\/\/gkvitkovice.cz\/wp-content\/uploads\/2017\/12\/b3b.gif\"><img loading=\"lazy\" class=\"alignleft size-full wp-image-1601\" src=\"http:\/\/gkvitkovice.cz\/wp-content\/uploads\/2017\/12\/b3b.gif\" alt=\"\" width=\"171\" height=\"170\" \/><\/a><\/p>\n<p>Z d\u016fvodu \u010dast\u00fdch st\u00ed\u017enost\u00ed obyvatel dom\u016f na nevhodn\u00e9 parkov\u00e1n\u00ed v bl\u00edzkosti t\u011blocvi\u010dny (chodn\u00edky, travnat\u00e1 prostranstv\u00ed, vstup ke \u0161kole) p\u0159i\u0161lo z m\u011bstsk\u00e9ho magistr\u00e1tu varov\u00e1n\u00ed, \u017ee auta, kter\u00e1 budou vj\u00ed\u017ed\u011bt k prostoru t\u011blocvi\u010dny budou pokutov\u00e1na \u010di odta\u017eena.<\/p>\n<p>Proto V\u00e1s d\u016frazn\u011b \u017e\u00e1d\u00e1me, abyste parkovali na parkovi\u0161t\u00edch bu\u010f na ulici 29. dubna, pop\u0159. jsou v\u011bt\u0161\u00ed parkovi\u0161t\u011b\u00a0naproti u supermarketu Albert nebo nad t\u011blocvi\u010dnou u b\u00fdval\u00e9ho OD Odra.<\/p>\n<p>P\u0159edem d\u011bkujeme za\u00a0dodr\u017eov\u00e1n\u00ed v\u00fd\u0161e uveden\u00e9ho.<\/p>\n","protected":false},"excerpt":{"rendered":"<p><a href=\"http:\/\/gkvitkovice.cz\/wp-content\/uploads\/2017\/12\/b3b.gif\"><img loading=\"lazy\" class=\"alignleft size-full wp-image-1601\" src=\"http:\/\/gkvitkovice.cz\/wp-content\/uploads\/2017\/12\/b3b.gif\" alt=\"\" width=\"171\" height=\"170\" \/><\/a><\/p>\n<p>Z d\u016fvodu \u010dast\u00fdch st\u00ed\u017enost\u00ed obyvatel dom\u016f na nevhodn\u00e9 parkov\u00e1n\u00ed v bl\u00edzkosti t\u011blocvi\u010dny (chodn\u00edky, travnat\u00e1 prostranstv\u00ed, vstup ke \u0161kole) p\u0159i\u0161lo z m\u011bstsk\u00e9ho magistr\u00e1tu varov\u00e1n\u00ed, \u017ee auta, kter\u00e1 budou vj\u00ed\u017ed\u011bt k prostoru t\u011blocvi\u010dny budou pokutov\u00e1na \u010di odta\u017eena.<\/p>\n<p>Proto V\u00e1s d\u016frazn\u011b \u017e\u00e1d\u00e1me, abyste parkovali na parkovi\u0161t\u00edch bu\u010f na ulici 29. dubna, pop\u0159. jsou v\u011bt\u0161\u00ed parkovi\u0161t\u011b\u00a0naproti u supermarketu Albert nebo nad t\u011blocvi\u010dnou u b\u00fdval\u00e9ho OD Odra.<\/p>\n<p>P\u0159edem d\u011bkujeme za\u00a0dodr\u017eov\u00e1n\u00ed v\u00fd\u0161e uveden\u00e9ho.<\/p>\n","protected":false},"author":1,"featured_media":0,"comment_status":"open","ping_status":"open","sticky":false,"template":"","format":"standard","meta":[],"categories":[8],"tags":[],"_links":{"self":[{"href":"https:\/\/gkvitkovice.cz\/index.php?rest_route=\/wp\/v2\/posts\/1600"}],"collection":[{"href":"https:\/\/gkvitkovice.cz\/index.php?rest_route=\/wp\/v2\/posts"}],"about":[{"href":"https:\/\/gkvitkovice.cz\/index.php?rest_route=\/wp\/v2\/types\/post"}],"author":[{"embeddable":true,"href":"https:\/\/gkvitkovice.cz\/index.php?rest_route=\/wp\/v2\/users\/1"}],"replies":[{"embeddable":true,"href":"https:\/\/gkvitkovice.cz\/index.php?rest_route=%2Fwp%2Fv2%2Fcomments&post=1600"}],"version-history":[{"count":1,"href":"https:\/\/gkvitkovice.cz\/index.php?rest_route=\/wp\/v2\/posts\/1600\/revisions"}],"predecessor-version":[{"id":1602,"href":"https:\/\/gkvitkovice.cz\/index.php?rest_route=\/wp\/v2\/posts\/1600\/revisions\/1602"}],"wp:attachment":[{"href":"https:\/\/gkvitkovice.cz\/index.php?rest_route=%2Fwp%2Fv2%2Fmedia&parent=1600"}],"wp:term":[{"taxonomy":"category","embeddable":true,"href":"https:\/\/gkvitkovice.cz\/index.php?rest_route=%2Fwp%2Fv2%2Fcategories&post=1600"},{"taxonomy":"post_tag","embeddable":true,"href":"https:\/\/gkvitkovice.cz\/index.php?rest_route=%2Fwp%2Fv2%2Ftags&post=1600"}],"curies":[{"name":"wp","href":"https:\/\/api.w.org\/{rel}","templated":true}]}}