{"id":1609,"date":"2017-12-04T08:17:48","date_gmt":"2017-12-04T08:17:48","guid":{"rendered":"http:\/\/gkvitkovice.cz\/?p=1609"},"modified":"2017-12-05T07:21:01","modified_gmt":"2017-12-05T07:21:01","slug":"zveme-vas-na-nabor-novych-clenu-3","status":"publish","type":"post","link":"https:\/\/gkvitkovice.cz\/?p=1609","title":{"rendered":"Zveme V\u00e1s na n\u00e1bor nov\u00fdch \u010dlen\u016f"},"content":{"rendered":"<p><a href=\"http:\/\/gkvitkovice.cz\/wp-content\/uploads\/2017\/08\/IMG_3926.jpg\"><img loading=\"lazy\" class=\"alignleft size-medium wp-image-1401\" src=\"http:\/\/gkvitkovice.cz\/wp-content\/uploads\/2017\/08\/IMG_3926-300x236.jpg\" alt=\"\" width=\"300\" height=\"236\" srcset=\"https:\/\/gkvitkovice.cz\/wp-content\/uploads\/2017\/08\/IMG_3926-300x236.jpg 300w, https:\/\/gkvitkovice.cz\/wp-content\/uploads\/2017\/08\/IMG_3926-768x605.jpg 768w, https:\/\/gkvitkovice.cz\/wp-content\/uploads\/2017\/08\/IMG_3926-1024x806.jpg 1024w\" sizes=\"(max-width: 300px) 100vw, 300px\" \/><\/a>V lednu bude prob\u00edhat n\u00e1bor nov\u00fdch \u010dlen\u016f. V sekci Ke sta\u017een\u00ed si m\u016f\u017eete st\u00e1hnout p\u0159ihl\u00e1\u0161ku, za\u0161lete ji vypln\u011bnou na n\u00e1\u0161 e-mail gkvitkovice@seznam.cz a n\u00e1sledn\u011b obdr\u017e\u00edte informace o n\u00e1boru.<\/p>\n<p>Budeme se na V\u00e1s t\u011b\u0161it!<\/p>\n","protected":false},"excerpt":{"rendered":"<p><a href=\"http:\/\/gkvitkovice.cz\/wp-content\/uploads\/2017\/08\/IMG_3926.jpg\"><img loading=\"lazy\" class=\"alignleft size-medium wp-image-1401\" src=\"http:\/\/gkvitkovice.cz\/wp-content\/uploads\/2017\/08\/IMG_3926-300x236.jpg\" alt=\"\" width=\"300\" height=\"236\" srcset=\"https:\/\/gkvitkovice.cz\/wp-content\/uploads\/2017\/08\/IMG_3926-300x236.jpg 300w, https:\/\/gkvitkovice.cz\/wp-content\/uploads\/2017\/08\/IMG_3926-768x605.jpg 768w, https:\/\/gkvitkovice.cz\/wp-content\/uploads\/2017\/08\/IMG_3926-1024x806.jpg 1024w\" sizes=\"(max-width: 300px) 100vw, 300px\" \/><\/a>V lednu bude prob\u00edhat n\u00e1bor nov\u00fdch \u010dlen\u016f. V sekci Ke sta\u017een\u00ed si m\u016f\u017eete st\u00e1hnout p\u0159ihl\u00e1\u0161ku, za\u0161lete ji vypln\u011bnou na n\u00e1\u0161 e-mail gkvitkovice@seznam.cz a n\u00e1sledn\u011b obdr\u017e\u00edte informace o n\u00e1boru.<\/p>\n<p>Budeme se na V\u00e1s t\u011b\u0161it!<\/p>\n","protected":false},"author":1,"featured_media":0,"comment_status":"open","ping_status":"open","sticky":false,"template":"","format":"standard","meta":[],"categories":[8],"tags":[],"_links":{"self":[{"href":"https:\/\/gkvitkovice.cz\/index.php?rest_route=\/wp\/v2\/posts\/1609"}],"collection":[{"href":"https:\/\/gkvitkovice.cz\/index.php?rest_route=\/wp\/v2\/posts"}],"about":[{"href":"https:\/\/gkvitkovice.cz\/index.php?rest_route=\/wp\/v2\/types\/post"}],"author":[{"embeddable":true,"href":"https:\/\/gkvitkovice.cz\/index.php?rest_route=\/wp\/v2\/users\/1"}],"replies":[{"embeddable":true,"href":"https:\/\/gkvitkovice.cz\/index.php?rest_route=%2Fwp%2Fv2%2Fcomments&post=1609"}],"version-history":[{"count":2,"href":"https:\/\/gkvitkovice.cz\/index.php?rest_route=\/wp\/v2\/posts\/1609\/revisions"}],"predecessor-version":[{"id":1612,"href":"https:\/\/gkvitkovice.cz\/index.php?rest_route=\/wp\/v2\/posts\/1609\/revisions\/1612"}],"wp:attachment":[{"href":"https:\/\/gkvitkovice.cz\/index.php?rest_route=%2Fwp%2Fv2%2Fmedia&parent=1609"}],"wp:term":[{"taxonomy":"category","embeddable":true,"href":"https:\/\/gkvitkovice.cz\/index.php?rest_route=%2Fwp%2Fv2%2Fcategories&post=1609"},{"taxonomy":"post_tag","embeddable":true,"href":"https:\/\/gkvitkovice.cz\/index.php?rest_route=%2Fwp%2Fv2%2Ftags&post=1609"}],"curies":[{"name":"wp","href":"https:\/\/api.w.org\/{rel}","templated":true}]}}