{"id":1617,"date":"2017-12-08T17:30:19","date_gmt":"2017-12-08T17:30:19","guid":{"rendered":"http:\/\/gkvitkovice.cz\/?p=1617"},"modified":"2017-12-08T17:31:10","modified_gmt":"2017-12-08T17:31:10","slug":"vanocni-zavod-pripravek-2017","status":"publish","type":"post","link":"https:\/\/gkvitkovice.cz\/?p=1617","title":{"rendered":"V\u00e1no\u010dn\u00ed z\u00e1vod p\u0159\u00edpravek 2017"},"content":{"rendered":"<div id=\"fb-root\"><\/div>\n<p><script>(function(d, s, id) {\n  var js, fjs = d.getElementsByTagName(s)[0];\n  if (d.getElementById(id)) return;\n  js = d.createElement(s); js.id = id;\n  js.src = 'https:\/\/connect.facebook.net\/cs_CZ\/sdk.js#xfbml=1&version=v2.11';\n  fjs.parentNode.insertBefore(js, fjs);\n}(document, 'script', 'facebook-jssdk'));<\/script><br \/>\n<a href=\"http:\/\/gkvitkovice.cz\/wp-content\/uploads\/2017\/12\/DSC_0272.jpg\"><img loading=\"lazy\" class=\"alignleft size-medium wp-image-1618\" src=\"http:\/\/gkvitkovice.cz\/wp-content\/uploads\/2017\/12\/DSC_0272-300x199.jpg\" alt=\"\" width=\"300\" height=\"199\" srcset=\"https:\/\/gkvitkovice.cz\/wp-content\/uploads\/2017\/12\/DSC_0272-300x199.jpg 300w, https:\/\/gkvitkovice.cz\/wp-content\/uploads\/2017\/12\/DSC_0272-768x508.jpg 768w, https:\/\/gkvitkovice.cz\/wp-content\/uploads\/2017\/12\/DSC_0272.jpg 1000w\" sizes=\"(max-width: 300px) 100vw, 300px\" \/><\/a>Ve \u010dtvrtek 7. 12. 2017 se v na\u0161\u00ed t\u011blocvi\u010dn\u011b konal V\u00e1no\u010dn\u00ed z\u00e1vod p\u0159\u00edpravek a rekrea\u010dn\u00edch gymnast\u016f a gymnastek.<\/p>\n<p>V\u0161ichni z\u00e1vodn\u00edci se po\u010detn\u00e9mu publiku p\u0159edstavili na dvou n\u00e1\u0159ad\u00edch, na kter\u00fdch p\u0159edvedli to nejlep\u0161\u00ed, co se dosud nau\u010dili. Pro n\u011bkter\u00e9 to byla premi\u00e9ra &#8211; z\u00e1vodit p\u0159ed div\u00e1ky a rozhod\u010d\u00edmi. V\u0161ichni si v\u0161ak vedli skv\u011ble a bylo velmi t\u011b\u017ek\u00e9 ohodnotit kdo byl nejlep\u0161\u00ed, a proto v\u0161ichni z\u00e1vodn\u00edci dostali pern\u00edkovou medaili s jedni\u010dkou a malou cenu.<\/p>\n<p>Fotky <a href=\"https:\/\/gkvitkovice.rajce.idnes.cz\/Vanocni_zavod_pripravek_7.12.2017\">ZDE<\/a><\/p>\n<div class=\"fb-like\" data-href=\"http:\/\/gkvitkovice.cz\/?p=1617\" data-layout=\"standard\" data-action=\"like\" data-size=\"small\" data-show-faces=\"true\" data-share=\"true\"><\/div>\n<p>&nbsp;<\/p>\n","protected":false},"excerpt":{"rendered":"<p><a href=\"http:\/\/gkvitkovice.cz\/wp-content\/uploads\/2017\/12\/DSC_0272.jpg\"><img loading=\"lazy\" class=\"alignleft size-medium wp-image-1618\" src=\"http:\/\/gkvitkovice.cz\/wp-content\/uploads\/2017\/12\/DSC_0272-300x199.jpg\" alt=\"\" width=\"300\" height=\"199\" srcset=\"https:\/\/gkvitkovice.cz\/wp-content\/uploads\/2017\/12\/DSC_0272-300x199.jpg 300w, https:\/\/gkvitkovice.cz\/wp-content\/uploads\/2017\/12\/DSC_0272-768x508.jpg 768w, https:\/\/gkvitkovice.cz\/wp-content\/uploads\/2017\/12\/DSC_0272.jpg 1000w\" sizes=\"(max-width: 300px) 100vw, 300px\" \/><\/a>Ve \u010dtvrtek 7. 12. 2017 se v na\u0161\u00ed t\u011blocvi\u010dn\u011b konal V\u00e1no\u010dn\u00ed z\u00e1vod p\u0159\u00edpravek a rekrea\u010dn\u00edch gymnast\u016f a gymnastek.<\/p>\n","protected":false},"author":1,"featured_media":0,"comment_status":"open","ping_status":"open","sticky":false,"template":"","format":"standard","meta":[],"categories":[8],"tags":[],"_links":{"self":[{"href":"https:\/\/gkvitkovice.cz\/index.php?rest_route=\/wp\/v2\/posts\/1617"}],"collection":[{"href":"https:\/\/gkvitkovice.cz\/index.php?rest_route=\/wp\/v2\/posts"}],"about":[{"href":"https:\/\/gkvitkovice.cz\/index.php?rest_route=\/wp\/v2\/types\/post"}],"author":[{"embeddable":true,"href":"https:\/\/gkvitkovice.cz\/index.php?rest_route=\/wp\/v2\/users\/1"}],"replies":[{"embeddable":true,"href":"https:\/\/gkvitkovice.cz\/index.php?rest_route=%2Fwp%2Fv2%2Fcomments&post=1617"}],"version-history":[{"count":3,"href":"https:\/\/gkvitkovice.cz\/index.php?rest_route=\/wp\/v2\/posts\/1617\/revisions"}],"predecessor-version":[{"id":1621,"href":"https:\/\/gkvitkovice.cz\/index.php?rest_route=\/wp\/v2\/posts\/1617\/revisions\/1621"}],"wp:attachment":[{"href":"https:\/\/gkvitkovice.cz\/index.php?rest_route=%2Fwp%2Fv2%2Fmedia&parent=1617"}],"wp:term":[{"taxonomy":"category","embeddable":true,"href":"https:\/\/gkvitkovice.cz\/index.php?rest_route=%2Fwp%2Fv2%2Fcategories&post=1617"},{"taxonomy":"post_tag","embeddable":true,"href":"https:\/\/gkvitkovice.cz\/index.php?rest_route=%2Fwp%2Fv2%2Ftags&post=1617"}],"curies":[{"name":"wp","href":"https:\/\/api.w.org\/{rel}","templated":true}]}}