{"id":1640,"date":"2017-12-28T21:26:09","date_gmt":"2017-12-28T21:26:09","guid":{"rendered":"http:\/\/gkvitkovice.cz\/?p=1640"},"modified":"2017-12-28T21:26:41","modified_gmt":"2017-12-28T21:26:41","slug":"zvt-rakousko-2017","status":"publish","type":"post","link":"https:\/\/gkvitkovice.cz\/?p=1640","title":{"rendered":"ZVT Rakousko 2017"},"content":{"rendered":"<div id=\"fb-root\"><\/div>\n<p><script>(function(d, s, id) {\n  var js, fjs = d.getElementsByTagName(s)[0];\n  if (d.getElementById(id)) return;\n  js = d.createElement(s); js.id = id;\n  js.src = 'https:\/\/connect.facebook.net\/cs_CZ\/sdk.js#xfbml=1&version=v2.11';\n  fjs.parentNode.insertBefore(js, fjs);\n}(document, 'script', 'facebook-jssdk'));<\/script><br \/>\n<a href=\"http:\/\/gkvitkovice.cz\/wp-content\/uploads\/2017\/12\/IMG_20171214_115238.jpg\"><img loading=\"lazy\" class=\"alignleft size-medium wp-image-1641\" src=\"http:\/\/gkvitkovice.cz\/wp-content\/uploads\/2017\/12\/IMG_20171214_115238-300x225.jpg\" alt=\"\" width=\"300\" height=\"225\" srcset=\"https:\/\/gkvitkovice.cz\/wp-content\/uploads\/2017\/12\/IMG_20171214_115238-300x225.jpg 300w, https:\/\/gkvitkovice.cz\/wp-content\/uploads\/2017\/12\/IMG_20171214_115238-768x576.jpg 768w, https:\/\/gkvitkovice.cz\/wp-content\/uploads\/2017\/12\/IMG_20171214_115238-1024x768.jpg 1024w, https:\/\/gkvitkovice.cz\/wp-content\/uploads\/2017\/12\/IMG_20171214_115238.jpg 2000w\" sizes=\"(max-width: 300px) 100vw, 300px\" \/><\/a>Tren\u00e9rky Sv\u011btlana Grmelov\u00e1 a Monika Prutkayov\u00e1 se se sv\u00fdmi sv\u011b\u0159enkami z\u00fa\u010dastnily ve dnech 10. \u2013 16. 12. 2017 zimn\u00edho soust\u0159ed\u011bn\u00ed v rakousk\u00e9m horsk\u00e9m m\u011bste\u010dku Flattach. P\u0159idaly se k ly\u017ea\u0159sk\u00e9mu z\u00e1jezdu pro studenty po\u0159\u00e1dan\u00e9mu Sportovn\u00edm gymn\u00e1ziem Dany a Emila Z\u00e1topkov\u00fdch na Molltalsk\u00e9m ledovci, kter\u00fd nab\u00edz\u00ed velmi p\u011bkn\u00e9 ly\u017eov\u00e1n\u00ed pro v\u0161echny.<\/p>\n<p>Cesta do Rakouska byla dramati\u010dt\u011bj\u0161\u00ed vlivem \u0161patn\u00e9 techniky, jeliko\u017e n\u00e1s navigace svedla z dan\u00e9 cesty a my jsme d\u0159\u00edve odbo\u010dili do vysok\u00fdch hor bez sn\u011b\u017en\u00fdch \u0159et\u011bz\u016f. V\u0161e se v\u0161ak vy\u0159e\u0161ilo a \u0161\u0165astn\u011b jsme dorazili na m\u00edsto ur\u010den\u00ed. Bohu\u017eel ani po\u010das\u00ed n\u00e1m letos nep\u0159\u00e1lo, krom\u011b jednoho slune\u010dn\u00e9ho dne n\u00e1s doprov\u00e1zelo sn\u011b\u017een\u00ed, mlhy a tak\u00e9 v\u00edtr. Proto n\u00e1s tak\u00e9 prvn\u00ed den ly\u017eov\u00e1n\u00ed kv\u016fli \u0161patn\u00e9mu po\u010das\u00ed ani nepustili podzemn\u00ed lanovkou nahoru.<\/p>\n<p>Den jsme zahajovali v\u00fdjezdem autobusu z Flattachu ke stanici podzemn\u00ed lanovky, kde jsme se p\u0159ezuli do ly\u017e\u00e1k\u016f a pokra\u010dovali d\u00e1le lanovkou, kter\u00e1 n\u00e1s po 8 minutov\u00e9 cest\u011b dovezla k 6m\u00edstn\u00e9 kabince. Tou jsme se dovezli k horn\u00ed stanici Eissee v nadmo\u0159sk\u00e9 v\u00fd\u0161ce 2 800m. P\u0159i dobr\u00e9m po\u010das\u00ed jsme pokra\u010dovali je\u0161t\u011b v\u00fd\u0161e 6m\u00edstnou krytou seda\u010dkou na vrchol Schareck do nadmo\u0159sk\u00e9 v\u00fd\u0161ky 3 122 m. Ly\u017eovali jsme a\u017e do 15.45 hod. s p\u0159est\u00e1vkou na ob\u011bd a posledn\u00ed podzemn\u00ed lanovkou jsme sjeli zp\u00e1tky k doln\u00ed stanici, kde na n\u00e1s \u010dekal autobus. Po p\u0159evl\u00e9knut\u00ed na hotelu a odpo\u010dinku m\u011bly holky kr\u00e1tk\u00fd posilovac\u00ed a protahovac\u00ed tr\u00e9nink a po ve\u010de\u0159i si u\u017e\u00edvaly voln\u00fd \u010das, kter\u00fd vyplnily v\u011bt\u0161inou hran\u00edm her.<\/p>\n<p>I p\u0159es nep\u0159\u00edze\u0148 po\u010das\u00ed jsme si ly\u017eov\u00e1n\u00ed na kr\u00e1sn\u00e9m pra\u0161anu u\u017eili \ud83d\ude42<\/p>\n<p>Fotky <a href=\"http:\/\/gkvitkovice.rajce.idnes.cz\/ZVT%2C_Flattach%2C_10.-16.12._2017\/\">ZDE<\/a><\/p>\n<div class=\"fb-like\" data-href=\"http:\/\/gkvitkovice.cz\/?p=1640\" data-layout=\"standard\" data-action=\"like\" data-size=\"small\" data-show-faces=\"true\" data-share=\"true\"><\/div>\n<p>&nbsp;<\/p>\n","protected":false},"excerpt":{"rendered":"<p><a href=\"http:\/\/gkvitkovice.cz\/wp-content\/uploads\/2017\/12\/IMG_20171214_115238.jpg\"><img loading=\"lazy\" class=\"alignleft size-medium wp-image-1641\" src=\"http:\/\/gkvitkovice.cz\/wp-content\/uploads\/2017\/12\/IMG_20171214_115238-300x225.jpg\" alt=\"\" width=\"300\" height=\"225\" srcset=\"https:\/\/gkvitkovice.cz\/wp-content\/uploads\/2017\/12\/IMG_20171214_115238-300x225.jpg 300w, https:\/\/gkvitkovice.cz\/wp-content\/uploads\/2017\/12\/IMG_20171214_115238-768x576.jpg 768w, https:\/\/gkvitkovice.cz\/wp-content\/uploads\/2017\/12\/IMG_20171214_115238-1024x768.jpg 1024w, https:\/\/gkvitkovice.cz\/wp-content\/uploads\/2017\/12\/IMG_20171214_115238.jpg 2000w\" sizes=\"(max-width: 300px) 100vw, 300px\" \/><\/a>Tren\u00e9rky Sv\u011btlana Grmelov\u00e1 a Monika Prutkayov\u00e1 se se sv\u00fdmi sv\u011b\u0159enkami z\u00fa\u010dastnily ve dnech 10. \u2013 16. 12. 2017 zimn\u00edho soust\u0159ed\u011bn\u00ed v rakousk\u00e9m horsk\u00e9m m\u011bste\u010dku Flattach. <\/p>\n","protected":false},"author":1,"featured_media":0,"comment_status":"open","ping_status":"open","sticky":false,"template":"","format":"standard","meta":[],"categories":[8],"tags":[],"_links":{"self":[{"href":"https:\/\/gkvitkovice.cz\/index.php?rest_route=\/wp\/v2\/posts\/1640"}],"collection":[{"href":"https:\/\/gkvitkovice.cz\/index.php?rest_route=\/wp\/v2\/posts"}],"about":[{"href":"https:\/\/gkvitkovice.cz\/index.php?rest_route=\/wp\/v2\/types\/post"}],"author":[{"embeddable":true,"href":"https:\/\/gkvitkovice.cz\/index.php?rest_route=\/wp\/v2\/users\/1"}],"replies":[{"embeddable":true,"href":"https:\/\/gkvitkovice.cz\/index.php?rest_route=%2Fwp%2Fv2%2Fcomments&post=1640"}],"version-history":[{"count":3,"href":"https:\/\/gkvitkovice.cz\/index.php?rest_route=\/wp\/v2\/posts\/1640\/revisions"}],"predecessor-version":[{"id":1644,"href":"https:\/\/gkvitkovice.cz\/index.php?rest_route=\/wp\/v2\/posts\/1640\/revisions\/1644"}],"wp:attachment":[{"href":"https:\/\/gkvitkovice.cz\/index.php?rest_route=%2Fwp%2Fv2%2Fmedia&parent=1640"}],"wp:term":[{"taxonomy":"category","embeddable":true,"href":"https:\/\/gkvitkovice.cz\/index.php?rest_route=%2Fwp%2Fv2%2Fcategories&post=1640"},{"taxonomy":"post_tag","embeddable":true,"href":"https:\/\/gkvitkovice.cz\/index.php?rest_route=%2Fwp%2Fv2%2Ftags&post=1640"}],"curies":[{"name":"wp","href":"https:\/\/api.w.org\/{rel}","templated":true}]}}