{"id":1679,"date":"2018-01-28T17:59:02","date_gmt":"2018-01-28T17:59:02","guid":{"rendered":"http:\/\/gkvitkovice.cz\/?p=1679"},"modified":"2018-01-28T17:59:50","modified_gmt":"2018-01-28T17:59:50","slug":"duo-gym-cup-2018","status":"publish","type":"post","link":"https:\/\/gkvitkovice.cz\/?p=1679","title":{"rendered":"Duo Gym Cup 2018"},"content":{"rendered":"<div id=\"fb-root\"><\/div>\n<p><script>(function(d, s, id) {\n  var js, fjs = d.getElementsByTagName(s)[0];\n  if (d.getElementById(id)) return;\n  js = d.createElement(s); js.id = id;\n  js.src = 'https:\/\/connect.facebook.net\/cs_CZ\/sdk.js#xfbml=1&version=v2.11';\n  fjs.parentNode.insertBefore(js, fjs);\n}(document, 'script', 'facebook-jssdk'));<\/script><br \/>\n<a href=\"http:\/\/gkvitkovice.cz\/wp-content\/uploads\/2018\/01\/IMG_3135.jpg\"><img loading=\"lazy\" class=\"alignleft size-medium wp-image-1682\" src=\"http:\/\/gkvitkovice.cz\/wp-content\/uploads\/2018\/01\/IMG_3135-300x200.jpg\" alt=\"\" width=\"300\" height=\"200\" srcset=\"https:\/\/gkvitkovice.cz\/wp-content\/uploads\/2018\/01\/IMG_3135-300x200.jpg 300w, https:\/\/gkvitkovice.cz\/wp-content\/uploads\/2018\/01\/IMG_3135-768x512.jpg 768w, https:\/\/gkvitkovice.cz\/wp-content\/uploads\/2018\/01\/IMG_3135-1024x682.jpg 1024w, https:\/\/gkvitkovice.cz\/wp-content\/uploads\/2018\/01\/IMG_3135.jpg 2000w\" sizes=\"(max-width: 300px) 100vw, 300px\" \/><\/a>V\u00a0ned\u011bli 21. 1. 2018 se konal z\u00e1vod DUO GYM CUP v\u00a0Praze &#8211; \u0160estajovic\u00edch. Proto\u017ee cesta byla dalek\u00e1, tak jsme vyjeli u\u017e v sobotu a r\u00e1di jsme vyu\u017eili mo\u017enosti p\u0159esp\u00e1n\u00ed v\u00a0t\u011blocvi\u010dn\u011b. Z na\u0161eho odd\u00edlu startovalo 12 d\u011bv\u010dat, \u0161est v\u00a0kategorii A a \u0161est v\u00a0kategorii B a hned osm se jich um\u00edstilo na stupn\u00edch v\u00edt\u011bz\u016f.<\/p>\n<p>D\u011bv\u010data se um\u00edstila n\u00e1sledovn\u011b:<\/p>\n<p><em>kategorie mlad\u0161\u00ed I B:\u00a0<\/em><strong>Nykodymov\u00e1 Ad\u00e9la<\/strong> a <strong>Vrl\u00edkov\u00e1 Leona<\/strong> \u2013 4. m\u00edsto<\/p>\n<p><em>kategorie mlad\u0161\u00ed II B:\u00a0<\/em><strong>Kaczorov\u00e1 Simona<\/strong> a <strong>Kosteleck\u00e1 Ela<\/strong> \u2013 2. m\u00edsto<\/p>\n<p><em>kategorie star\u0161\u00ed I B:\u00a0<\/em><strong>Nykodymov\u00e1 Aneta<\/strong> a <strong>Zdvihalov\u00e1 Ad\u00e9la<\/strong> \u2013 5. m\u00edsto<\/p>\n<p><em>dru\u017estva kategorie B:\u00a0<\/em>Nykodymov\u00e1 ml. a st., Vrl\u00edkov\u00e1 a Zdvihalov\u00e1 \u2013 3. m\u00edsto<\/p>\n<p><em>kategorie mlad\u0161\u00ed II A:\u00a0<\/em><strong>O\u017eanov\u00e1 Roz\u00e1lie<\/strong> a <strong>Hynek Klaudie<\/strong> \u2013 2. m\u00edsto;\u00a0<strong>\u010c\u00e1pov\u00e1 Ad\u00e9la<\/strong> a <strong>\u017d\u00e1kov\u00e1 Be\u00e1ta<\/strong> \u2013 6. m\u00edsto<\/p>\n<p><em>kategorie star\u0161\u00ed I A:\u00a0<\/em><strong>G\u0159e\u0161ov\u00e1 Lucie<\/strong> a <strong>Kr\u00fdsov\u00e1 Anna<\/strong> \u2013 5. m\u00edsto<\/p>\n<p><em>dru\u017estva kategorie A:\u00a0<\/em>O\u017eanov\u00e1, Hynek, Kr\u00fdsov\u00e1 a G\u0159e\u0161ov\u00e1 \u2013 5. m\u00edsto.<\/p>\n<p>V\u0161em z\u00e1vodnic\u00edm moc gratulujeme!<\/p>\n<p>Elektronick\u00e9 v\u00fdsledky <a href=\"http:\/\/www.gymfed.cz\/vysledky\/detail\/987\">ZDE<\/a><\/p>\n<p>Fotky <a href=\"http:\/\/gkvitkovice.rajce.idnes.cz\/Sestajovice%2C_leden_2018\/\">ZDE<\/a><\/p>\n<div class=\"fb-like\" data-href=\"http:\/\/gkvitkovice.cz\/?p=1679\" data-layout=\"standard\" data-action=\"like\" data-size=\"small\" data-show-faces=\"true\" data-share=\"true\"><\/div>\n","protected":false},"excerpt":{"rendered":"<p><a href=\"http:\/\/gkvitkovice.cz\/wp-content\/uploads\/2018\/01\/IMG_3135.jpg\"><img loading=\"lazy\" class=\"alignleft size-medium wp-image-1682\" src=\"http:\/\/gkvitkovice.cz\/wp-content\/uploads\/2018\/01\/IMG_3135-300x200.jpg\" alt=\"\" width=\"300\" height=\"200\" srcset=\"https:\/\/gkvitkovice.cz\/wp-content\/uploads\/2018\/01\/IMG_3135-300x200.jpg 300w, https:\/\/gkvitkovice.cz\/wp-content\/uploads\/2018\/01\/IMG_3135-768x512.jpg 768w, https:\/\/gkvitkovice.cz\/wp-content\/uploads\/2018\/01\/IMG_3135-1024x682.jpg 1024w, https:\/\/gkvitkovice.cz\/wp-content\/uploads\/2018\/01\/IMG_3135.jpg 2000w\" sizes=\"(max-width: 300px) 100vw, 300px\" \/><\/a>V\u00a0ned\u011bli 21. 1. 2018 se konal z\u00e1vod DUO GYM CUP v\u00a0Praze &#8211; \u0160estajovic\u00edch. <\/p>\n","protected":false},"author":1,"featured_media":0,"comment_status":"open","ping_status":"open","sticky":false,"template":"","format":"standard","meta":[],"categories":[13],"tags":[],"_links":{"self":[{"href":"https:\/\/gkvitkovice.cz\/index.php?rest_route=\/wp\/v2\/posts\/1679"}],"collection":[{"href":"https:\/\/gkvitkovice.cz\/index.php?rest_route=\/wp\/v2\/posts"}],"about":[{"href":"https:\/\/gkvitkovice.cz\/index.php?rest_route=\/wp\/v2\/types\/post"}],"author":[{"embeddable":true,"href":"https:\/\/gkvitkovice.cz\/index.php?rest_route=\/wp\/v2\/users\/1"}],"replies":[{"embeddable":true,"href":"https:\/\/gkvitkovice.cz\/index.php?rest_route=%2Fwp%2Fv2%2Fcomments&post=1679"}],"version-history":[{"count":4,"href":"https:\/\/gkvitkovice.cz\/index.php?rest_route=\/wp\/v2\/posts\/1679\/revisions"}],"predecessor-version":[{"id":1684,"href":"https:\/\/gkvitkovice.cz\/index.php?rest_route=\/wp\/v2\/posts\/1679\/revisions\/1684"}],"wp:attachment":[{"href":"https:\/\/gkvitkovice.cz\/index.php?rest_route=%2Fwp%2Fv2%2Fmedia&parent=1679"}],"wp:term":[{"taxonomy":"category","embeddable":true,"href":"https:\/\/gkvitkovice.cz\/index.php?rest_route=%2Fwp%2Fv2%2Fcategories&post=1679"},{"taxonomy":"post_tag","embeddable":true,"href":"https:\/\/gkvitkovice.cz\/index.php?rest_route=%2Fwp%2Fv2%2Ftags&post=1679"}],"curies":[{"name":"wp","href":"https:\/\/api.w.org\/{rel}","templated":true}]}}