{"id":1705,"date":"2018-02-08T20:59:45","date_gmt":"2018-02-08T20:59:45","guid":{"rendered":"http:\/\/gkvitkovice.cz\/?p=1705"},"modified":"2018-02-08T21:00:16","modified_gmt":"2018-02-08T21:00:16","slug":"chebska-bradla-2017","status":"publish","type":"post","link":"https:\/\/gkvitkovice.cz\/?p=1705","title":{"rendered":"Chebsk\u00e1 bradla 2017"},"content":{"rendered":"<div id=\"fb-root\"><\/div>\n<p><script>(function(d, s, id) {\n  var js, fjs = d.getElementsByTagName(s)[0];\n  if (d.getElementById(id)) return;\n  js = d.createElement(s); js.id = id;\n  js.src = 'https:\/\/connect.facebook.net\/cs_CZ\/sdk.js#xfbml=1&version=v2.12';\n  fjs.parentNode.insertBefore(js, fjs);\n}(document, 'script', 'facebook-jssdk'));<\/script><br \/>\n<a href=\"http:\/\/gkvitkovice.cz\/wp-content\/uploads\/2018\/02\/23172849_1498760986874797_1808207532289317044_n.jpg\"><img loading=\"lazy\" class=\"alignleft size-medium wp-image-1706\" src=\"http:\/\/gkvitkovice.cz\/wp-content\/uploads\/2018\/02\/23172849_1498760986874797_1808207532289317044_n-300x183.jpg\" alt=\"\" width=\"300\" height=\"183\" srcset=\"https:\/\/gkvitkovice.cz\/wp-content\/uploads\/2018\/02\/23172849_1498760986874797_1808207532289317044_n-300x183.jpg 300w, https:\/\/gkvitkovice.cz\/wp-content\/uploads\/2018\/02\/23172849_1498760986874797_1808207532289317044_n-768x468.jpg 768w, https:\/\/gkvitkovice.cz\/wp-content\/uploads\/2018\/02\/23172849_1498760986874797_1808207532289317044_n.jpg 960w\" sizes=\"(max-width: 300px) 100vw, 300px\" \/><\/a>V ned\u011bli 5. 11. 2017 jsme se \u00fa\u010dastnili z\u00e1vodu Chebsk\u00e1 bradla. P\u0159\u00edjezd do Chebu byl velmi dramatick\u00fd, nebo\u0165 n\u00e1m nefungovala navigace, na domluven\u00e9m ubytov\u00e1n\u00ed o n\u00e1s nev\u011bd\u011bli a proto jsme \u0161li sp\u00e1t a\u017e nad r\u00e1nem.<\/p>\n<p><strong>Simona Kaczorov\u00e1<\/strong> a <strong>Ella Kosteleck\u00e1<\/strong> z\u00e1vodily na kladin\u011b, p\u0159eskoku a bradlech. Na bradlech a kladin\u011b ob\u011b z\u00edskaly nejvy\u0161\u0161\u00ed zn\u00e1mky z\u00e1vodu, ov\u0161em jejich velmi neobl\u00edben\u00fd p\u0159eskok rozhodl o tom, \u017ee skon\u010dily na nepopul\u00e1rn\u00edch m\u00edstech &#8211; Ella 4. m\u00edsto a Simona 5. m\u00edsto. P\u0159esto v\u00a0konkurenci d\u011bv\u010dat hezk\u00fd v\u00fdsledek, za kter\u00fd dostaly velmi hezk\u00e9 ply\u0161ov\u00e9 je\u017eky.<\/p>\n<p><strong>Honza Kaczor<\/strong> z\u00e1vodil na kruz\u00edch, bradlech a p\u0159eskoku. P\u0159eskok nen\u00ed jeho siln\u00e1 str\u00e1nka, ov\u0161em na kruz\u00edch zacvi\u010dil v\u00fdborn\u011b a tak\u00e9 na bradlech,\u00a0s\u00a0jednou velmi zbyte\u010dnou chybi\u010dkou, obdr\u017eel vysokou zn\u00e1mku.\u00a0Tak\u00e9 se um\u00edstil na nepopul\u00e1rn\u00edm 4.m\u00edst\u011b, kdy od 3. m\u00edsta jej d\u011blilo opravdu velmi m\u00e1lo.<\/p>\n<p>Fotky <a href=\"http:\/\/gkvitkovice.rajce.idnes.cz\/Chebska_bradla%2C_5.11.2017%2C_Cheb\/\">ZDE<\/a><\/p>\n<p>V\u00fdsledky <a href=\"http:\/\/www.gymfed.cz\/vysledky\/detail\/770\">ZDE<\/a><\/p>\n<div class=\"fb-like\" data-href=\"http:\/\/gkvitkovice.cz\/?p=1705\" data-layout=\"standard\" data-action=\"like\" data-size=\"small\" data-show-faces=\"true\" data-share=\"true\"><\/div>\n","protected":false},"excerpt":{"rendered":"<p><a href=\"http:\/\/gkvitkovice.cz\/wp-content\/uploads\/2018\/02\/23172849_1498760986874797_1808207532289317044_n.jpg\"><img loading=\"lazy\" class=\"alignleft size-medium wp-image-1706\" src=\"http:\/\/gkvitkovice.cz\/wp-content\/uploads\/2018\/02\/23172849_1498760986874797_1808207532289317044_n-300x183.jpg\" alt=\"\" width=\"300\" height=\"183\" srcset=\"https:\/\/gkvitkovice.cz\/wp-content\/uploads\/2018\/02\/23172849_1498760986874797_1808207532289317044_n-300x183.jpg 300w, https:\/\/gkvitkovice.cz\/wp-content\/uploads\/2018\/02\/23172849_1498760986874797_1808207532289317044_n-768x468.jpg 768w, https:\/\/gkvitkovice.cz\/wp-content\/uploads\/2018\/02\/23172849_1498760986874797_1808207532289317044_n.jpg 960w\" sizes=\"(max-width: 300px) 100vw, 300px\" \/><\/a>V ned\u011bli 5. 11. 2017 jsme se \u00fa\u010dastnili z\u00e1vodu Chebsk\u00e1 bradla. <\/p>\n","protected":false},"author":1,"featured_media":0,"comment_status":"open","ping_status":"open","sticky":false,"template":"","format":"standard","meta":[],"categories":[8],"tags":[],"_links":{"self":[{"href":"https:\/\/gkvitkovice.cz\/index.php?rest_route=\/wp\/v2\/posts\/1705"}],"collection":[{"href":"https:\/\/gkvitkovice.cz\/index.php?rest_route=\/wp\/v2\/posts"}],"about":[{"href":"https:\/\/gkvitkovice.cz\/index.php?rest_route=\/wp\/v2\/types\/post"}],"author":[{"embeddable":true,"href":"https:\/\/gkvitkovice.cz\/index.php?rest_route=\/wp\/v2\/users\/1"}],"replies":[{"embeddable":true,"href":"https:\/\/gkvitkovice.cz\/index.php?rest_route=%2Fwp%2Fv2%2Fcomments&post=1705"}],"version-history":[{"count":2,"href":"https:\/\/gkvitkovice.cz\/index.php?rest_route=\/wp\/v2\/posts\/1705\/revisions"}],"predecessor-version":[{"id":1729,"href":"https:\/\/gkvitkovice.cz\/index.php?rest_route=\/wp\/v2\/posts\/1705\/revisions\/1729"}],"wp:attachment":[{"href":"https:\/\/gkvitkovice.cz\/index.php?rest_route=%2Fwp%2Fv2%2Fmedia&parent=1705"}],"wp:term":[{"taxonomy":"category","embeddable":true,"href":"https:\/\/gkvitkovice.cz\/index.php?rest_route=%2Fwp%2Fv2%2Fcategories&post=1705"},{"taxonomy":"post_tag","embeddable":true,"href":"https:\/\/gkvitkovice.cz\/index.php?rest_route=%2Fwp%2Fv2%2Ftags&post=1705"}],"curies":[{"name":"wp","href":"https:\/\/api.w.org\/{rel}","templated":true}]}}