{"id":1708,"date":"2018-02-08T21:19:36","date_gmt":"2018-02-08T21:19:36","guid":{"rendered":"http:\/\/gkvitkovice.cz\/?p=1708"},"modified":"2018-02-08T21:20:14","modified_gmt":"2018-02-08T21:20:14","slug":"mikulassky-dvojboj-2017","status":"publish","type":"post","link":"https:\/\/gkvitkovice.cz\/?p=1708","title":{"rendered":"Mikul\u00e1\u0161sk\u00fd dvojboj 2017"},"content":{"rendered":"<div id=\"fb-root\"><\/div>\n<p><script>(function(d, s, id) {\n  var js, fjs = d.getElementsByTagName(s)[0];\n  if (d.getElementById(id)) return;\n  js = d.createElement(s); js.id = id;\n  js.src = 'https:\/\/connect.facebook.net\/cs_CZ\/sdk.js#xfbml=1&version=v2.12';\n  fjs.parentNode.insertBefore(js, fjs);\n}(document, 'script', 'facebook-jssdk'));<\/script><br \/>\n<a href=\"http:\/\/gkvitkovice.cz\/wp-content\/uploads\/2018\/02\/IMG_0382.jpg\"><img loading=\"lazy\" class=\"alignleft wp-image-1733 size-medium\" src=\"http:\/\/gkvitkovice.cz\/wp-content\/uploads\/2018\/02\/IMG_0382-e1518124744715-225x300.jpg\" alt=\"\" width=\"225\" height=\"300\" srcset=\"https:\/\/gkvitkovice.cz\/wp-content\/uploads\/2018\/02\/IMG_0382-e1518124744715-225x300.jpg 225w, https:\/\/gkvitkovice.cz\/wp-content\/uploads\/2018\/02\/IMG_0382-e1518124744715-768x1024.jpg 768w\" sizes=\"(max-width: 225px) 100vw, 225px\" \/><\/a>Do Kop\u0159ivnice jsme se vydali 9. 12. 2017 po p\u0159ihl\u00e1\u0161en\u00ed na posledn\u00ed chv\u00edli.<\/p>\n<p>Startovaly <strong>Aneta Nykodymov\u00e1<\/strong>, <strong>Ad\u00e9la Nykodymov\u00e1<\/strong>, <strong>Ad\u00e9la Zdvihalov\u00e1<\/strong>, <strong>Ella Kosteleck\u00e1<\/strong> a <strong>Simona Kaczorov\u00e1<\/strong>. Jednalo se o souboj na kladin\u011b a p\u0159eskoku a Ad\u00e9la Z. kladina, prostn\u00e1.<\/p>\n<p>Ad\u00e9la Z. zaznamenala p\u00e1d na kladin\u011b, neuznali j\u00ed vazbu dvou skok\u016f a ani na prostn\u00fdch se ji p\u0159\u00edli\u0161 neda\u0159ilo. Skon\u010dila tedy na 10. m\u00edst\u011b.<\/p>\n<p>Ad\u00e9lce Nykodymov\u00e9 se velice da\u0159ilo, ov\u0161em na kladin\u011b z\u00edskaly d\u00edvky vy\u0161\u0161\u00ed zn\u00e1mku d\u00edky obt\u00ed\u017enosti prvk\u016f. Ad\u00e9lka skon\u010dila\u00a0i tak na velmi hezk\u00e9m 5. m\u00edst\u011b.<\/p>\n<p>Anetka m\u011bla kr\u00e1sn\u00fd p\u0159eskok, druhou nejvy\u0161\u0161\u00ed zn\u00e1mku. Nervozita ov\u0161em zapracovala na kladin\u011b a zaznamenala 2 p\u00e1dy, to ji p\u0159ineslo 32. m\u00edsto.<\/p>\n<p>Ella m\u011bla jednu z\u00a0nejvy\u0161\u0161\u00edch zn\u00e1mek na p\u0159eskoku, ov\u0161em na kladin\u011b spadla z\u00a0kotoulu a p\u0159i n\u00e1skoku zp\u011bt na kladinu spadla op\u011bt, co\u017e ji st\u00e1lo\u00a0cenn\u00e9 body\u00a0a skon\u010dila\u00a0na 13. m\u00edst\u011b.<\/p>\n<p>Simona m\u011bla druhou nejvy\u0161\u0161\u00ed zn\u00e1mku na kladin\u011b, ov\u0161em p\u0159eskok ji nevy\u0161el moc hezky a skon\u010dila na 8. m\u00edst\u011b.<\/p>\n<p>Gratulujeme!<\/p>\n<p>Fotky <a href=\"https:\/\/gkvitkovice.rajce.idnes.cz\/Mikulassky_dvojboj,_Koprivnice,_9.12.2017\">ZDE<\/a><\/p>\n<p><a href=\"http:\/\/gkvitkovice.cz\/wp-content\/uploads\/2018\/02\/Mikul\u00e1\u0161sk\u00fd-poh\u00e1r_2017_v\u00fdsledky-1.pdf\">Mikul\u00e1\u0161sk\u00fd poh\u00e1r_2017_v\u00fdsledky<\/a><\/p>\n<div class=\"fb-like\" data-href=\"http:\/\/gkvitkovice.cz\/?p=1708\" data-layout=\"standard\" data-action=\"like\" data-size=\"small\" data-show-faces=\"true\" data-share=\"true\"><\/div>\n","protected":false},"excerpt":{"rendered":"<p><a href=\"http:\/\/gkvitkovice.cz\/wp-content\/uploads\/2018\/02\/IMG_0382.jpg\"><img loading=\"lazy\" class=\"alignleft wp-image-1733 size-medium\" src=\"http:\/\/gkvitkovice.cz\/wp-content\/uploads\/2018\/02\/IMG_0382-e1518124744715-225x300.jpg\" alt=\"\" width=\"225\" height=\"300\" srcset=\"https:\/\/gkvitkovice.cz\/wp-content\/uploads\/2018\/02\/IMG_0382-e1518124744715-225x300.jpg 225w, https:\/\/gkvitkovice.cz\/wp-content\/uploads\/2018\/02\/IMG_0382-e1518124744715-768x1024.jpg 768w\" sizes=\"(max-width: 225px) 100vw, 225px\" \/><\/a>Do Kop\u0159ivnice jsme se vydali 9. 12. 2017 po p\u0159ihl\u00e1\u0161en\u00ed na posledn\u00ed chv\u00edli.<\/p>\n","protected":false},"author":1,"featured_media":0,"comment_status":"open","ping_status":"open","sticky":false,"template":"","format":"standard","meta":[],"categories":[8],"tags":[],"_links":{"self":[{"href":"https:\/\/gkvitkovice.cz\/index.php?rest_route=\/wp\/v2\/posts\/1708"}],"collection":[{"href":"https:\/\/gkvitkovice.cz\/index.php?rest_route=\/wp\/v2\/posts"}],"about":[{"href":"https:\/\/gkvitkovice.cz\/index.php?rest_route=\/wp\/v2\/types\/post"}],"author":[{"embeddable":true,"href":"https:\/\/gkvitkovice.cz\/index.php?rest_route=\/wp\/v2\/users\/1"}],"replies":[{"embeddable":true,"href":"https:\/\/gkvitkovice.cz\/index.php?rest_route=%2Fwp%2Fv2%2Fcomments&post=1708"}],"version-history":[{"count":3,"href":"https:\/\/gkvitkovice.cz\/index.php?rest_route=\/wp\/v2\/posts\/1708\/revisions"}],"predecessor-version":[{"id":1735,"href":"https:\/\/gkvitkovice.cz\/index.php?rest_route=\/wp\/v2\/posts\/1708\/revisions\/1735"}],"wp:attachment":[{"href":"https:\/\/gkvitkovice.cz\/index.php?rest_route=%2Fwp%2Fv2%2Fmedia&parent=1708"}],"wp:term":[{"taxonomy":"category","embeddable":true,"href":"https:\/\/gkvitkovice.cz\/index.php?rest_route=%2Fwp%2Fv2%2Fcategories&post=1708"},{"taxonomy":"post_tag","embeddable":true,"href":"https:\/\/gkvitkovice.cz\/index.php?rest_route=%2Fwp%2Fv2%2Ftags&post=1708"}],"curies":[{"name":"wp","href":"https:\/\/api.w.org\/{rel}","templated":true}]}}