{"id":1713,"date":"2018-02-02T19:21:27","date_gmt":"2018-02-02T19:21:27","guid":{"rendered":"http:\/\/gkvitkovice.cz\/?p=1713"},"modified":"2018-02-02T19:21:55","modified_gmt":"2018-02-02T19:21:55","slug":"novorocni-pohar-2018","status":"publish","type":"post","link":"https:\/\/gkvitkovice.cz\/?p=1713","title":{"rendered":"Novoro\u010dn\u00ed poh\u00e1r 2018"},"content":{"rendered":"<div id=\"fb-root\"><\/div>\n<p><script>(function(d, s, id) {\n  var js, fjs = d.getElementsByTagName(s)[0];\n  if (d.getElementById(id)) return;\n  js = d.createElement(s); js.id = id;\n  js.src = 'https:\/\/connect.facebook.net\/cs_CZ\/sdk.js#xfbml=1&version=v2.12';\n  fjs.parentNode.insertBefore(js, fjs);\n}(document, 'script', 'facebook-jssdk'));<\/script><br \/>\n<a href=\"http:\/\/gkvitkovice.cz\/wp-content\/uploads\/2018\/02\/IMG_3223.jpg\"><img loading=\"lazy\" class=\"alignleft size-medium wp-image-1715\" src=\"http:\/\/gkvitkovice.cz\/wp-content\/uploads\/2018\/02\/IMG_3223-300x200.jpg\" alt=\"\" width=\"300\" height=\"200\" srcset=\"https:\/\/gkvitkovice.cz\/wp-content\/uploads\/2018\/02\/IMG_3223-300x200.jpg 300w, https:\/\/gkvitkovice.cz\/wp-content\/uploads\/2018\/02\/IMG_3223-768x512.jpg 768w, https:\/\/gkvitkovice.cz\/wp-content\/uploads\/2018\/02\/IMG_3223-1024x682.jpg 1024w, https:\/\/gkvitkovice.cz\/wp-content\/uploads\/2018\/02\/IMG_3223.jpg 2000w\" sizes=\"(max-width: 300px) 100vw, 300px\" \/><\/a>V\u00a0sobotu 27. 1. 2018 se ve Fren\u0161t\u00e1t\u011b pod Radho\u0161t\u011bm uskute\u010dnil z\u00e1vod v\u00a0trojboji d\u00edvek. Bojovalo se o poh\u00e1ry, kter\u00e9 mohla vyhr\u00e1t v\u00a0ka\u017ed\u00e9 kategorii prvn\u00ed t\u0159i d\u011bv\u010data. N\u00e1\u0161 odd\u00edl si odvezl hned p\u011bt t\u011bchto poh\u00e1r\u016f! Ty nejcenn\u011bj\u0161\u00ed vybojovaly<strong> Ad\u00e9lka Nykodymov\u00e1<\/strong> (r. nar. 2010) a <strong>Klaudi Hynek<\/strong> (r. nar. 2008). St\u0159\u00edbrn\u00fd poh\u00e1r si odvezla <strong>Ani\u010dka Kr\u00fdsov\u00e1<\/strong> (r. nar. 2006) a poh\u00e1ry za t\u0159et\u00ed m\u00edsto pak <strong>Natka Papou\u0161kov\u00e1<\/strong> (r. nar. 2008) a <strong>Anet Nykodymov\u00e1<\/strong> (r. nar.\u00a0\u00a02007). T\u011bsn\u011b pod stupni v\u00edt\u011bz\u016f se na 4. m\u00edst\u011b um\u00edstila <strong>Dom\u010da Friedrichov\u00e1<\/strong> (r. nar. 2007) a na 5. m\u00edst\u011b <strong>Terka Gromnicov\u00e1<\/strong> (r. nar. 2008). Jako obvykle startovalo nejv\u00edce d\u011bv\u010dat v\u00a0kategorii ro\u010dn\u00edku narozen\u00ed 2008, v\u00a0t\u00e9to kategorii jsme m\u011bli i my nejv\u011bt\u0161\u00ed zastoupen\u00ed. Krom\u011b ji\u017e uveden\u00fdch d\u011bv\u010dat startovala i <strong>Hanka Horsinkov\u00e1<\/strong> (10. m\u00edsto), <strong>Ella Kosteleck\u00e1<\/strong> (11. m\u00edsto), <strong>S\u00e1ra Sta\u0148kov\u00e1<\/strong> (13. m\u00edsto) a <strong>Sim\u010da Kaczorov\u00e1<\/strong> (18. m\u00edsto).<\/p>\n<p>D\u011bkujeme v\u0161em po\u0159adatel\u016fm za svi\u017en\u00fd pr\u016fb\u011bh z\u00e1vodu a za kr\u00e1sn\u00e9 ceny nejen pro v\u00edt\u011bzky, ale i pro v\u0161echny z\u00fa\u010dastn\u011bn\u00e9.<\/p>\n<p>Fotky <a href=\"http:\/\/gkvitkovice.rajce.idnes.cz\/Novorocni_zavod_ve_Frenstate%2C_leden_2018\/\">ZDE<\/a><\/p>\n<p><a href=\"http:\/\/gkvitkovice.cz\/wp-content\/uploads\/2018\/02\/NOVOROCNI_POHAR_2018_vysledky_27-01-2018.pdf\">NOVOROCNI_POHAR_2018_vysledky_27-01-2018<\/a><\/p>\n<div class=\"fb-like\" data-href=\"http:\/\/gkvitkovice.cz\/?p=1713\" data-layout=\"standard\" data-action=\"like\" data-size=\"small\" data-show-faces=\"true\" data-share=\"true\"><\/div>\n","protected":false},"excerpt":{"rendered":"<p><a href=\"http:\/\/gkvitkovice.cz\/wp-content\/uploads\/2018\/02\/IMG_3223.jpg\"><img loading=\"lazy\" class=\"alignleft size-medium wp-image-1715\" src=\"http:\/\/gkvitkovice.cz\/wp-content\/uploads\/2018\/02\/IMG_3223-300x200.jpg\" alt=\"\" width=\"300\" height=\"200\" srcset=\"https:\/\/gkvitkovice.cz\/wp-content\/uploads\/2018\/02\/IMG_3223-300x200.jpg 300w, https:\/\/gkvitkovice.cz\/wp-content\/uploads\/2018\/02\/IMG_3223-768x512.jpg 768w, https:\/\/gkvitkovice.cz\/wp-content\/uploads\/2018\/02\/IMG_3223-1024x682.jpg 1024w, https:\/\/gkvitkovice.cz\/wp-content\/uploads\/2018\/02\/IMG_3223.jpg 2000w\" sizes=\"(max-width: 300px) 100vw, 300px\" \/><\/a>V\u00a0sobotu 27. 1. 2018 se ve Fren\u0161t\u00e1t\u011b pod Radho\u0161t\u011bm uskute\u010dnil z\u00e1vod v\u00a0trojboji d\u00edvek. <\/p>\n","protected":false},"author":1,"featured_media":0,"comment_status":"open","ping_status":"open","sticky":false,"template":"","format":"standard","meta":[],"categories":[13],"tags":[],"_links":{"self":[{"href":"https:\/\/gkvitkovice.cz\/index.php?rest_route=\/wp\/v2\/posts\/1713"}],"collection":[{"href":"https:\/\/gkvitkovice.cz\/index.php?rest_route=\/wp\/v2\/posts"}],"about":[{"href":"https:\/\/gkvitkovice.cz\/index.php?rest_route=\/wp\/v2\/types\/post"}],"author":[{"embeddable":true,"href":"https:\/\/gkvitkovice.cz\/index.php?rest_route=\/wp\/v2\/users\/1"}],"replies":[{"embeddable":true,"href":"https:\/\/gkvitkovice.cz\/index.php?rest_route=%2Fwp%2Fv2%2Fcomments&post=1713"}],"version-history":[{"count":3,"href":"https:\/\/gkvitkovice.cz\/index.php?rest_route=\/wp\/v2\/posts\/1713\/revisions"}],"predecessor-version":[{"id":1718,"href":"https:\/\/gkvitkovice.cz\/index.php?rest_route=\/wp\/v2\/posts\/1713\/revisions\/1718"}],"wp:attachment":[{"href":"https:\/\/gkvitkovice.cz\/index.php?rest_route=%2Fwp%2Fv2%2Fmedia&parent=1713"}],"wp:term":[{"taxonomy":"category","embeddable":true,"href":"https:\/\/gkvitkovice.cz\/index.php?rest_route=%2Fwp%2Fv2%2Fcategories&post=1713"},{"taxonomy":"post_tag","embeddable":true,"href":"https:\/\/gkvitkovice.cz\/index.php?rest_route=%2Fwp%2Fv2%2Ftags&post=1713"}],"curies":[{"name":"wp","href":"https:\/\/api.w.org\/{rel}","templated":true}]}}