{"id":1741,"date":"2018-02-19T07:59:04","date_gmt":"2018-02-19T07:59:04","guid":{"rendered":"http:\/\/gkvitkovice.cz\/?p=1741"},"modified":"2018-02-19T07:59:31","modified_gmt":"2018-02-19T07:59:31","slug":"okresni-kolo-skolnich-zavodu-2018","status":"publish","type":"post","link":"https:\/\/gkvitkovice.cz\/?p=1741","title":{"rendered":"Okresn\u00ed kolo \u0161koln\u00edch z\u00e1vod\u016f 2018"},"content":{"rendered":"<div id=\"fb-root\"><\/div>\n<p><script>(function(d, s, id) {\n  var js, fjs = d.getElementsByTagName(s)[0];\n  if (d.getElementById(id)) return;\n  js = d.createElement(s); js.id = id;\n  js.src = 'https:\/\/connect.facebook.net\/cs_CZ\/sdk.js#xfbml=1&version=v2.12';\n  fjs.parentNode.insertBefore(js, fjs);\n}(document, 'script', 'facebook-jssdk'));<\/script><br \/>\n<a href=\"http:\/\/gkvitkovice.cz\/wp-content\/uploads\/2018\/02\/IMG_3919.jpg\"><img loading=\"lazy\" class=\"alignleft size-medium wp-image-1742\" src=\"http:\/\/gkvitkovice.cz\/wp-content\/uploads\/2018\/02\/IMG_3919-200x300.jpg\" alt=\"\" width=\"200\" height=\"300\" srcset=\"https:\/\/gkvitkovice.cz\/wp-content\/uploads\/2018\/02\/IMG_3919-200x300.jpg 200w, https:\/\/gkvitkovice.cz\/wp-content\/uploads\/2018\/02\/IMG_3919-768x1152.jpg 768w, https:\/\/gkvitkovice.cz\/wp-content\/uploads\/2018\/02\/IMG_3919-682x1024.jpg 682w, https:\/\/gkvitkovice.cz\/wp-content\/uploads\/2018\/02\/IMG_3919.jpg 1333w\" sizes=\"(max-width: 200px) 100vw, 200px\" \/><\/a>Ve st\u0159edu 14. 2. 2018 uspo\u0159\u00e1dala Z\u0160 Srbsk\u00e1 v\u00a0na\u0161\u00ed t\u011blocvi\u010dn\u011b \u0161koln\u00ed okresn\u00ed kolo ve sportovn\u00ed gymnastice d\u00edvek a chlapc\u016f. D\u011bv\u010data i chlapci z\u00e1vodili ve \u010dty\u0159ech kategori\u00edch, podle v\u011bku.<\/p>\n<p>N\u00e1\u0161 odd\u00edl m\u011bl zastoupen\u00ed hned ve dvou kategori\u00edch d\u011bv\u010dat. V\u00a0I. kategorii vyhr\u00e1lo dru\u017estvo Z\u0160 Volgogradsk\u00e9 ve slo\u017een\u00ed: <strong>Klaudie Hynek<\/strong>, <strong>S\u00e1ra Sta\u0148kov\u00e1<\/strong> a <strong>Julie Biolkov\u00e1<\/strong>. D\u011bv\u010data se um\u00edstila skv\u011ble i jako jednotlivkyn\u011b, z\u00e1vod vyhr\u00e1la K. Hynek, S. Sta\u0148kov\u00e1 se um\u00edstila na druh\u00e9m m\u00edst\u011b a J. Biolkov\u00e1 na 5. m\u00edst\u011b. Stejn\u011b dob\u0159e se vedlo i ve II. kategorii dru\u017estvu ze Z\u0160 Srbsk\u00e9 ve slo\u017een\u00ed: <strong>Anna Kr\u00fdsov\u00e1<\/strong>, <strong>Tereza Gromnicov\u00e1<\/strong>, <strong>Dominika Friedrichov\u00e1<\/strong> a Julie Poledn\u00edkov\u00e1. I tato d\u011bv\u010data vyhr\u00e1la ve sv\u00e9 kategorii z\u00e1vod dru\u017estev a nav\u00edc se i v\u0161echny prvn\u00ed t\u0159i jmenovan\u00e9 um\u00edstily na stupn\u00edch v\u00edt\u011bz\u016f jako jednotlivkyn\u011b.<\/p>\n<p>Ob\u011b dru\u017estva postupuj\u00ed do krajsk\u00e9ho kola, kter\u00e9 se bude konat op\u011bt u n\u00e1s v\u00a0gymnastice, tentokr\u00e1t ho bude po\u0159\u00e1dat Z\u0160 Ostrava-Pet\u0159kovice,\u00a0\u00a0a to 28. 3. 2018.<\/p>\n<p>Fotky <a href=\"https:\/\/gkvitkovice.rajce.idnes.cz\/Obvodni_kolo_zavodu_ASSK%2C_GK_Vitkovice_2018\/\">ZDE<\/a><\/p>\n<div class=\"fb-like\" data-href=\"http:\/\/gkvitkovice.cz\/?p=1741\" data-layout=\"standard\" data-action=\"like\" data-size=\"small\" data-show-faces=\"true\" data-share=\"true\"><\/div>\n<p>&nbsp;<\/p>\n","protected":false},"excerpt":{"rendered":"<p><a href=\"http:\/\/gkvitkovice.cz\/wp-content\/uploads\/2018\/02\/IMG_3919.jpg\"><img loading=\"lazy\" class=\"alignleft size-medium wp-image-1742\" src=\"http:\/\/gkvitkovice.cz\/wp-content\/uploads\/2018\/02\/IMG_3919-200x300.jpg\" alt=\"\" width=\"200\" height=\"300\" srcset=\"https:\/\/gkvitkovice.cz\/wp-content\/uploads\/2018\/02\/IMG_3919-200x300.jpg 200w, https:\/\/gkvitkovice.cz\/wp-content\/uploads\/2018\/02\/IMG_3919-768x1152.jpg 768w, https:\/\/gkvitkovice.cz\/wp-content\/uploads\/2018\/02\/IMG_3919-682x1024.jpg 682w, https:\/\/gkvitkovice.cz\/wp-content\/uploads\/2018\/02\/IMG_3919.jpg 1333w\" sizes=\"(max-width: 200px) 100vw, 200px\" \/><\/a>Ve st\u0159edu 14. 2. 2018 uspo\u0159\u00e1dala Z\u0160 Srbsk\u00e1 v\u00a0na\u0161\u00ed t\u011blocvi\u010dn\u011b \u0161koln\u00ed okresn\u00ed kolo ve sportovn\u00ed gymnastice d\u00edvek a chlapc\u016f. <\/p>\n","protected":false},"author":1,"featured_media":0,"comment_status":"open","ping_status":"open","sticky":false,"template":"","format":"standard","meta":[],"categories":[13],"tags":[],"_links":{"self":[{"href":"https:\/\/gkvitkovice.cz\/index.php?rest_route=\/wp\/v2\/posts\/1741"}],"collection":[{"href":"https:\/\/gkvitkovice.cz\/index.php?rest_route=\/wp\/v2\/posts"}],"about":[{"href":"https:\/\/gkvitkovice.cz\/index.php?rest_route=\/wp\/v2\/types\/post"}],"author":[{"embeddable":true,"href":"https:\/\/gkvitkovice.cz\/index.php?rest_route=\/wp\/v2\/users\/1"}],"replies":[{"embeddable":true,"href":"https:\/\/gkvitkovice.cz\/index.php?rest_route=%2Fwp%2Fv2%2Fcomments&post=1741"}],"version-history":[{"count":2,"href":"https:\/\/gkvitkovice.cz\/index.php?rest_route=\/wp\/v2\/posts\/1741\/revisions"}],"predecessor-version":[{"id":1744,"href":"https:\/\/gkvitkovice.cz\/index.php?rest_route=\/wp\/v2\/posts\/1741\/revisions\/1744"}],"wp:attachment":[{"href":"https:\/\/gkvitkovice.cz\/index.php?rest_route=%2Fwp%2Fv2%2Fmedia&parent=1741"}],"wp:term":[{"taxonomy":"category","embeddable":true,"href":"https:\/\/gkvitkovice.cz\/index.php?rest_route=%2Fwp%2Fv2%2Fcategories&post=1741"},{"taxonomy":"post_tag","embeddable":true,"href":"https:\/\/gkvitkovice.cz\/index.php?rest_route=%2Fwp%2Fv2%2Ftags&post=1741"}],"curies":[{"name":"wp","href":"https:\/\/api.w.org\/{rel}","templated":true}]}}