{"id":1745,"date":"2018-03-01T07:43:04","date_gmt":"2018-03-01T07:43:04","guid":{"rendered":"http:\/\/gkvitkovice.cz\/?p=1745"},"modified":"2018-03-01T07:44:30","modified_gmt":"2018-03-01T07:44:30","slug":"memorial-vojtecha-braziny-2018","status":"publish","type":"post","link":"https:\/\/gkvitkovice.cz\/?p=1745","title":{"rendered":"Memori\u00e1l Vojt\u011bcha Bra\u017einy 2018"},"content":{"rendered":"<div id=\"fb-root\"><\/div>\n<p><script>(function(d, s, id) {\n  var js, fjs = d.getElementsByTagName(s)[0];\n  if (d.getElementById(id)) return;\n  js = d.createElement(s); js.id = id;\n  js.src = 'https:\/\/connect.facebook.net\/cs_CZ\/sdk.js#xfbml=1&version=v2.12';\n  fjs.parentNode.insertBefore(js, fjs);\n}(document, 'script', 'facebook-jssdk'));<\/script><br \/>\n<a href=\"http:\/\/gkvitkovice.cz\/wp-content\/uploads\/2018\/02\/IMG_4131.jpg\"><img loading=\"lazy\" class=\"alignleft size-medium wp-image-1753\" src=\"http:\/\/gkvitkovice.cz\/wp-content\/uploads\/2018\/02\/IMG_4131-200x300.jpg\" alt=\"\" width=\"200\" height=\"300\" srcset=\"https:\/\/gkvitkovice.cz\/wp-content\/uploads\/2018\/02\/IMG_4131-200x300.jpg 200w, https:\/\/gkvitkovice.cz\/wp-content\/uploads\/2018\/02\/IMG_4131-768x1152.jpg 768w, https:\/\/gkvitkovice.cz\/wp-content\/uploads\/2018\/02\/IMG_4131-682x1024.jpg 682w, https:\/\/gkvitkovice.cz\/wp-content\/uploads\/2018\/02\/IMG_4131.jpg 1333w\" sizes=\"(max-width: 200px) 100vw, 200px\" \/><\/a>V\u00a0sobotu 17. 2. 2018 se konal prvn\u00ed z\u00e1vod Moravsk\u00e9ho poh\u00e1ru, kter\u00fd uspo\u0159\u00e1dal odd\u00edl sportovn\u00ed gymnastiky Fren\u0161t\u00e1t pod Radho\u0161t\u011bm. Tento odd\u00edl se ujal po\u0159\u00e1d\u00e1n\u00ed prvn\u00edho z\u00e1vodu opravdu skv\u011ble. Kr\u00e1sn\u00e9 ceny pro v\u0161echny, poh\u00e1ry a medaile pro prvn\u00ed t\u0159i z\u00e1vodnice a je\u0161t\u011b ke v\u0161emu speci\u00e1ln\u00ed cena v\u00a0podob\u011b poh\u00e1ru pro nejlep\u0161\u00ed \u201ebradla\u0159ku\u201c v\u00a0ka\u017ed\u00e9 kategorii. Celkem startovalo necel\u00fdch 130 z\u00e1vodnic ze \u010dtrn\u00e1cti odd\u00edl\u016f. Jako v\u017edy se stala nejobsazen\u011bj\u0161\u00ed, kategorie ro\u010dn\u00edku narozen\u00ed 2008. Mysl\u00edm si, \u017ee celkov\u011b se z\u00e1vod na\u0161im d\u011bv\u010dat\u016fm vyda\u0159il, ze dvan\u00e1cti \u00fa\u010dastnic hned \u010dty\u0159i vybojovaly medailov\u00e9 pozice.<\/p>\n<p>N\u00ed\u017ee uv\u00e1d\u00edme um\u00edst\u011bn\u00ed, jm\u00e9no z\u00e1vodnice (kategorii, ve kter\u00e9 startovala):<\/p>\n<p>1. m\u00edsto <strong>Klaudie Hynek<\/strong> (4. kategorie, r. nar. 2008)<\/p>\n<p>1. m\u00edsto <strong>Klaudie Hynek<\/strong> (cena za nejvy\u0161\u0161\u00ed zn\u00e1mku na bradlech ve 4.\u00a0kategorii)<\/p>\n<p>2. m\u00edsto <strong>Nat\u00e1lie Najdekov\u00e1<\/strong> (6. kategorie, r. nar. 2004-2005)<\/p>\n<p>3. m\u00edsto <strong>Nat\u00e1lie Papou\u0161kov\u00e1<\/strong> (4. kategorie, r. nar. 2008)<\/p>\n<p>3. m\u00edsto <strong>Anna Kr\u00fdsov\u00e1<\/strong> (5. kategorie, r. nar. 2006-2007)<\/p>\n<p>4. m\u00edsto <strong>Ad\u00e9la Nykodymov\u00e1<\/strong> (2. kategorie, r. nar. 2010)<\/p>\n<p>5. m\u00edsto <strong>Ella Kosteleck\u00e1<\/strong> (4. kategorie, r. nar. 2008)<\/p>\n<p>6. m\u00edsto<strong> Ad\u00e9la Zdvihalov\u00e1<\/strong> (6. kategorie, r. nar. 2004-2005)<\/p>\n<p>8. m\u00edsto <strong>Dominika Friedrichov\u00e1<\/strong> (5. kategorie, r. nar. 2006-2007)<\/p>\n<p>9. m\u00edsto<strong> Tereza Gromnicov\u00e1<\/strong> (4. kategorie, r. nar. 2008)<\/p>\n<p>12. m\u00edsto <strong>Aneta Nykodymov\u00e1<\/strong> (5. kategorie, r. nar. 2006-2007)<\/p>\n<p>18. m\u00edsto <strong>Simona Kaczorov\u00e1<\/strong> (4. kategorie, r. nar. 2008)<\/p>\n<p>19. m\u00edsto <strong>S\u00e1ra Sta\u0148kov\u00e1<\/strong> (4. kategorie, r. nar. 2008)<\/p>\n<p>Z\u00e1vodnic\u00edm i tren\u00e9r\u016fm gratulujeme!<\/p>\n<p>Fotky <a href=\"https:\/\/gkvitkovice.rajce.idnes.cz\/1._zavod_MP%2C_Frenstat_2018\/\">ZDE<\/a><\/p>\n<div class=\"fb-like\" data-href=\"http:\/\/gkvitkovice.cz\/?p=1745\" data-layout=\"standard\" data-action=\"like\" data-size=\"small\" data-show-faces=\"true\" data-share=\"true\"><\/div>\n","protected":false},"excerpt":{"rendered":"<p><a href=\"http:\/\/gkvitkovice.cz\/wp-content\/uploads\/2018\/02\/IMG_4131.jpg\"><img loading=\"lazy\" class=\"alignleft size-medium wp-image-1753\" src=\"http:\/\/gkvitkovice.cz\/wp-content\/uploads\/2018\/02\/IMG_4131-200x300.jpg\" alt=\"\" width=\"200\" height=\"300\" srcset=\"https:\/\/gkvitkovice.cz\/wp-content\/uploads\/2018\/02\/IMG_4131-200x300.jpg 200w, https:\/\/gkvitkovice.cz\/wp-content\/uploads\/2018\/02\/IMG_4131-768x1152.jpg 768w, https:\/\/gkvitkovice.cz\/wp-content\/uploads\/2018\/02\/IMG_4131-682x1024.jpg 682w, https:\/\/gkvitkovice.cz\/wp-content\/uploads\/2018\/02\/IMG_4131.jpg 1333w\" sizes=\"(max-width: 200px) 100vw, 200px\" \/><\/a>V\u00a0sobotu 17. 2. 2018 se konal prvn\u00ed z\u00e1vod Moravsk\u00e9ho poh\u00e1ru, kter\u00fd uspo\u0159\u00e1dal odd\u00edl sportovn\u00ed gymnastiky Fren\u0161t\u00e1t pod Radho\u0161t\u011bm.<\/p>\n","protected":false},"author":1,"featured_media":0,"comment_status":"open","ping_status":"open","sticky":false,"template":"","format":"standard","meta":[],"categories":[13],"tags":[],"_links":{"self":[{"href":"https:\/\/gkvitkovice.cz\/index.php?rest_route=\/wp\/v2\/posts\/1745"}],"collection":[{"href":"https:\/\/gkvitkovice.cz\/index.php?rest_route=\/wp\/v2\/posts"}],"about":[{"href":"https:\/\/gkvitkovice.cz\/index.php?rest_route=\/wp\/v2\/types\/post"}],"author":[{"embeddable":true,"href":"https:\/\/gkvitkovice.cz\/index.php?rest_route=\/wp\/v2\/users\/1"}],"replies":[{"embeddable":true,"href":"https:\/\/gkvitkovice.cz\/index.php?rest_route=%2Fwp%2Fv2%2Fcomments&post=1745"}],"version-history":[{"count":4,"href":"https:\/\/gkvitkovice.cz\/index.php?rest_route=\/wp\/v2\/posts\/1745\/revisions"}],"predecessor-version":[{"id":1756,"href":"https:\/\/gkvitkovice.cz\/index.php?rest_route=\/wp\/v2\/posts\/1745\/revisions\/1756"}],"wp:attachment":[{"href":"https:\/\/gkvitkovice.cz\/index.php?rest_route=%2Fwp%2Fv2%2Fmedia&parent=1745"}],"wp:term":[{"taxonomy":"category","embeddable":true,"href":"https:\/\/gkvitkovice.cz\/index.php?rest_route=%2Fwp%2Fv2%2Fcategories&post=1745"},{"taxonomy":"post_tag","embeddable":true,"href":"https:\/\/gkvitkovice.cz\/index.php?rest_route=%2Fwp%2Fv2%2Ftags&post=1745"}],"curies":[{"name":"wp","href":"https:\/\/api.w.org\/{rel}","templated":true}]}}