{"id":1769,"date":"2018-03-13T07:20:20","date_gmt":"2018-03-13T07:20:20","guid":{"rendered":"http:\/\/gkvitkovice.cz\/?p=1769"},"modified":"2018-03-13T13:29:07","modified_gmt":"2018-03-13T13:29:07","slug":"memorial-jana-hampla-2018","status":"publish","type":"post","link":"https:\/\/gkvitkovice.cz\/?p=1769","title":{"rendered":"Memori\u00e1l Jana Hampla 2018"},"content":{"rendered":"<div id=\"fb-root\"><\/div>\n<p><script>(function(d, s, id) {\n  var js, fjs = d.getElementsByTagName(s)[0];\n  if (d.getElementById(id)) return;\n  js = d.createElement(s); js.id = id;\n  js.src = 'https:\/\/connect.facebook.net\/cs_CZ\/sdk.js#xfbml=1&version=v2.12';\n  fjs.parentNode.insertBefore(js, fjs);\n}(document, 'script', 'facebook-jssdk'));<\/script><\/p>\n<div dir=\"auto\">\n<p><a href=\"http:\/\/gkvitkovice.cz\/wp-content\/uploads\/2018\/03\/IMG-20180310-WA0000.jpg\"><img loading=\"lazy\" class=\"alignleft size-medium wp-image-1770\" src=\"http:\/\/gkvitkovice.cz\/wp-content\/uploads\/2018\/03\/IMG-20180310-WA0000-225x300.jpg\" alt=\"\" width=\"225\" height=\"300\" srcset=\"https:\/\/gkvitkovice.cz\/wp-content\/uploads\/2018\/03\/IMG-20180310-WA0000-225x300.jpg 225w, https:\/\/gkvitkovice.cz\/wp-content\/uploads\/2018\/03\/IMG-20180310-WA0000-768x1024.jpg 768w, https:\/\/gkvitkovice.cz\/wp-content\/uploads\/2018\/03\/IMG-20180310-WA0000.jpg 1200w\" sizes=\"(max-width: 225px) 100vw, 225px\" \/><\/a>Na pozv\u00e1n\u00ed po\u0159\u00e1daj\u00edc\u00ed t\u011blov\u00fdchovn\u00e9 jednoty TJ Lokomotiva Pardubice jsme se 3. b\u0159ezna 2018 z\u00fa\u010dastnili velmi p\u011bkn\u00e9ho z\u00e1vodu.<\/p>\n<\/div>\n<div dir=\"auto\">\n<p>V I. sledu se p\u0159edstavila nejstar\u0161\u00ed d\u011bv\u010data, kde jsme m\u011bli dvoj\u00ed zastoupen\u00ed. V z\u00e1vod\u011b ro\u010dn\u00edk\u016f 2003 a star\u0161\u00ed obsadila <strong>Lenka Jaskovi\u010dov\u00e1<\/strong> 4. p\u0159\u00ed\u010dku a v z\u00e1vod\u011b ro\u010dn\u00edk\u016f 2006 a star\u0161\u00ed se um\u00edstila <strong>Nela \u0160t\u011bpandov\u00e1<\/strong> na 1. m\u00edst\u011b.<\/p>\n<\/div>\n<div dir=\"auto\">\n<p>Ve II. sledu jsme m\u011bli jednu z\u00e1vodnici, a to <strong>Lucii Fry\u010dovou<\/strong>, kter\u00e1 se v z\u00e1vod\u011b ro\u010dn\u00edk\u016f 2008-2009 um\u00edstila na 2. p\u0159\u00ed\u010dce.<\/p>\n<\/div>\n<div dir=\"auto\">\n<p>Ve III. sledu se p\u0159edstavily na\u0161e nejmlad\u0161\u00ed z\u00e1vodnice. Nejl\u00e9pe se v z\u00e1vod\u011b ro\u010dn\u00edk\u016f 2010 a mlad\u0161\u00ed vedlo <strong>Ad\u00e9lce Nykodymov\u00e9<\/strong>, kter\u00e1 si zajistila p\u011bkn\u00fdm v\u00fdkonem 3. m\u00edsto, <strong>Lin\u010fa Rakov\u00e1<\/strong> 5. m\u00edsto, <strong>Ka\u010dka B\u00e1rtkov\u00e1<\/strong> 6. m\u00edsto a <strong>Ad\u00e9lka Chudov\u00e1<\/strong> 13. m\u00edsto.<\/p>\n<\/div>\n<div dir=\"auto\">V\u0161echny na\u0161e gymnastky, star\u0161\u00ed i ty mlad\u0161\u00ed, v z\u00e1vod\u011b zaznamenaly minim\u00e1ln\u011b 1 p\u00e1d. Na za\u010d\u00e1tku z\u00e1vodn\u00ed sezony \u010dek\u00e1 d\u011bv\u010data je\u0161t\u011b piln\u00e1 p\u0159\u00edprava, aby se v dal\u0161\u00edch z\u00e1vodech p\u00e1d\u016fm vyvarovaly.<\/div>\n<div dir=\"auto\"><a href=\"http:\/\/gkvitkovice.cz\/wp-content\/uploads\/2018\/03\/Hampl-2018.pdf\">Hampl 2018<\/a><\/div>\n<div dir=\"auto\"><\/div>\n<div class=\"fb-like\" data-href=\"http:\/\/gkvitkovice.cz\/?p=1769\" data-layout=\"standard\" data-action=\"like\" data-size=\"small\" data-show-faces=\"true\" data-share=\"true\"><\/div>\n","protected":false},"excerpt":{"rendered":"<div dir=\"auto\"><a href=\"http:\/\/gkvitkovice.cz\/wp-content\/uploads\/2018\/03\/IMG-20180310-WA0000.jpg\"><img loading=\"lazy\" class=\"alignleft size-medium wp-image-1770\" src=\"http:\/\/gkvitkovice.cz\/wp-content\/uploads\/2018\/03\/IMG-20180310-WA0000-225x300.jpg\" alt=\"\" width=\"225\" height=\"300\" srcset=\"https:\/\/gkvitkovice.cz\/wp-content\/uploads\/2018\/03\/IMG-20180310-WA0000-225x300.jpg 225w, https:\/\/gkvitkovice.cz\/wp-content\/uploads\/2018\/03\/IMG-20180310-WA0000-768x1024.jpg 768w, https:\/\/gkvitkovice.cz\/wp-content\/uploads\/2018\/03\/IMG-20180310-WA0000.jpg 1200w\" sizes=\"(max-width: 225px) 100vw, 225px\" \/><\/a>Na pozv\u00e1n\u00ed po\u0159\u00e1daj\u00edc\u00ed t\u011blov\u00fdchovn\u00e9 jednoty TJ Lokomotiva Pardubice jsme se 3. b\u0159ezna 2018 z\u00fa\u010dastnili velmi p\u011bkn\u00e9ho z\u00e1vodu.<\/p>\n","protected":false},"author":1,"featured_media":0,"comment_status":"open","ping_status":"open","sticky":false,"template":"","format":"standard","meta":[],"categories":[13],"tags":[],"_links":{"self":[{"href":"https:\/\/gkvitkovice.cz\/index.php?rest_route=\/wp\/v2\/posts\/1769"}],"collection":[{"href":"https:\/\/gkvitkovice.cz\/index.php?rest_route=\/wp\/v2\/posts"}],"about":[{"href":"https:\/\/gkvitkovice.cz\/index.php?rest_route=\/wp\/v2\/types\/post"}],"author":[{"embeddable":true,"href":"https:\/\/gkvitkovice.cz\/index.php?rest_route=\/wp\/v2\/users\/1"}],"replies":[{"embeddable":true,"href":"https:\/\/gkvitkovice.cz\/index.php?rest_route=%2Fwp%2Fv2%2Fcomments&post=1769"}],"version-history":[{"count":4,"href":"https:\/\/gkvitkovice.cz\/index.php?rest_route=\/wp\/v2\/posts\/1769\/revisions"}],"predecessor-version":[{"id":1778,"href":"https:\/\/gkvitkovice.cz\/index.php?rest_route=\/wp\/v2\/posts\/1769\/revisions\/1778"}],"wp:attachment":[{"href":"https:\/\/gkvitkovice.cz\/index.php?rest_route=%2Fwp%2Fv2%2Fmedia&parent=1769"}],"wp:term":[{"taxonomy":"category","embeddable":true,"href":"https:\/\/gkvitkovice.cz\/index.php?rest_route=%2Fwp%2Fv2%2Fcategories&post=1769"},{"taxonomy":"post_tag","embeddable":true,"href":"https:\/\/gkvitkovice.cz\/index.php?rest_route=%2Fwp%2Fv2%2Ftags&post=1769"}],"curies":[{"name":"wp","href":"https:\/\/api.w.org\/{rel}","templated":true}]}}