{"id":1773,"date":"2018-03-23T20:57:25","date_gmt":"2018-03-23T20:57:25","guid":{"rendered":"http:\/\/gkvitkovice.cz\/?p=1773"},"modified":"2018-04-02T16:15:31","modified_gmt":"2018-04-02T16:15:31","slug":"memorial-milose-bortla-2018","status":"publish","type":"post","link":"https:\/\/gkvitkovice.cz\/?p=1773","title":{"rendered":"Memori\u00e1l Milo\u0161e Bortla 2018"},"content":{"rendered":"<div id=\"fb-root\"><\/div>\n<p><script>(function(d, s, id) {\n  var js, fjs = d.getElementsByTagName(s)[0];\n  if (d.getElementById(id)) return;\n  js = d.createElement(s); js.id = id;\n  js.src = 'https:\/\/connect.facebook.net\/cs_CZ\/sdk.js#xfbml=1&version=v2.12';\n  fjs.parentNode.insertBefore(js, fjs);\n}(document, 'script', 'facebook-jssdk'));<\/script><br \/>\n<a href=\"http:\/\/gkvitkovice.cz\/wp-content\/uploads\/2018\/03\/IMG_4205.jpg\"><img loading=\"lazy\" class=\"alignleft size-medium wp-image-1836\" src=\"http:\/\/gkvitkovice.cz\/wp-content\/uploads\/2018\/03\/IMG_4205-200x300.jpg\" alt=\"\" width=\"200\" height=\"300\" \/><\/a>\u00dasp\u011b\u0161n\u00fd v\u00edkend za\u017eily gymnastky GK V\u00edtkovic na druh\u00e9m z\u00e1vod\u011b Moravsk\u00e9ho poh\u00e1ru ve Valmezu, kter\u00fd se konal 11. 3. 2018.<\/p>\n<p>Nejmlad\u0161\u00ed \u00fa\u010dastnice <strong>Ad\u00e9lka Nykodymov\u00e1<\/strong> zacvi\u010dila kr\u00e1sn\u00fd trojboj a mezi ro\u010dn\u00edky narozen\u00ed 2010 si vybojovala bronzovou medaili.<\/p>\n<p>V ro\u010dn\u00edku 2008 ji\u017e holky cvi\u010dily cel\u00fd \u010dty\u0159boj, zlatou medaili si odvezla <strong>Klaudi Hynek<\/strong> a vyhl\u00e1\u0161en\u00e1 byla i <strong>Natka Papou\u0161kov\u00e1<\/strong>, kter\u00e1 skon\u010dila na \u0161est\u00e9m m\u00edst\u011b.<\/p>\n<p>Dal\u0161\u00ed obsazenou kategorii jsme m\u011bli v ro\u010dn\u00edc\u00edch narozen\u00ed 2006-2007, kde m\u011bly holky na kladin\u011b &#8222;l\u00edtac\u00ed&#8220; den. <strong>Ani Kr\u00fdsov\u00e1<\/strong> spadla z piruety, ale i tak to vysta\u010dilo na druh\u00e9 m\u00edsto, <strong>Anet Nykodymov\u00e1<\/strong> sice nespadla, ale nezvl\u00e1dla vazbu dvou skok\u016f, skon\u010dila na \u0161est\u00e9m m\u00edst\u011b a <strong>Dom\u010da Friedrichov\u00e1<\/strong> po p\u00e1du z kotoulu skon\u010dila na dev\u00e1t\u00e9m m\u00edst\u011b.<\/p>\n<p>Posledn\u00ed na\u0161e \u00fa\u010dastnice byla <strong>Natka Najdekov\u00e1<\/strong>, kter\u00e1 naopak dostala nejvy\u0161\u0161\u00ed zn\u00e1mku na kladin\u011b a v kategorii ro\u010dn\u00edk\u016f 2004-2005 z\u00edskala st\u0159\u00edbrnou medaili.<\/p>\n<p>Gratulujeme!<\/p>\n<p>Fotky <a href=\"http:\/\/gkvitkovice.rajce.idnes.cz\/Valmez%2C_2._zavod_MP_2018\/\">ZDE<\/a><\/p>\n<p><a href=\"http:\/\/gkvitkovice.cz\/wp-content\/uploads\/2018\/03\/V\u00ddSLEDKY-MMB-2018_final.xls\">V\u00ddSLEDKY &#8211; MMB 2018_final<\/a><\/p>\n<div class=\"fb-like\" data-href=\"http:\/\/gkvitkovice.cz\/?p=1773\" data-layout=\"standard\" data-action=\"like\" data-size=\"small\" data-show-faces=\"true\" data-share=\"true\"><\/div>\n","protected":false},"excerpt":{"rendered":"<p><a href=\"http:\/\/gkvitkovice.cz\/wp-content\/uploads\/2018\/03\/IMG_4205.jpg\"><img loading=\"lazy\" class=\"alignleft size-medium wp-image-1836\" src=\"http:\/\/gkvitkovice.cz\/wp-content\/uploads\/2018\/03\/IMG_4205-200x300.jpg\" alt=\"\" width=\"200\" height=\"300\" \/><\/a>\u00dasp\u011b\u0161n\u00fd v\u00edkend za\u017eily gymnastky GK V\u00edtkovic na druh\u00e9m z\u00e1vod\u011b Moravsk\u00e9ho poh\u00e1ru ve Valmezu, kter\u00fd se konal 11. 3. 2018.<\/p>\n","protected":false},"author":1,"featured_media":0,"comment_status":"open","ping_status":"open","sticky":false,"template":"","format":"standard","meta":[],"categories":[13],"tags":[],"_links":{"self":[{"href":"https:\/\/gkvitkovice.cz\/index.php?rest_route=\/wp\/v2\/posts\/1773"}],"collection":[{"href":"https:\/\/gkvitkovice.cz\/index.php?rest_route=\/wp\/v2\/posts"}],"about":[{"href":"https:\/\/gkvitkovice.cz\/index.php?rest_route=\/wp\/v2\/types\/post"}],"author":[{"embeddable":true,"href":"https:\/\/gkvitkovice.cz\/index.php?rest_route=\/wp\/v2\/users\/1"}],"replies":[{"embeddable":true,"href":"https:\/\/gkvitkovice.cz\/index.php?rest_route=%2Fwp%2Fv2%2Fcomments&post=1773"}],"version-history":[{"count":4,"href":"https:\/\/gkvitkovice.cz\/index.php?rest_route=\/wp\/v2\/posts\/1773\/revisions"}],"predecessor-version":[{"id":1856,"href":"https:\/\/gkvitkovice.cz\/index.php?rest_route=\/wp\/v2\/posts\/1773\/revisions\/1856"}],"wp:attachment":[{"href":"https:\/\/gkvitkovice.cz\/index.php?rest_route=%2Fwp%2Fv2%2Fmedia&parent=1773"}],"wp:term":[{"taxonomy":"category","embeddable":true,"href":"https:\/\/gkvitkovice.cz\/index.php?rest_route=%2Fwp%2Fv2%2Fcategories&post=1773"},{"taxonomy":"post_tag","embeddable":true,"href":"https:\/\/gkvitkovice.cz\/index.php?rest_route=%2Fwp%2Fv2%2Ftags&post=1773"}],"curies":[{"name":"wp","href":"https:\/\/api.w.org\/{rel}","templated":true}]}}