{"id":1779,"date":"2018-03-17T08:32:27","date_gmt":"2018-03-17T08:32:27","guid":{"rendered":"http:\/\/gkvitkovice.cz\/?p=1779"},"modified":"2018-03-21T15:34:57","modified_gmt":"2018-03-21T15:34:57","slug":"princezna-ceske-republiky-2018","status":"publish","type":"post","link":"https:\/\/gkvitkovice.cz\/?p=1779","title":{"rendered":"Princezna \u010cesk\u00e9 republiky 2018"},"content":{"rendered":"<p><a href=\"http:\/\/gkvitkovice.cz\/wp-content\/uploads\/2018\/03\/28907188_998002087004653_1372414451_n.png\"><img loading=\"lazy\" class=\"alignleft size-medium wp-image-1834\" src=\"http:\/\/gkvitkovice.cz\/wp-content\/uploads\/2018\/03\/28907188_998002087004653_1372414451_n-300x200.png\" alt=\"\" width=\"300\" height=\"200\" srcset=\"https:\/\/gkvitkovice.cz\/wp-content\/uploads\/2018\/03\/28907188_998002087004653_1372414451_n-300x200.png 300w, https:\/\/gkvitkovice.cz\/wp-content\/uploads\/2018\/03\/28907188_998002087004653_1372414451_n-768x512.png 768w, https:\/\/gkvitkovice.cz\/wp-content\/uploads\/2018\/03\/28907188_998002087004653_1372414451_n.png 960w\" sizes=\"(max-width: 300px) 100vw, 300px\" \/><\/a>V minul\u00e9m roce se na\u0161e gymnastka Simonka Kaczorov\u00e1 z\u00fa\u010dastnila sout\u011b\u017ee Princezna \u010cesk\u00e9 republiky, kter\u00e1 je pro v\u0161echny talentovan\u00e9 sle\u010dny ve v\u011bku 7 &#8211; 9 let. D\u00edky sout\u011b\u017ei z\u00edskala nov\u00e9 kamar\u00e1dky, skv\u011bl\u00e9 z\u00e1\u017eitky, spoustu zku\u0161enost\u00ed, kr\u00e1sn\u00e9 ceny a proto bych V\u00e1m cht\u011bla sout\u011b\u017e doporu\u010dit. Mysl\u00edm, si, \u017ee by se i dal\u0161\u00edm gymnastk\u00e1m sout\u011b\u017e l\u00edbila a m\u011bli byste ji zkusit p\u0159ihl\u00e1sit. Registrace je do konce b\u0159ezna na <a href=\"https:\/\/l.facebook.com\/l.php?u=http%3A%2F%2Fwww.princeznaceskerepubliky.cz%2Fregistrace&amp;h=ATOu8-W4ixMnOLaFqLLUmSKVcmLwTkz-9KKcYvdJeQifBpphP1a2kAS3fVcTp0zeFCHegypPVrYZJmuacDpnMMnEpoWGvspq5Q2KolnI1wYVsQ6XY1I\" target=\"_blank\" rel=\"nofollow noopener noreferrer\">www.princeznaceskerepubliky.cz\/registrace<\/a>.<\/p>\n<p>Takhle sout\u011b\u017e nen\u00ed typickou sout\u011b\u017e\u00ed kr\u00e1sy, po\u0159adatel\u00e9 hledaj\u00ed opravdov\u00e9 talenty, kter\u00fdm cht\u011bj\u00ed p\u0159edat je\u0161t\u011b v\u00edc zku\u0161enost\u00ed ne\u017e z\u00edskali do t\u00e9to doby, a to hlavn\u011b d\u00edky sv\u00e9 p\u00edli, tr\u00e9nink\u016fm, vytrvalosti a v\u00ed\u0159e v to, \u017ee PR\u00c1V\u011a ONY NA TO MAJ\u00cd!!<\/p>\n<p>Videoklip z lo\u0148sk\u00e9ho ro\u010dn\u00edku <a href=\"https:\/\/www.youtube.com\/watch?time_continue=179&amp;v=ItAm8QNKIAk\">ZDE<\/a><\/p>\n<ul>\n<li><em>S\u00e1ra Kaczorov\u00e1<\/em><\/li>\n<\/ul>\n","protected":false},"excerpt":{"rendered":"<p><a href=\"http:\/\/gkvitkovice.cz\/wp-content\/uploads\/2018\/03\/28907188_998002087004653_1372414451_n.png\"><img loading=\"lazy\" class=\"alignleft size-medium wp-image-1834\" src=\"http:\/\/gkvitkovice.cz\/wp-content\/uploads\/2018\/03\/28907188_998002087004653_1372414451_n-300x200.png\" alt=\"\" width=\"300\" height=\"200\" srcset=\"https:\/\/gkvitkovice.cz\/wp-content\/uploads\/2018\/03\/28907188_998002087004653_1372414451_n-300x200.png 300w, https:\/\/gkvitkovice.cz\/wp-content\/uploads\/2018\/03\/28907188_998002087004653_1372414451_n-768x512.png 768w, https:\/\/gkvitkovice.cz\/wp-content\/uploads\/2018\/03\/28907188_998002087004653_1372414451_n.png 960w\" sizes=\"(max-width: 300px) 100vw, 300px\" \/><\/a>V minul\u00e9m roce se na\u0161e gymnastka Simonka Kaczorov\u00e1 z\u00fa\u010dastnila sout\u011b\u017ee Princezna \u010cesk\u00e9 republiky, kter\u00e1 je pro v\u0161echny talentovan\u00e9 sle\u010dny ve v\u011bku 7 &#8211; 9 let. <\/p>\n","protected":false},"author":1,"featured_media":0,"comment_status":"open","ping_status":"open","sticky":false,"template":"","format":"standard","meta":[],"categories":[13],"tags":[],"_links":{"self":[{"href":"https:\/\/gkvitkovice.cz\/index.php?rest_route=\/wp\/v2\/posts\/1779"}],"collection":[{"href":"https:\/\/gkvitkovice.cz\/index.php?rest_route=\/wp\/v2\/posts"}],"about":[{"href":"https:\/\/gkvitkovice.cz\/index.php?rest_route=\/wp\/v2\/types\/post"}],"author":[{"embeddable":true,"href":"https:\/\/gkvitkovice.cz\/index.php?rest_route=\/wp\/v2\/users\/1"}],"replies":[{"embeddable":true,"href":"https:\/\/gkvitkovice.cz\/index.php?rest_route=%2Fwp%2Fv2%2Fcomments&post=1779"}],"version-history":[{"count":5,"href":"https:\/\/gkvitkovice.cz\/index.php?rest_route=\/wp\/v2\/posts\/1779\/revisions"}],"predecessor-version":[{"id":1835,"href":"https:\/\/gkvitkovice.cz\/index.php?rest_route=\/wp\/v2\/posts\/1779\/revisions\/1835"}],"wp:attachment":[{"href":"https:\/\/gkvitkovice.cz\/index.php?rest_route=%2Fwp%2Fv2%2Fmedia&parent=1779"}],"wp:term":[{"taxonomy":"category","embeddable":true,"href":"https:\/\/gkvitkovice.cz\/index.php?rest_route=%2Fwp%2Fv2%2Fcategories&post=1779"},{"taxonomy":"post_tag","embeddable":true,"href":"https:\/\/gkvitkovice.cz\/index.php?rest_route=%2Fwp%2Fv2%2Ftags&post=1779"}],"curies":[{"name":"wp","href":"https:\/\/api.w.org\/{rel}","templated":true}]}}