{"id":1826,"date":"2018-03-21T15:28:47","date_gmt":"2018-03-21T15:28:47","guid":{"rendered":"http:\/\/gkvitkovice.cz\/?p=1826"},"modified":"2018-03-21T15:29:33","modified_gmt":"2018-03-21T15:29:33","slug":"mimi-pohar-2018","status":"publish","type":"post","link":"https:\/\/gkvitkovice.cz\/?p=1826","title":{"rendered":"Mimi poh\u00e1r 2018"},"content":{"rendered":"<div id=\"fb-root\"><\/div>\n<p><script>(function(d, s, id) {\n  var js, fjs = d.getElementsByTagName(s)[0];\n  if (d.getElementById(id)) return;\n  js = d.createElement(s); js.id = id;\n  js.src = 'https:\/\/connect.facebook.net\/cs_CZ\/sdk.js#xfbml=1&version=v2.12';\n  fjs.parentNode.insertBefore(js, fjs);\n}(document, 'script', 'facebook-jssdk'));<\/script><br \/>\n<a href=\"http:\/\/gkvitkovice.cz\/wp-content\/uploads\/2018\/03\/IMG_0588.jpg\"><img loading=\"lazy\" class=\"alignleft size-medium wp-image-1824\" src=\"http:\/\/gkvitkovice.cz\/wp-content\/uploads\/2018\/03\/IMG_0588-300x225.jpg\" alt=\"\" width=\"300\" height=\"225\" srcset=\"https:\/\/gkvitkovice.cz\/wp-content\/uploads\/2018\/03\/IMG_0588-300x225.jpg 300w, https:\/\/gkvitkovice.cz\/wp-content\/uploads\/2018\/03\/IMG_0588.jpg 640w\" sizes=\"(max-width: 300px) 100vw, 300px\" \/><\/a>V sobotu 17. 3. 2018 jsme se z\u00fa\u010dastnily jarn\u00edho z\u00e1vodu Mimi poh\u00e1r v Brn\u011b. Bohu\u017eel na startu se objevilo m\u00e9n\u011b z\u00e1vodnic ne\u017e je obvykl\u00e9, a to z d\u016fvodu ch\u0159ipkov\u00e9 epidemie.<\/p>\n<p>Na\u0161e d\u011bv\u010data <strong>Ad\u00e9la \u010c\u00e1pov\u00e1<\/strong> a <strong>Lucie Fry\u010dov\u00e1<\/strong> zacvi\u010dila v\u0161echna t\u0159i n\u00e1\u0159ad\u00ed velmi zda\u0159ile a proto si v kategorii ro\u010dn\u00edk\u016f 2008 &#8211; 2007 odvezla zlatou medaili Lucka a bronz pat\u0159il Ad\u00e9lce.<\/p>\n<p>Fotky <a href=\"https:\/\/gkvitkovice.rajce.idnes.cz\/Mimi_pohar,_Brno,_17.3.2018\">ZDE<\/a><\/p>\n<p><a href=\"http:\/\/gkvitkovice.cz\/wp-content\/uploads\/2018\/03\/Mimi_pohar_vysledky_2018.xls\">Mimi_pohar_vysledky_2018<\/a><\/p>\n<div class=\"fb-like\" data-href=\"http:\/\/gkvitkovice.cz\/?p=1826\" data-layout=\"standard\" data-action=\"like\" data-size=\"small\" data-show-faces=\"true\" data-share=\"true\"><\/div>\n","protected":false},"excerpt":{"rendered":"<p><a href=\"http:\/\/gkvitkovice.cz\/wp-content\/uploads\/2018\/03\/IMG_0588.jpg\"><img loading=\"lazy\" class=\"alignleft size-medium wp-image-1824\" src=\"http:\/\/gkvitkovice.cz\/wp-content\/uploads\/2018\/03\/IMG_0588-300x225.jpg\" alt=\"\" width=\"300\" height=\"225\" srcset=\"https:\/\/gkvitkovice.cz\/wp-content\/uploads\/2018\/03\/IMG_0588-300x225.jpg 300w, https:\/\/gkvitkovice.cz\/wp-content\/uploads\/2018\/03\/IMG_0588.jpg 640w\" sizes=\"(max-width: 300px) 100vw, 300px\" \/><\/a>V sobotu 17. 3. 2018 jsme se z\u00fa\u010dastnily jarn\u00edho z\u00e1vodu Mimi poh\u00e1r v Brn\u011b.<\/p>\n","protected":false},"author":1,"featured_media":0,"comment_status":"open","ping_status":"open","sticky":false,"template":"","format":"standard","meta":[],"categories":[13],"tags":[],"_links":{"self":[{"href":"https:\/\/gkvitkovice.cz\/index.php?rest_route=\/wp\/v2\/posts\/1826"}],"collection":[{"href":"https:\/\/gkvitkovice.cz\/index.php?rest_route=\/wp\/v2\/posts"}],"about":[{"href":"https:\/\/gkvitkovice.cz\/index.php?rest_route=\/wp\/v2\/types\/post"}],"author":[{"embeddable":true,"href":"https:\/\/gkvitkovice.cz\/index.php?rest_route=\/wp\/v2\/users\/1"}],"replies":[{"embeddable":true,"href":"https:\/\/gkvitkovice.cz\/index.php?rest_route=%2Fwp%2Fv2%2Fcomments&post=1826"}],"version-history":[{"count":4,"href":"https:\/\/gkvitkovice.cz\/index.php?rest_route=\/wp\/v2\/posts\/1826\/revisions"}],"predecessor-version":[{"id":1832,"href":"https:\/\/gkvitkovice.cz\/index.php?rest_route=\/wp\/v2\/posts\/1826\/revisions\/1832"}],"wp:attachment":[{"href":"https:\/\/gkvitkovice.cz\/index.php?rest_route=%2Fwp%2Fv2%2Fmedia&parent=1826"}],"wp:term":[{"taxonomy":"category","embeddable":true,"href":"https:\/\/gkvitkovice.cz\/index.php?rest_route=%2Fwp%2Fv2%2Fcategories&post=1826"},{"taxonomy":"post_tag","embeddable":true,"href":"https:\/\/gkvitkovice.cz\/index.php?rest_route=%2Fwp%2Fv2%2Ftags&post=1826"}],"curies":[{"name":"wp","href":"https:\/\/api.w.org\/{rel}","templated":true}]}}