{"id":1839,"date":"2018-03-26T17:48:55","date_gmt":"2018-03-26T17:48:55","guid":{"rendered":"http:\/\/gkvitkovice.cz\/?p=1839"},"modified":"2018-03-26T17:50:53","modified_gmt":"2018-03-26T17:50:53","slug":"ostravsky-certik-2018","status":"publish","type":"post","link":"https:\/\/gkvitkovice.cz\/?p=1839","title":{"rendered":"Ostravsk\u00fd \u010dert\u00edk 2018"},"content":{"rendered":"<div id=\"fb-root\"><\/div>\n<p><script>(function(d, s, id) {\n  var js, fjs = d.getElementsByTagName(s)[0];\n  if (d.getElementById(id)) return;\n  js = d.createElement(s); js.id = id;\n  js.src = 'https:\/\/connect.facebook.net\/cs_CZ\/sdk.js#xfbml=1&version=v2.12';\n  fjs.parentNode.insertBefore(js, fjs);\n}(document, 'script', 'facebook-jssdk'));<\/script><br \/>\n<a href=\"http:\/\/gkvitkovice.cz\/wp-content\/uploads\/2018\/03\/P3240021.jpg\"><img loading=\"lazy\" class=\"size-medium wp-image-1840 alignleft\" src=\"http:\/\/gkvitkovice.cz\/wp-content\/uploads\/2018\/03\/P3240021-300x200.jpg\" alt=\"\" width=\"300\" height=\"200\" srcset=\"https:\/\/gkvitkovice.cz\/wp-content\/uploads\/2018\/03\/P3240021-300x200.jpg 300w, https:\/\/gkvitkovice.cz\/wp-content\/uploads\/2018\/03\/P3240021-768x512.jpg 768w, https:\/\/gkvitkovice.cz\/wp-content\/uploads\/2018\/03\/P3240021-1024x683.jpg 1024w\" sizes=\"(max-width: 300px) 100vw, 300px\" \/><\/a>V sobotu 24. 3. 2018 se v t\u011blocvi\u010dn\u011b TJ Sokol Moravsk\u00e1 Ostrava 1 konal tradi\u010dn\u00ed z\u00e1vod Ostravsk\u00fd \u010dert\u00edk. \u00da\u010dast byla opravdu velk\u00e1, z\u00e1vodilo v\u00edce ne\u017e 200 z\u00e1vodnic! Tud\u00ed\u017e i p\u0159esto, \u017ee z\u00e1vod opravdu ods\u00fdpal a nebyly zbyte\u010dn\u00e9 prostoje, se posledn\u00ed vyhl\u00e1\u0161en\u00ed v\u00fdsledk\u016f konalo a\u017e v 19 hod. \u00dat\u011bchou n\u00e1m v\u0161ak m\u016f\u017ee b\u00fdt alespo\u0148 to, \u017ee se na\u0161im z\u00e1vodnic\u00edm velmi da\u0159ilo a z\u00edskaly kr\u00e1sn\u00e1 um\u00edst\u011bn\u00ed i spoustu medail\u00ed.<\/p>\n<p>Z d\u016fvodu velk\u00e9ho po\u010dtu p\u0159ihl\u00e1\u0161en\u00fdch z\u00e1vodnic byla tak\u00e9 v\u011bt\u0161ina kategori\u00ed rozd\u011blena a vyhla\u0161ov\u00e1na dle ro\u010dn\u00edk\u016f narozen\u00ed.<\/p>\n<p><a href=\"http:\/\/gkvitkovice.cz\/wp-content\/uploads\/2018\/03\/P3240057.jpg\"><img loading=\"lazy\" class=\"size-medium wp-image-1845 alignleft\" src=\"http:\/\/gkvitkovice.cz\/wp-content\/uploads\/2018\/03\/P3240057-300x200.jpg\" alt=\"\" width=\"300\" height=\"200\" srcset=\"https:\/\/gkvitkovice.cz\/wp-content\/uploads\/2018\/03\/P3240057-300x200.jpg 300w, https:\/\/gkvitkovice.cz\/wp-content\/uploads\/2018\/03\/P3240057-768x512.jpg 768w, https:\/\/gkvitkovice.cz\/wp-content\/uploads\/2018\/03\/P3240057-1024x683.jpg 1024w\" sizes=\"(max-width: 300px) 100vw, 300px\" \/><\/a><\/p>\n<p>Hned v prvn\u00ed nejmlad\u0161\u00ed kategorii Mimi 1 (ro\u010d. 2013) se zada\u0159ilo <strong>Frederice Prutkayov\u00e9<\/strong>, kter\u00e1 s p\u0159ehledem vybojovala\u00a0zlatou medaili. Ani d\u011bv\u010data s ro\u010dn\u00edkem narozen\u00ed 2012 se v\u0161ak nenechala zahanbit, a p\u0159esto\u017ee to byly jejich prvn\u00ed z\u00e1vody mimo na\u0161i t\u011blocvi\u010dnu, tak si hned odvezly zlato &#8211; <strong>Elen Kantorov\u00e1<\/strong> a st\u0159\u00edbro &#8211; <strong>Eli\u0161ka Rozehnalov\u00e1<\/strong>. <strong>Barbora Skotnicov\u00e1<\/strong> se um\u00edstila na 11. m\u00edst\u011b, <strong>Zoe Kol\u00e1\u0159ov\u00e1<\/strong> na 19. m\u00edst\u011b, <strong>Dominika Libi\u0161ov\u00e1<\/strong> na 20. m\u00edst\u011b a <strong>Kristin Bujokov\u00e1<\/strong> na 26. m\u00edst\u011b.<\/p>\n<p>V kategorii Mimi 2 (ro\u010d. 2011) se nejl\u00e9pe vedlo <strong>Sabin\u011b Z\u00e1vodn\u00e9<\/strong> na 14. m\u00edst\u011b, <strong>Am\u00e1lie Jakobov\u00e1<\/strong> 18. m\u00edsto, <strong>Izabela \u0160tefan\u00edkov\u00e1<\/strong> 20. m\u00edsto, <strong>Kl\u00e1ra Ja\u0161kov\u00e1<\/strong> 21. m\u00edsto a <strong>Viktorie Li\u010dkov\u00e1<\/strong> 22. m\u00edsto.<\/p>\n<p><a href=\"http:\/\/gkvitkovice.cz\/wp-content\/uploads\/2018\/03\/P3240052.jpg\"><img loading=\"lazy\" class=\"size-medium wp-image-1848 alignleft\" src=\"http:\/\/gkvitkovice.cz\/wp-content\/uploads\/2018\/03\/P3240052-300x200.jpg\" alt=\"\" width=\"300\" height=\"200\" srcset=\"https:\/\/gkvitkovice.cz\/wp-content\/uploads\/2018\/03\/P3240052-300x200.jpg 300w, https:\/\/gkvitkovice.cz\/wp-content\/uploads\/2018\/03\/P3240052-768x512.jpg 768w, https:\/\/gkvitkovice.cz\/wp-content\/uploads\/2018\/03\/P3240052-1024x683.jpg 1024w\" sizes=\"(max-width: 300px) 100vw, 300px\" \/><\/a><\/p>\n<p>Ani v kategorii 1B (ro\u010d. 2011) jsme bohu\u017eel na medaile nedos\u00e1hly, p\u0159esto holky vybojovaly kr\u00e1sn\u00e1 um\u00edst\u011bn\u00ed &#8211;\u00a0<strong>Ad\u00e9la Chudov\u00e1<\/strong> se um\u00edstila na 7. m\u00edst\u011b, <strong>Linda Rakov\u00e1<\/strong> na 8. m\u00edst\u011b, <strong>Michaela Vavro\u0161ov\u00e1<\/strong> na 12. m\u00edst\u011b a <strong>Julie Biolkov\u00e1<\/strong> na 13. m\u00edst\u011b. L\u00e9pe se v t\u00e9to kategorii vedlo d\u011bv\u010dat\u016fm s ro\u010dn\u00edkem narozen\u00ed 2010 &#8211; <strong>Kate\u0159ina B\u00e1rtkov\u00e1<\/strong> z\u00edskala zlatou medaili. <strong>Ad\u00e9la Nykodymov\u00e1<\/strong> obsadila 8. m\u00edsto, <strong>Nela Hl\u00e1vkov\u00e1<\/strong> 15. m\u00edsto, <strong>Aneta Nen\u00ed\u010dkov\u00e1<\/strong> 26. m\u00edsto, <strong>Anna Jano\u0161cov\u00e1<\/strong> 31. m\u00edsto, <strong>Eli\u0161ka Bystro\u0148ov\u00e1<\/strong> 32. m\u00edsto a <strong>Val\u00e9rie \u0160enk\u00fd\u0159ov\u00e1<\/strong> 36. m\u00edsto.<\/p>\n<p>V kategorii 2B (ro\u010d. 2008) se <strong>Veronice Koci\u00e1nov\u00e9<\/strong>, i po p\u00e1du z kladiny, poda\u0159ilo vybojovat p\u011bkn\u00e9 9. m\u00edsto.<\/p>\n<p>V kategorii 3B (ro\u010d. 2007-2006) se <strong>So\u0148a Kocourkov\u00e1<\/strong> um\u00edstila na 14. m\u00edst\u011b.<\/p>\n<p><strong>Lucie Fry\u010dov\u00e1<\/strong> vybojovala v kategorii 6A (ro\u010d. 2009-2008) st\u0159\u00edbrnou medaili.<\/p>\n<p>Kategorii 7A (ro\u010d. 2006-2007), i s jedn\u00edm p\u00e1dem z kladiny, s p\u0159ehledem vyhr\u00e1la <strong>Nela \u0160t\u011bpandov\u00e1<\/strong>, <strong>Be\u00e1ta \u017d\u00e1kov\u00e1<\/strong> se, takt\u00e9\u017e s p\u00e1dem z kladiny, um\u00edstila na 8. m\u00edst\u011b.<\/p>\n<p>Gratulujeme tren\u00e9r\u016fm i z\u00e1vodnic\u00edm, a rozhod\u010d\u00edm d\u011bkujeme za \u010das, kter\u00fd v t\u011blocvi\u010dn\u011b str\u00e1vily.<\/p>\n<p>Fotky a videa <a href=\"https:\/\/gkvitkovice.rajce.idnes.cz\/Ostravsky_certik,_24.3.2018\">ZDE<\/a><\/p>\n<p><a href=\"http:\/\/gkvitkovice.cz\/wp-content\/uploads\/2018\/03\/Ostravsk\u00fd_\u010dert\u00edk_2018.zip\">Ostravsk\u00fd_\u010dert\u00edk_2018<\/a><\/p>\n<p>&nbsp;<\/p>\n<p>&nbsp;<\/p>\n<div class=\"fb-like\" data-href=\"http:\/\/gkvitkovice.cz\/?p=1839\" data-layout=\"standard\" data-action=\"like\" data-size=\"small\" data-show-faces=\"true\" data-share=\"true\"><\/div>\n","protected":false},"excerpt":{"rendered":"<p><a href=\"http:\/\/gkvitkovice.cz\/wp-content\/uploads\/2018\/03\/P3240021.jpg\"><img loading=\"lazy\" class=\"size-medium wp-image-1840 alignleft\" src=\"http:\/\/gkvitkovice.cz\/wp-content\/uploads\/2018\/03\/P3240021-300x200.jpg\" alt=\"\" width=\"300\" height=\"200\" srcset=\"https:\/\/gkvitkovice.cz\/wp-content\/uploads\/2018\/03\/P3240021-300x200.jpg 300w, https:\/\/gkvitkovice.cz\/wp-content\/uploads\/2018\/03\/P3240021-768x512.jpg 768w, https:\/\/gkvitkovice.cz\/wp-content\/uploads\/2018\/03\/P3240021-1024x683.jpg 1024w\" sizes=\"(max-width: 300px) 100vw, 300px\" \/><\/a>V sobotu 24. 3. 2018 se v t\u011blocvi\u010dn\u011b TJ Sokol Moravsk\u00e1 Ostrava 1 konal tradi\u010dn\u00ed z\u00e1vod Ostravsk\u00fd \u010dert\u00edk.<\/p>\n","protected":false},"author":1,"featured_media":0,"comment_status":"open","ping_status":"open","sticky":false,"template":"","format":"standard","meta":[],"categories":[13],"tags":[],"_links":{"self":[{"href":"https:\/\/gkvitkovice.cz\/index.php?rest_route=\/wp\/v2\/posts\/1839"}],"collection":[{"href":"https:\/\/gkvitkovice.cz\/index.php?rest_route=\/wp\/v2\/posts"}],"about":[{"href":"https:\/\/gkvitkovice.cz\/index.php?rest_route=\/wp\/v2\/types\/post"}],"author":[{"embeddable":true,"href":"https:\/\/gkvitkovice.cz\/index.php?rest_route=\/wp\/v2\/users\/1"}],"replies":[{"embeddable":true,"href":"https:\/\/gkvitkovice.cz\/index.php?rest_route=%2Fwp%2Fv2%2Fcomments&post=1839"}],"version-history":[{"count":11,"href":"https:\/\/gkvitkovice.cz\/index.php?rest_route=\/wp\/v2\/posts\/1839\/revisions"}],"predecessor-version":[{"id":1854,"href":"https:\/\/gkvitkovice.cz\/index.php?rest_route=\/wp\/v2\/posts\/1839\/revisions\/1854"}],"wp:attachment":[{"href":"https:\/\/gkvitkovice.cz\/index.php?rest_route=%2Fwp%2Fv2%2Fmedia&parent=1839"}],"wp:term":[{"taxonomy":"category","embeddable":true,"href":"https:\/\/gkvitkovice.cz\/index.php?rest_route=%2Fwp%2Fv2%2Fcategories&post=1839"},{"taxonomy":"post_tag","embeddable":true,"href":"https:\/\/gkvitkovice.cz\/index.php?rest_route=%2Fwp%2Fv2%2Ftags&post=1839"}],"curies":[{"name":"wp","href":"https:\/\/api.w.org\/{rel}","templated":true}]}}