{"id":1857,"date":"2018-04-02T16:35:01","date_gmt":"2018-04-02T16:35:01","guid":{"rendered":"http:\/\/gkvitkovice.cz\/?p=1857"},"modified":"2018-04-02T16:35:37","modified_gmt":"2018-04-02T16:35:37","slug":"vyhlaseni-sportovce-roku-2017-moravskoslezskeho-kraje","status":"publish","type":"post","link":"https:\/\/gkvitkovice.cz\/?p=1857","title":{"rendered":"Vyhl\u00e1\u0161en\u00ed Sportovce roku 2017 Moravskoslezsk\u00e9ho kraje"},"content":{"rendered":"<div id=\"fb-root\"><\/div>\n<p><script>(function(d, s, id) {\n  var js, fjs = d.getElementsByTagName(s)[0];\n  if (d.getElementById(id)) return;\n  js = d.createElement(s); js.id = id;\n  js.src = 'https:\/\/connect.facebook.net\/cs_CZ\/sdk.js#xfbml=1&version=v2.12';\n  fjs.parentNode.insertBefore(js, fjs);\n}(document, 'script', 'facebook-jssdk'));<\/script><br \/>\n<a href=\"http:\/\/gkvitkovice.cz\/wp-content\/uploads\/2018\/04\/REP3455.jpg\"><img loading=\"lazy\" class=\"alignleft size-medium wp-image-1858\" src=\"http:\/\/gkvitkovice.cz\/wp-content\/uploads\/2018\/04\/REP3455-200x300.jpg\" alt=\"\" width=\"200\" height=\"300\" srcset=\"https:\/\/gkvitkovice.cz\/wp-content\/uploads\/2018\/04\/REP3455-200x300.jpg 200w, https:\/\/gkvitkovice.cz\/wp-content\/uploads\/2018\/04\/REP3455.jpg 533w\" sizes=\"(max-width: 200px) 100vw, 200px\" \/><\/a>Moravskoslezsk\u00fd kraj ka\u017edoro\u010dn\u011b vyhodnocuje a oce\u0148uje sportovce, kte\u0159\u00ed dos\u00e1hli vynikaj\u00edc\u00edho nebo mimo\u0159\u00e1dn\u00e9ho sportovn\u00edho v\u00fdkonu nebo se o n\u011bj zaslou\u017eili v jednotliv\u00fdch vyhla\u0161ovan\u00fdch kategori\u00edch, a dal\u0161\u00ed v\u00fdznamn\u00e9 a mimo\u0159\u00e1dn\u00e9 sportovn\u00ed aktivity spojen\u00e9 s\u00a0\u0161\u00ed\u0159en\u00edm dobr\u00e9ho jm\u00e9na kraje.<\/p>\n<p>Ocen\u011bn\u00edm nej\u00fasp\u011b\u0161n\u011bj\u0161\u00edch sportovc\u016f a sportovn\u00edch aktivit kraje jsou zv\u00fdrazn\u011bny spole\u010densk\u00fd v\u00fdznam sportu, podpora z\u00e1jmu \u0161irok\u00e9 ve\u0159ejnosti o aktivn\u00ed sport, pozitivn\u00ed \u00fa\u010dinek sportu pro zdrav\u00ed lid\u00ed a tak\u00e9 v\u00fdznam sportu jako \u00fa\u010dinn\u00fd faktor prevence proti spole\u010densk\u00fdm negativn\u00edm jev\u016fm.<\/p>\n<p>Mezi \u0161estic\u00ed nominovan\u00fdch v kategorii Objev roku 2017\u00a0byla i\u00a0gymnastka na\u0161eho klubu\u00a0<strong>Nela \u0160t\u011bpandov\u00e1<\/strong>. P\u0159esto\u017ee tuto kategorii vyhr\u00e1la jin\u00e1 sportovkyn\u011b,\u00a0Nela si\u00a0galave\u010der velmi u\u017eila.<\/p>\n<p>Z\u00e1\u0161titu nad\u00a016. ro\u010dn\u00edkem ankety<strong>\u00a0<\/strong>p\u0159evzal hejtman Moravskoslezsk\u00e9ho kraje Ivo Vondr\u00e1k. Skv\u011bl\u00fd ve\u010der, kter\u00fd se konal 22. b\u0159ezna v multifunk\u010dn\u00ed aule Gong v Doln\u00edch V\u00edtkovic\u00edch, p\u0159en\u00e1\u0161ela p\u0159\u00edm\u00fdm televizn\u00edm a internetov\u00fdm p\u0159enosem TV Polar od 18.10 hodin.<\/p>\n<p>T\u00e9m\u011b\u0159 dvouhodinov\u00fdm programem div\u00e1ky prov\u00e1zel moder\u00e1tor a koment\u00e1tor \u0160t\u011bp\u00e1n \u0160korpil. Jednotliv\u00e1 vyhla\u0161ov\u00e1n\u00ed kategori\u00ed ankety prov\u00e1d\u011bli host\u00e9 &#8211; skupina Mirai, zp\u011bva\u010dka Debbi se svou skupinou, Vojt\u011bch Michal\u00ed\u010dek, sborov\u00e9 studio Permon\u00edk, skupina Hybrids Crew, tane\u010dn\u011b &#8211; akrobatick\u00e1 skupina STYX, Jan\u00e1\u010dkova konzervat\u0159 v Ostrav\u011b a firemn\u00ed M\u0160 Kraj\u00e1nek Krajsk\u00e9ho \u00fa\u0159adu Moravskoslezk\u00e9ho kraje.<\/p>\n<p>Po\u0159adatel\u00e9 vyhl\u00e1sili celkem 11 kategori\u00ed, do kter\u00fdch byla nominov\u00e1na \u0159ada \u0161pi\u010dkov\u00fdch sportovc\u016f kraje. Hlavn\u00ed kategorii &#8211; Cenu hejtmana Moravskoslezsk\u00e9ho kraje &#8211; z\u00edskal a Sportovcem roku 2017 se stal<strong>\u00a0Adam Lacko\u00a0<\/strong>(z\u00e1vodn\u00edk na okruz\u00edch, Bagira In.Racing),<strong>\u00a0<\/strong>kter\u00e9mu velmi kr\u00e1snou cenu p\u0159edal hejtman Ivo Vondr\u00e1k.<\/p>\n<p>\u201eJsem r\u00e1d, \u017ee po druh\u00fdch m\u00edstech se mi kone\u010dn\u011b poda\u0159ilo vyhr\u00e1t vytou\u017een\u00fd titul Mistra Evropy. Jsem za to r\u00e1d. Chci pod\u011bkovat v\u0161em, kte\u0159\u00ed se na titulu pod\u00edleli. V\u00edm, \u017ee bude mnohem, mnohem t\u011b\u017e\u0161\u00ed tento v\u00fdznamn\u00fd titul obh\u00e1jit. U\u010dit\u011b na tom velmi intenzivn\u011b pracujeme a budeme d\u00e1le pracovat. P\u0159\u00edprava je v pln\u00e9m proudu, za\u010d\u00edn\u00e1me testovat a za m\u011bs\u00edc a p\u016fl za\u010d\u00ednaj\u00ed z\u00e1vody. Op\u011bt budu m\u00edt pod sebou 5,5 tuny a budu ko\u010d\u00edrovat 1200 kon\u00ed,\u201d uvedl Adam Lacko.<\/p>\n<h4><strong>Laure\u00e1ti a dr\u017eitel\u00e9 cen Sportovec roku v jednotliv\u00fdch kategori\u00edch:<\/strong><\/h4>\n<p><strong>Ml\u00e1de\u017e do 19 let:\u00a0<\/strong>S\u00e1ra Karasov\u00e1, sportovn\u00ed st\u0159elba, SSK Olymp Ostrava, \u010dlenka CISO, Nikol Taba\u010dkov\u00e1, atletika, Atletika Poruba, \u010dlenka CISO, Mark\u00e9ta Jano\u0161ov\u00e1, sportovn\u00ed lezen\u00ed, TJ Ban\u00edk Karvin\u00e1, Viktor \u017dila, kickbox, SK Kick WOLF Team, Lucie Kub\u00ednov\u00e1, hokejbal, TJ Sokol Poruba.<\/p>\n<p><strong>Dosp\u011bl\u00ed:<\/strong>\u00a0Tereza Kr\u00e1lov\u00e1, agility, KA\u010cR\u00a0 &#8211; OSA VOSA Ostrava, Jan Gardavsk\u00fd, travn\u00ed ly\u017eov\u00e1n\u00ed, TJ Start Such\u00e9 Lazce, Kate\u0159ina Paul\u00e1thov\u00e1, alpsk\u00e9 ly\u017eov\u00e1n\u00ed, SKI Club Paul\u00e1t Hav\u00ed\u0159ov, Kamil Bezru\u010d, po\u017e\u00e1rn\u00ed sport, SDG Fr\u00fddek.<\/p>\n<p><strong>Tren\u00e9\u0159i:\u00a0<\/strong>Jana Gellnerov\u00e1, Atletika, Sokol Opava, Petr Czudek, basketbal, BC Opava, Andrea Videnkov\u00e1, jezdectv\u00ed, JK Albertovec.<\/p>\n<p><strong>Handicapovan\u00ed sportovci:\u00a0<\/strong>Vojt\u011bch Kone\u010dn\u00fd, atletika, Atletika TTP, Pavel D\u011bck\u00fd, handbike MTB, spolek GOON.<\/p>\n<p><strong>Objev roku:<\/strong>\u00a0Barbora Mal\u00edkov\u00e1, atletika, Sokol Opava, \u010dlenka CISO (Centrum individu\u00e1ln\u00edch sport\u016f Ostrava).<\/p>\n<p><strong>Akce roku:<\/strong>\u00a0Memori\u00e1l Ji\u0159\u00edho Ra\u0161ky &#8211; VI. ro\u010dn\u00edk &#8211; Sv\u011btov\u00fd poh\u00e1r \u017een, Kontinent\u00e1ln\u00ed poh\u00e1r mu\u017e\u016f.<\/p>\n<p><strong>Mimo\u0159\u00e1dn\u00fd po\u010din roku:\u00a0<\/strong>Martin Toko\u0161, florbal, 1SC.Tepish V\u00edtkovice.<\/p>\n<p><strong>Fair Play:<\/strong>\u00a0TJ Klimkovice kopan\u00e1 &#8211; hr\u00e1\u010di p\u0159i tr\u00e9ninku zachr\u00e1nili \u017eivot sv\u00e9mu spoluhr\u00e1\u010di.<\/p>\n<p><strong>S\u00ed\u0148 sl\u00e1vy:<\/strong>\u00a02017 &#8211; Hans Zdra\u017eila, vzp\u00edr\u00e1n\u00ed.<\/p>\n<p><a href=\"http:\/\/sportovec.msk.cz\/rocnik-2017\/\" target=\"_blank\" rel=\"noopener noreferrer\">http:\/\/sportovec.msk.cz\/rocnik-2017\/<\/a><\/p>\n<p>Fotky <a href=\"https:\/\/gkvitkovice.rajce.idnes.cz\/Vyhlaseni_Sportovce_roku_2017_Moravskoslezskeho_kraje\">ZDE<\/a><\/p>\n<div class=\"fb-like\" data-href=\"http:\/\/gkvitkovice.cz\/?p=1857\" data-layout=\"standard\" data-action=\"like\" data-size=\"small\" data-show-faces=\"true\" data-share=\"true\"><\/div>\n","protected":false},"excerpt":{"rendered":"<p><a href=\"http:\/\/gkvitkovice.cz\/wp-content\/uploads\/2018\/04\/REP3455.jpg\"><img loading=\"lazy\" class=\"alignleft size-medium wp-image-1858\" src=\"http:\/\/gkvitkovice.cz\/wp-content\/uploads\/2018\/04\/REP3455-200x300.jpg\" alt=\"\" width=\"200\" height=\"300\" srcset=\"https:\/\/gkvitkovice.cz\/wp-content\/uploads\/2018\/04\/REP3455-200x300.jpg 200w, https:\/\/gkvitkovice.cz\/wp-content\/uploads\/2018\/04\/REP3455.jpg 533w\" sizes=\"(max-width: 200px) 100vw, 200px\" \/><\/a>Moravskoslezsk\u00fd kraj ka\u017edoro\u010dn\u011b vyhodnocuje a oce\u0148uje sportovce, kte\u0159\u00ed dos\u00e1hli vynikaj\u00edc\u00edho nebo mimo\u0159\u00e1dn\u00e9ho sportovn\u00edho v\u00fdkonu nebo se o n\u011bj zaslou\u017eili v jednotliv\u00fdch vyhla\u0161ovan\u00fdch kategori\u00edch, a dal\u0161\u00ed v\u00fdznamn\u00e9 a mimo\u0159\u00e1dn\u00e9 sportovn\u00ed aktivity spojen\u00e9 s\u00a0\u0161\u00ed\u0159en\u00edm dobr\u00e9ho jm\u00e9na kraje.<\/p>\n","protected":false},"author":1,"featured_media":0,"comment_status":"open","ping_status":"open","sticky":false,"template":"","format":"standard","meta":[],"categories":[13],"tags":[],"_links":{"self":[{"href":"https:\/\/gkvitkovice.cz\/index.php?rest_route=\/wp\/v2\/posts\/1857"}],"collection":[{"href":"https:\/\/gkvitkovice.cz\/index.php?rest_route=\/wp\/v2\/posts"}],"about":[{"href":"https:\/\/gkvitkovice.cz\/index.php?rest_route=\/wp\/v2\/types\/post"}],"author":[{"embeddable":true,"href":"https:\/\/gkvitkovice.cz\/index.php?rest_route=\/wp\/v2\/users\/1"}],"replies":[{"embeddable":true,"href":"https:\/\/gkvitkovice.cz\/index.php?rest_route=%2Fwp%2Fv2%2Fcomments&post=1857"}],"version-history":[{"count":2,"href":"https:\/\/gkvitkovice.cz\/index.php?rest_route=\/wp\/v2\/posts\/1857\/revisions"}],"predecessor-version":[{"id":1860,"href":"https:\/\/gkvitkovice.cz\/index.php?rest_route=\/wp\/v2\/posts\/1857\/revisions\/1860"}],"wp:attachment":[{"href":"https:\/\/gkvitkovice.cz\/index.php?rest_route=%2Fwp%2Fv2%2Fmedia&parent=1857"}],"wp:term":[{"taxonomy":"category","embeddable":true,"href":"https:\/\/gkvitkovice.cz\/index.php?rest_route=%2Fwp%2Fv2%2Fcategories&post=1857"},{"taxonomy":"post_tag","embeddable":true,"href":"https:\/\/gkvitkovice.cz\/index.php?rest_route=%2Fwp%2Fv2%2Ftags&post=1857"}],"curies":[{"name":"wp","href":"https:\/\/api.w.org\/{rel}","templated":true}]}}