{"id":1862,"date":"2018-04-11T15:47:17","date_gmt":"2018-04-11T15:47:17","guid":{"rendered":"http:\/\/gkvitkovice.cz\/?p=1862"},"modified":"2018-04-11T15:48:47","modified_gmt":"2018-04-11T15:48:47","slug":"oceneni-ucitelu-ostrava-jih-u-prilezitosti-dne-ucitelu","status":"publish","type":"post","link":"https:\/\/gkvitkovice.cz\/?p=1862","title":{"rendered":"Ocen\u011bn\u00ed u\u010ditel\u016f Ostrava-Jih u p\u0159\u00edle\u017eitosti Dne u\u010ditel\u016f"},"content":{"rendered":"<div id=\"fb-root\"><\/div>\n<p><script>(function(d, s, id) {\n  var js, fjs = d.getElementsByTagName(s)[0];\n  if (d.getElementById(id)) return;\n  js = d.createElement(s); js.id = id;\n  js.src = 'https:\/\/connect.facebook.net\/cs_CZ\/sdk.js#xfbml=1&version=v2.12';\n  fjs.parentNode.insertBefore(js, fjs);\n}(document, 'script', 'facebook-jssdk'));<\/script><br \/>\n<a href=\"http:\/\/gkvitkovice.cz\/wp-content\/uploads\/2018\/04\/30697647_1789875737700511_2541075533337198592_o.jpg\"><img loading=\"lazy\" class=\"alignleft size-medium wp-image-1863\" src=\"http:\/\/gkvitkovice.cz\/wp-content\/uploads\/2018\/04\/30697647_1789875737700511_2541075533337198592_o-300x168.jpg\" alt=\"\" width=\"300\" height=\"168\" srcset=\"https:\/\/gkvitkovice.cz\/wp-content\/uploads\/2018\/04\/30697647_1789875737700511_2541075533337198592_o-300x168.jpg 300w, https:\/\/gkvitkovice.cz\/wp-content\/uploads\/2018\/04\/30697647_1789875737700511_2541075533337198592_o-768x431.jpg 768w, https:\/\/gkvitkovice.cz\/wp-content\/uploads\/2018\/04\/30697647_1789875737700511_2541075533337198592_o-1024x575.jpg 1024w, https:\/\/gkvitkovice.cz\/wp-content\/uploads\/2018\/04\/30697647_1789875737700511_2541075533337198592_o-800x445.jpg 800w, https:\/\/gkvitkovice.cz\/wp-content\/uploads\/2018\/04\/30697647_1789875737700511_2541075533337198592_o.jpg 1920w\" sizes=\"(max-width: 300px) 100vw, 300px\" \/><\/a>Slavnostn\u00ed setk\u00e1n\u00ed u p\u0159\u00edle\u017eitosti p\u0159ed\u00e1n\u00ed ocen\u011bn\u00ed nominovan\u00fdm pedagogick\u00fdm osobnostem jednotliv\u00fdch \u0161kol m\u011bstsk\u00e9ho obvodu Ostrava-Jih bylo zah\u00e1jeno mottem \u201e<i>U\u010ditel ti m\u016f\u017ee otev\u0159\u00edt dve\u0159e, ale vstoupit do nich mus\u00ed\u0161 s\u00e1m<\/i>\u201c.\u00a0Na pozv\u00e1n\u00ed radnice m\u011bstsk\u00e9ho obvodu Ostrava-Jih jsme se t\u00e9to akce z\u00fa\u010dastnily s p\u0159ipraven\u00fdm vystoupen\u00edm, kter\u00e9 se d\u011bv\u010dat\u016fm nejen povedlo, ale tak\u00e9 velmi l\u00edbilo v\u0161em ocen\u011bn\u00fdm u\u010ditel\u016fm.<\/p>\n<p>Fotky a video <a href=\"https:\/\/gkvitkovice.rajce.idnes.cz\/Oceneni_ucitelu_Ostrava-Jih_u_prilezitosti_Dne_ucitelu\">ZDE<\/a><\/p>\n<div class=\"fb-like\" data-href=\"http:\/\/gkvitkovice.cz\/?p=1862\" data-layout=\"standard\" data-action=\"like\" data-size=\"small\" data-show-faces=\"true\" data-share=\"true\"><\/div>\n","protected":false},"excerpt":{"rendered":"<p><a href=\"http:\/\/gkvitkovice.cz\/wp-content\/uploads\/2018\/04\/30697647_1789875737700511_2541075533337198592_o.jpg\"><img loading=\"lazy\" class=\"alignleft size-medium wp-image-1863\" src=\"http:\/\/gkvitkovice.cz\/wp-content\/uploads\/2018\/04\/30697647_1789875737700511_2541075533337198592_o-300x168.jpg\" alt=\"\" width=\"300\" height=\"168\" srcset=\"https:\/\/gkvitkovice.cz\/wp-content\/uploads\/2018\/04\/30697647_1789875737700511_2541075533337198592_o-300x168.jpg 300w, https:\/\/gkvitkovice.cz\/wp-content\/uploads\/2018\/04\/30697647_1789875737700511_2541075533337198592_o-768x431.jpg 768w, https:\/\/gkvitkovice.cz\/wp-content\/uploads\/2018\/04\/30697647_1789875737700511_2541075533337198592_o-1024x575.jpg 1024w, https:\/\/gkvitkovice.cz\/wp-content\/uploads\/2018\/04\/30697647_1789875737700511_2541075533337198592_o-800x445.jpg 800w, https:\/\/gkvitkovice.cz\/wp-content\/uploads\/2018\/04\/30697647_1789875737700511_2541075533337198592_o.jpg 1920w\" sizes=\"(max-width: 300px) 100vw, 300px\" \/><\/a>Slavnostn\u00ed setk\u00e1n\u00ed u p\u0159\u00edle\u017eitosti p\u0159ed\u00e1n\u00ed ocen\u011bn\u00ed nominovan\u00fdm pedagogick\u00fdm osobnostem jednotliv\u00fdch \u0161kol m\u011bstsk\u00e9ho obvodu Ostrava-Jih bylo zah\u00e1jeno mottem \u201e<i>U\u010ditel ti m\u016f\u017ee otev\u0159\u00edt dve\u0159e, ale vstoupit do nich mus\u00ed\u0161 s\u00e1m<\/i>\u201c.\u00a0Na pozv\u00e1n\u00ed radnice m\u011bstsk\u00e9ho obvodu Ostrava-Jih jsme se t\u00e9to akce z\u00fa\u010dastnily s p\u0159ipraven\u00fdm vystoupen\u00edm, kter\u00e9 se d\u011bv\u010dat\u016fm nejen povedlo, ale tak\u00e9 velmi l\u00edbilo v\u0161em ocen\u011bn\u00fdm u\u010ditel\u016fm.<\/p>\n","protected":false},"author":1,"featured_media":0,"comment_status":"open","ping_status":"open","sticky":false,"template":"","format":"standard","meta":[],"categories":[13],"tags":[],"_links":{"self":[{"href":"https:\/\/gkvitkovice.cz\/index.php?rest_route=\/wp\/v2\/posts\/1862"}],"collection":[{"href":"https:\/\/gkvitkovice.cz\/index.php?rest_route=\/wp\/v2\/posts"}],"about":[{"href":"https:\/\/gkvitkovice.cz\/index.php?rest_route=\/wp\/v2\/types\/post"}],"author":[{"embeddable":true,"href":"https:\/\/gkvitkovice.cz\/index.php?rest_route=\/wp\/v2\/users\/1"}],"replies":[{"embeddable":true,"href":"https:\/\/gkvitkovice.cz\/index.php?rest_route=%2Fwp%2Fv2%2Fcomments&post=1862"}],"version-history":[{"count":3,"href":"https:\/\/gkvitkovice.cz\/index.php?rest_route=\/wp\/v2\/posts\/1862\/revisions"}],"predecessor-version":[{"id":1866,"href":"https:\/\/gkvitkovice.cz\/index.php?rest_route=\/wp\/v2\/posts\/1862\/revisions\/1866"}],"wp:attachment":[{"href":"https:\/\/gkvitkovice.cz\/index.php?rest_route=%2Fwp%2Fv2%2Fmedia&parent=1862"}],"wp:term":[{"taxonomy":"category","embeddable":true,"href":"https:\/\/gkvitkovice.cz\/index.php?rest_route=%2Fwp%2Fv2%2Fcategories&post=1862"},{"taxonomy":"post_tag","embeddable":true,"href":"https:\/\/gkvitkovice.cz\/index.php?rest_route=%2Fwp%2Fv2%2Ftags&post=1862"}],"curies":[{"name":"wp","href":"https:\/\/api.w.org\/{rel}","templated":true}]}}