{"id":1867,"date":"2018-04-17T19:36:20","date_gmt":"2018-04-17T19:36:20","guid":{"rendered":"http:\/\/gkvitkovice.cz\/?p=1867"},"modified":"2018-04-17T19:37:55","modified_gmt":"2018-04-17T19:37:55","slug":"krajske-kolo-skolnich-zavodu-2018","status":"publish","type":"post","link":"https:\/\/gkvitkovice.cz\/?p=1867","title":{"rendered":"Krajsk\u00e9 kolo \u0161koln\u00edch z\u00e1vod\u016f 2018"},"content":{"rendered":"<div id=\"fb-root\"><\/div>\n<p><script>(function(d, s, id) {\n  var js, fjs = d.getElementsByTagName(s)[0];\n  if (d.getElementById(id)) return;\n  js = d.createElement(s); js.id = id;\n  js.src = 'https:\/\/connect.facebook.net\/cs_CZ\/sdk.js#xfbml=1&version=v2.12';\n  fjs.parentNode.insertBefore(js, fjs);\n}(document, 'script', 'facebook-jssdk'));<\/script><br \/>\n<a href=\"http:\/\/gkvitkovice.cz\/wp-content\/uploads\/2018\/04\/IMG_4975.jpg\"><img loading=\"lazy\" class=\"alignleft size-medium wp-image-1868\" src=\"http:\/\/gkvitkovice.cz\/wp-content\/uploads\/2018\/04\/IMG_4975-300x200.jpg\" alt=\"\" width=\"300\" height=\"200\" srcset=\"https:\/\/gkvitkovice.cz\/wp-content\/uploads\/2018\/04\/IMG_4975-300x200.jpg 300w, https:\/\/gkvitkovice.cz\/wp-content\/uploads\/2018\/04\/IMG_4975-768x512.jpg 768w, https:\/\/gkvitkovice.cz\/wp-content\/uploads\/2018\/04\/IMG_4975-1024x682.jpg 1024w, https:\/\/gkvitkovice.cz\/wp-content\/uploads\/2018\/04\/IMG_4975.jpg 2000w\" sizes=\"(max-width: 300px) 100vw, 300px\" \/><\/a>Ve st\u0159edu 28. 3. 2018 uspo\u0159\u00e1dala Z\u00e1kladn\u00ed \u0161kola Ostrava-Pet\u0159kovice z\u00e1vody v na\u0161\u00ed t\u011blocvi\u010dn\u011b. Jednalo se o krajsk\u00e9 kolo ve sportovn\u00ed gymnastice d\u00edvek a chlapc\u016f. D\u011bv\u010data i chlapci z\u00e1vodili v p\u011bti kategori\u00edch, rozd\u011blen\u00fdch podle v\u011bku.<\/p>\n<p>N\u00e1\u0161 odd\u00edl m\u011bl zastoupen\u00ed ve dvou kategori\u00edch d\u011bv\u010dat &#8211; dru\u017estva a v jedn\u00e9 kategorii chlapc\u016f &#8211; jednotlivce. V\u00a0I. kategorii vyhr\u00e1lo dru\u017estvo Z\u0160 Volgogradsk\u00e9 a obh\u00e1jilo tak prvenstv\u00ed z okresn\u00edho kola. Slo\u017een\u00ed dru\u017estva:\u00a0<strong>Klaudie Hynek<\/strong>,\u00a0<strong>S\u00e1ra Sta\u0148kov\u00e1<\/strong>\u00a0a\u00a0<strong>Julie Biolkov\u00e1<\/strong>. D\u011bv\u010data se um\u00edstila skv\u011ble i jako jednotlivkyn\u011b, z\u00e1vod vyhr\u00e1la K. Hynek, S. Sta\u0148kov\u00e1 se um\u00edstila na t\u0159et\u00edm m\u00edst\u011b a J. Biolkov\u00e1 na 11. m\u00edst\u011b. I ve II. kategorii obh\u00e1jilo sv\u00e9 prvenstv\u00ed dru\u017estvo ze Z\u00e1kladn\u00ed \u0161koly Srbsk\u00e9, ve slo\u017een\u00ed:\u00a0<strong>Anna Kr\u00fdsov\u00e1<\/strong>\u00a0(i jako jednotl. prvn\u00ed),\u00a0<strong>Tereza Gromnicov\u00e1<\/strong>,\u00a0<strong>Dominika Friedrichov\u00e1<\/strong>(ob\u011b jako jednotl. na t\u0159et\u00edm m\u00edst\u011b) a Julie Poledn\u00edkov\u00e1.<\/p>\n<p>Ve II. kategorii chlapc\u016f startoval\u00a0<b>Jan Kaczor<\/b>, kter\u00fd nem\u011bl dru\u017estvo, ale vybojoval bronz alespo\u0148 jako jednotlivec.<\/p>\n<p>Fotky <a href=\"http:\/\/gkvitkovice.rajce.idnes.cz\/Krajske_kolo_ASSK%2C_GK_Vitkovice_2018\/\">ZDE<\/a><\/p>\n<div class=\"fb-like\" data-href=\"http:\/\/gkvitkovice.cz\/?p=1867\" data-layout=\"standard\" data-action=\"like\" data-size=\"small\" data-show-faces=\"true\" data-share=\"true\"><\/div>\n","protected":false},"excerpt":{"rendered":"<p><a href=\"http:\/\/gkvitkovice.cz\/wp-content\/uploads\/2018\/04\/IMG_4975.jpg\"><img loading=\"lazy\" class=\"alignleft size-medium wp-image-1868\" src=\"http:\/\/gkvitkovice.cz\/wp-content\/uploads\/2018\/04\/IMG_4975-300x200.jpg\" alt=\"\" width=\"300\" height=\"200\" srcset=\"https:\/\/gkvitkovice.cz\/wp-content\/uploads\/2018\/04\/IMG_4975-300x200.jpg 300w, https:\/\/gkvitkovice.cz\/wp-content\/uploads\/2018\/04\/IMG_4975-768x512.jpg 768w, https:\/\/gkvitkovice.cz\/wp-content\/uploads\/2018\/04\/IMG_4975-1024x682.jpg 1024w, https:\/\/gkvitkovice.cz\/wp-content\/uploads\/2018\/04\/IMG_4975.jpg 2000w\" sizes=\"(max-width: 300px) 100vw, 300px\" \/><\/a>Ve st\u0159edu 28. 3. 2018 uspo\u0159\u00e1dala Z\u00e1kladn\u00ed \u0161kola Ostrava-Pet\u0159kovice z\u00e1vody v na\u0161\u00ed t\u011blocvi\u010dn\u011b. Jednalo se o krajsk\u00e9 kolo ve sportovn\u00ed gymnastice d\u00edvek a chlapc\u016f.<\/p>\n","protected":false},"author":1,"featured_media":0,"comment_status":"open","ping_status":"open","sticky":false,"template":"","format":"standard","meta":[],"categories":[13],"tags":[],"_links":{"self":[{"href":"https:\/\/gkvitkovice.cz\/index.php?rest_route=\/wp\/v2\/posts\/1867"}],"collection":[{"href":"https:\/\/gkvitkovice.cz\/index.php?rest_route=\/wp\/v2\/posts"}],"about":[{"href":"https:\/\/gkvitkovice.cz\/index.php?rest_route=\/wp\/v2\/types\/post"}],"author":[{"embeddable":true,"href":"https:\/\/gkvitkovice.cz\/index.php?rest_route=\/wp\/v2\/users\/1"}],"replies":[{"embeddable":true,"href":"https:\/\/gkvitkovice.cz\/index.php?rest_route=%2Fwp%2Fv2%2Fcomments&post=1867"}],"version-history":[{"count":4,"href":"https:\/\/gkvitkovice.cz\/index.php?rest_route=\/wp\/v2\/posts\/1867\/revisions"}],"predecessor-version":[{"id":1872,"href":"https:\/\/gkvitkovice.cz\/index.php?rest_route=\/wp\/v2\/posts\/1867\/revisions\/1872"}],"wp:attachment":[{"href":"https:\/\/gkvitkovice.cz\/index.php?rest_route=%2Fwp%2Fv2%2Fmedia&parent=1867"}],"wp:term":[{"taxonomy":"category","embeddable":true,"href":"https:\/\/gkvitkovice.cz\/index.php?rest_route=%2Fwp%2Fv2%2Fcategories&post=1867"},{"taxonomy":"post_tag","embeddable":true,"href":"https:\/\/gkvitkovice.cz\/index.php?rest_route=%2Fwp%2Fv2%2Ftags&post=1867"}],"curies":[{"name":"wp","href":"https:\/\/api.w.org\/{rel}","templated":true}]}}