{"id":1875,"date":"2018-04-19T18:03:54","date_gmt":"2018-04-19T18:03:54","guid":{"rendered":"http:\/\/gkvitkovice.cz\/?p=1875"},"modified":"2018-04-19T18:04:41","modified_gmt":"2018-04-19T18:04:41","slug":"mezinarodni-zavod-innsbruck-2018","status":"publish","type":"post","link":"https:\/\/gkvitkovice.cz\/?p=1875","title":{"rendered":"Mezin\u00e1rodn\u00ed z\u00e1vod Innsbruck 2018"},"content":{"rendered":"<div id=\"fb-root\"><\/div>\n<p><script>(function(d, s, id) {\n  var js, fjs = d.getElementsByTagName(s)[0];\n  if (d.getElementById(id)) return;\n  js = d.createElement(s); js.id = id;\n  js.src = 'https:\/\/connect.facebook.net\/cs_CZ\/sdk.js#xfbml=1&version=v2.12';\n  fjs.parentNode.insertBefore(js, fjs);\n}(document, 'script', 'facebook-jssdk'));<\/script><br \/>\n<a href=\"http:\/\/gkvitkovice.cz\/wp-content\/uploads\/2018\/04\/DSC_0908.jpg\"><img loading=\"lazy\" class=\"alignleft size-medium wp-image-1877\" src=\"http:\/\/gkvitkovice.cz\/wp-content\/uploads\/2018\/04\/DSC_0908-300x200.jpg\" alt=\"\" width=\"300\" height=\"200\" srcset=\"https:\/\/gkvitkovice.cz\/wp-content\/uploads\/2018\/04\/DSC_0908-300x200.jpg 300w, https:\/\/gkvitkovice.cz\/wp-content\/uploads\/2018\/04\/DSC_0908-768x511.jpg 768w, https:\/\/gkvitkovice.cz\/wp-content\/uploads\/2018\/04\/DSC_0908-1024x681.jpg 1024w, https:\/\/gkvitkovice.cz\/wp-content\/uploads\/2018\/04\/DSC_0908.jpg 2000w\" sizes=\"(max-width: 300px) 100vw, 300px\" \/><\/a>V p\u00e1tek 13. 4. 2018, po absolvov\u00e1n\u00ed p\u0159ij\u00edmac\u00edho \u0159\u00edzen\u00ed Bei a Neldy na sportovn\u00ed gymn\u00e1zium, jsme ihned vyrazili sm\u011br Innsbruck spole\u010dn\u011b s Karlou Adam\u00edkovou, Luci\u00ed Fry\u010dovou, tren\u00e9rkami Sv\u011btlanou Grmelovou, Monikou Prutkayovou, rozhod\u010d\u00ed Hanou Nov\u00e1kovou a \u0159idi\u010dem Martinem Zawadou.<\/p>\n<p>Z\u00e1vod se konal druh\u00fd den\u00a0 a jako prvn\u00ed se p\u0159edstavily mlad\u0161\u00ed d\u011bv\u010data. Nejl\u00e9pe se vedlo <strong>Nele \u0160t\u011bpandov\u00e9<\/strong>, kter\u00e1 si velmi p\u011bkn\u00fdm cvi\u010den\u00edm zajistila 1. m\u00edsto. Zav\u00e1hala pouze na bradlech, a to p\u0159i letce na vy\u0161\u0161\u00ed \u017eer\u010f. <strong>Be\u00e1ta \u017d\u00e1kov\u00e1<\/strong> si vybojovala 17. pozici z 53 d\u011bv\u010dat i p\u0159es p\u00e1d na kladin\u011b ze salta vzad a zav\u00e1h\u00e1n\u00ed na bradlech, takt\u00e9\u017e po letce. Celkov\u00fd projev\u00a0Be\u00e1ty p\u016fsobil velmi hezky. <strong>Lucie Fry\u010dov\u00e1<\/strong> se zran\u011bn\u00edm nez\u00e1vodila. \u00a0 V kategorii star\u0161\u00edch d\u011bv\u010dat se p\u0159edstavila <strong>Karla Adam\u00edkov\u00e1<\/strong>, kter\u00e1 v\u0161echna \u010dty\u0159i n\u00e1\u0159ad\u00ed zaz\u00e1vodila bez p\u00e1du a poprv\u00e9 za\u0159adila na prostn\u00e1 salto vzad s obratem 360\u00b0. Obsadila 16. m\u00edsto.<\/p>\n<p>Gratulujeme!<\/p>\n<p>Fotky <a href=\"http:\/\/gkvitkovice.rajce.idnes.cz\/Mezinarodni_zavod_Innsbruck%2C_Rakousko_13.-15.4._2018\/\">ZDE<\/a><\/p>\n<p><a href=\"http:\/\/gkvitkovice.cz\/wp-content\/uploads\/2018\/04\/V\u00fdsledky.zip\">V\u00fdsledky<\/a><\/p>\n<div class=\"fb-like\" data-href=\"http:\/\/gkvitkovice.cz\/?p=1875\" data-layout=\"standard\" data-action=\"like\" data-size=\"small\" data-show-faces=\"true\" data-share=\"true\"><\/div>\n<p>&nbsp;<\/p>\n","protected":false},"excerpt":{"rendered":"<p><a href=\"http:\/\/gkvitkovice.cz\/wp-content\/uploads\/2018\/04\/DSC_0908.jpg\"><img loading=\"lazy\" class=\"alignleft size-medium wp-image-1877\" src=\"http:\/\/gkvitkovice.cz\/wp-content\/uploads\/2018\/04\/DSC_0908-300x200.jpg\" alt=\"\" width=\"300\" height=\"200\" srcset=\"https:\/\/gkvitkovice.cz\/wp-content\/uploads\/2018\/04\/DSC_0908-300x200.jpg 300w, https:\/\/gkvitkovice.cz\/wp-content\/uploads\/2018\/04\/DSC_0908-768x511.jpg 768w, https:\/\/gkvitkovice.cz\/wp-content\/uploads\/2018\/04\/DSC_0908-1024x681.jpg 1024w, https:\/\/gkvitkovice.cz\/wp-content\/uploads\/2018\/04\/DSC_0908.jpg 2000w\" sizes=\"(max-width: 300px) 100vw, 300px\" \/><\/a>V p\u00e1tek 13. 4. 2018, po absolvov\u00e1n\u00ed p\u0159ij\u00edmac\u00edho \u0159\u00edzen\u00ed Bei a Neldy na sportovn\u00ed gymn\u00e1zium, jsme ihned vyrazili sm\u011br Innsbruck spole\u010dn\u011b s Karlou Adam\u00edkovou, Luci\u00ed Fry\u010dovou, tren\u00e9rkami Sv\u011btlanou Grmelovou, Monikou Prutkayovou, rozhod\u010d\u00ed Hanou Nov\u00e1kovou a \u0159idi\u010dem Martinem Zawadou.<\/p>\n","protected":false},"author":1,"featured_media":0,"comment_status":"open","ping_status":"open","sticky":false,"template":"","format":"standard","meta":[],"categories":[13],"tags":[],"_links":{"self":[{"href":"https:\/\/gkvitkovice.cz\/index.php?rest_route=\/wp\/v2\/posts\/1875"}],"collection":[{"href":"https:\/\/gkvitkovice.cz\/index.php?rest_route=\/wp\/v2\/posts"}],"about":[{"href":"https:\/\/gkvitkovice.cz\/index.php?rest_route=\/wp\/v2\/types\/post"}],"author":[{"embeddable":true,"href":"https:\/\/gkvitkovice.cz\/index.php?rest_route=\/wp\/v2\/users\/1"}],"replies":[{"embeddable":true,"href":"https:\/\/gkvitkovice.cz\/index.php?rest_route=%2Fwp%2Fv2%2Fcomments&post=1875"}],"version-history":[{"count":2,"href":"https:\/\/gkvitkovice.cz\/index.php?rest_route=\/wp\/v2\/posts\/1875\/revisions"}],"predecessor-version":[{"id":1879,"href":"https:\/\/gkvitkovice.cz\/index.php?rest_route=\/wp\/v2\/posts\/1875\/revisions\/1879"}],"wp:attachment":[{"href":"https:\/\/gkvitkovice.cz\/index.php?rest_route=%2Fwp%2Fv2%2Fmedia&parent=1875"}],"wp:term":[{"taxonomy":"category","embeddable":true,"href":"https:\/\/gkvitkovice.cz\/index.php?rest_route=%2Fwp%2Fv2%2Fcategories&post=1875"},{"taxonomy":"post_tag","embeddable":true,"href":"https:\/\/gkvitkovice.cz\/index.php?rest_route=%2Fwp%2Fv2%2Ftags&post=1875"}],"curies":[{"name":"wp","href":"https:\/\/api.w.org\/{rel}","templated":true}]}}