{"id":1902,"date":"2018-05-14T19:50:24","date_gmt":"2018-05-14T19:50:24","guid":{"rendered":"http:\/\/gkvitkovice.cz\/?p=1902"},"modified":"2018-05-14T19:51:15","modified_gmt":"2018-05-14T19:51:15","slug":"memorial-o-effenbergrove-2018","status":"publish","type":"post","link":"https:\/\/gkvitkovice.cz\/?p=1902","title":{"rendered":"Memori\u00e1l O. Effenbergrov\u00e9 2018"},"content":{"rendered":"<div id=\"fb-root\"><\/div>\n<p><script>(function(d, s, id) {\n  var js, fjs = d.getElementsByTagName(s)[0];\n  if (d.getElementById(id)) return;\n  js = d.createElement(s); js.id = id;\n  js.src = 'https:\/\/connect.facebook.net\/cs_CZ\/sdk.js#xfbml=1&version=v3.0';\n  fjs.parentNode.insertBefore(js, fjs);\n}(document, 'script', 'facebook-jssdk'));<\/script><br \/>\n<a href=\"http:\/\/gkvitkovice.cz\/wp-content\/uploads\/2018\/05\/IMG_20180428_145824.jpg\"><img loading=\"lazy\" class=\"alignleft size-medium wp-image-1911\" src=\"http:\/\/gkvitkovice.cz\/wp-content\/uploads\/2018\/05\/IMG_20180428_145824-225x300.jpg\" alt=\"\" width=\"225\" height=\"300\" srcset=\"https:\/\/gkvitkovice.cz\/wp-content\/uploads\/2018\/05\/IMG_20180428_145824-225x300.jpg 225w, https:\/\/gkvitkovice.cz\/wp-content\/uploads\/2018\/05\/IMG_20180428_145824-768x1024.jpg 768w\" sizes=\"(max-width: 225px) 100vw, 225px\" \/><\/a>V sobotu 28. dubna se d\u011bv\u010data na\u0161eho klubu z\u00fa\u010dastnila tradi\u010dn\u00edho z\u00e1vodu v Kol\u00edn\u011b \u2013 Memori\u00e1lu O. Effenbergrov\u00e9 pro d\u011bv\u010data ro\u010dn\u00edku 2010 a ml. a z\u00e1vodu Hled\u00e1me nov\u00e9 talenty pro d\u011bv\u010data ro\u010dn\u00edku 2011 a ml. Z\u00e1vod prob\u011bhl v trojboji na kladin\u011b, prostn\u00fdch a \u0161plhu na ty\u010di.<\/p>\n<p>Na\u0161e d\u011bv\u010data startovala v Memori\u00e1lu O. Effenbergrov\u00e9, kde z\u00edskala v sout\u011b\u017ei dru\u017estev st\u0159\u00edbrn\u00e9 medaile. V sout\u011b\u017ei jednotlivky\u0148 z\u00edskala nejv\u00edce bod\u016f <strong>Ad\u00e9lka Nykodymov\u00e1<\/strong>, kter\u00e1 chybovala pouze na kladin\u011b, kdy se j\u00ed nepovedla povinn\u00e1 stojka. Na prostn\u00fdch zacvi\u010dila t\u0159et\u00ed nejlep\u0161\u00ed sestavu ze v\u0161ech z\u00e1vodnic a obsadila v konkurenci 34 d\u011bv\u010dat 5. m\u00edsto. Hned za n\u00ed se um\u00edstila <strong>Ka\u010dka B\u00e1rtkov\u00e1<\/strong>, kter\u00e1 spadla 1x z kladiny. Na prostn\u00fdch zacvi\u010dila velmi p\u011bkn\u011b a tak\u00e9 za \u0161plh dostala 2. nejvy\u0161\u0161\u00ed hodnocen\u00ed z dru\u017estva. Dal\u0161\u00ed z\u00e1vodnice <strong>Linda Rakov\u00e1<\/strong> se po velmi kr\u00e1sn\u011b zacvi\u010den\u00e9 sestav\u011b na kladin\u011b, za kterou obdr\u017eela 2. nejvy\u0161\u0161\u00ed hodnocen\u00ed, nevyhnula zav\u00e1h\u00e1n\u00ed na prostn\u00fdch a v kone\u010dn\u00e9m v\u00fdsledku obsadila 9. m\u00edsto. T\u011bsn\u011b za n\u00ed, na 10. m\u00edst\u011b, se um\u00edstila <strong>Ad\u00e9lka Chudov\u00e1<\/strong>, kter\u00e1 vy\u0161plhala nejrychleji z cel\u00e9ho dru\u017estva a zacvi\u010dila velmi p\u011bknou sestavu na sv\u00e9 \u201eneobl\u00edben\u00e9\u201c kladin\u011b. Bohu\u017eel sestava na prostn\u00fdch se j\u00ed nepovedla. Ale um\u00edst\u011bn\u00ed v\u0161ech d\u011bv\u010dat v prvn\u00ed des\u00edtce a st\u0159\u00edbrn\u00e9 medaile ze sout\u011b\u017ee dru\u017estev jsou velmi p\u011bkn\u00fd v\u00fdsledek.<\/p>\n<p>Blahop\u0159ejeme d\u011bv\u010dat\u016fm i tren\u00e9rk\u00e1m k p\u011bkn\u00fdm v\u00fdsledk\u016fm a p\u0159ejeme hodn\u011b \u0161t\u011bst\u00ed v dal\u0161\u00ed p\u0159\u00edprav\u011b na mistrovsk\u00e9 sout\u011b\u017ee.<\/p>\n<p>Fotky <a href=\"https:\/\/gkvitkovice.rajce.idnes.cz\/Memorial_O._Effenbergerove,_Kolin,_28.4.2018\">ZDE<\/a><\/p>\n<p><a href=\"http:\/\/gkvitkovice.cz\/wp-content\/uploads\/2018\/05\/Memorial-O.-Effenbergrov\u00e9-2018-vysledky.pdf\">Memorial O. Effenbergrov\u00e9 2018 vysledky<\/a><\/p>\n<div class=\"fb-like\" data-href=\"http:\/\/gkvitkovice.cz\/?p=1902\" data-layout=\"standard\" data-action=\"like\" data-size=\"small\" data-show-faces=\"true\" data-share=\"true\"><\/div>\n","protected":false},"excerpt":{"rendered":"<p><a href=\"http:\/\/gkvitkovice.cz\/wp-content\/uploads\/2018\/05\/IMG_20180428_145824.jpg\"><img loading=\"lazy\" class=\"alignleft size-medium wp-image-1911\" src=\"http:\/\/gkvitkovice.cz\/wp-content\/uploads\/2018\/05\/IMG_20180428_145824-225x300.jpg\" alt=\"\" width=\"225\" height=\"300\" srcset=\"https:\/\/gkvitkovice.cz\/wp-content\/uploads\/2018\/05\/IMG_20180428_145824-225x300.jpg 225w, https:\/\/gkvitkovice.cz\/wp-content\/uploads\/2018\/05\/IMG_20180428_145824-768x1024.jpg 768w\" sizes=\"(max-width: 225px) 100vw, 225px\" \/><\/a>V sobotu 28. dubna se d\u011bv\u010data na\u0161eho klubu z\u00fa\u010dastnila tradi\u010dn\u00edho z\u00e1vodu v Kol\u00edn\u011b \u2013 Memori\u00e1lu O. Effenbergrov\u00e9 pro d\u011bv\u010data ro\u010dn\u00edku 2010 a ml. a z\u00e1vodu Hled\u00e1me nov\u00e9 talenty pro d\u011bv\u010data ro\u010dn\u00edku 2011 a ml. <\/p>\n","protected":false},"author":1,"featured_media":0,"comment_status":"open","ping_status":"open","sticky":false,"template":"","format":"standard","meta":[],"categories":[13],"tags":[],"_links":{"self":[{"href":"https:\/\/gkvitkovice.cz\/index.php?rest_route=\/wp\/v2\/posts\/1902"}],"collection":[{"href":"https:\/\/gkvitkovice.cz\/index.php?rest_route=\/wp\/v2\/posts"}],"about":[{"href":"https:\/\/gkvitkovice.cz\/index.php?rest_route=\/wp\/v2\/types\/post"}],"author":[{"embeddable":true,"href":"https:\/\/gkvitkovice.cz\/index.php?rest_route=\/wp\/v2\/users\/1"}],"replies":[{"embeddable":true,"href":"https:\/\/gkvitkovice.cz\/index.php?rest_route=%2Fwp%2Fv2%2Fcomments&post=1902"}],"version-history":[{"count":3,"href":"https:\/\/gkvitkovice.cz\/index.php?rest_route=\/wp\/v2\/posts\/1902\/revisions"}],"predecessor-version":[{"id":1913,"href":"https:\/\/gkvitkovice.cz\/index.php?rest_route=\/wp\/v2\/posts\/1902\/revisions\/1913"}],"wp:attachment":[{"href":"https:\/\/gkvitkovice.cz\/index.php?rest_route=%2Fwp%2Fv2%2Fmedia&parent=1902"}],"wp:term":[{"taxonomy":"category","embeddable":true,"href":"https:\/\/gkvitkovice.cz\/index.php?rest_route=%2Fwp%2Fv2%2Fcategories&post=1902"},{"taxonomy":"post_tag","embeddable":true,"href":"https:\/\/gkvitkovice.cz\/index.php?rest_route=%2Fwp%2Fv2%2Ftags&post=1902"}],"curies":[{"name":"wp","href":"https:\/\/api.w.org\/{rel}","templated":true}]}}