{"id":1906,"date":"2018-05-14T12:36:07","date_gmt":"2018-05-14T12:36:07","guid":{"rendered":"http:\/\/gkvitkovice.cz\/?p=1906"},"modified":"2018-05-15T08:02:42","modified_gmt":"2018-05-15T08:02:42","slug":"prebor-mesta-ostravy-2018","status":"publish","type":"post","link":"https:\/\/gkvitkovice.cz\/?p=1906","title":{"rendered":"P\u0159ebor m\u011bsta Ostravy 2018"},"content":{"rendered":"<div id=\"fb-root\"><\/div>\n<p><script>(function(d, s, id) {\n  var js, fjs = d.getElementsByTagName(s)[0];\n  if (d.getElementById(id)) return;\n  js = d.createElement(s); js.id = id;\n  js.src = 'https:\/\/connect.facebook.net\/cs_CZ\/sdk.js#xfbml=1&version=v3.0';\n  fjs.parentNode.insertBefore(js, fjs);\n}(document, 'script', 'facebook-jssdk'));<\/script><br \/>\n<a href=\"http:\/\/gkvitkovice.cz\/wp-content\/uploads\/2018\/05\/IMG_1888.jpg\"><img loading=\"lazy\" class=\"alignleft size-medium wp-image-1907\" src=\"http:\/\/gkvitkovice.cz\/wp-content\/uploads\/2018\/05\/IMG_1888-300x169.jpg\" alt=\"\" width=\"300\" height=\"169\" srcset=\"https:\/\/gkvitkovice.cz\/wp-content\/uploads\/2018\/05\/IMG_1888-300x169.jpg 300w, https:\/\/gkvitkovice.cz\/wp-content\/uploads\/2018\/05\/IMG_1888-768x432.jpg 768w, https:\/\/gkvitkovice.cz\/wp-content\/uploads\/2018\/05\/IMG_1888-1024x576.jpg 1024w, https:\/\/gkvitkovice.cz\/wp-content\/uploads\/2018\/05\/IMG_1888.jpg 1200w\" sizes=\"(max-width: 300px) 100vw, 300px\" \/><\/a>V ned\u011bli 6. 5. 2018 se v na\u0161\u00ed t\u011blocvi\u010dn\u011b konal P\u0159ebor m\u011bsta Ostravy, kter\u00e9ho se \u00fa\u010dastnili d\u011bv\u010data i chlapci. Bylo to poprv\u00e9, co si d\u011bv\u010data mohla vyzkou\u0161et povinn\u00e9 sestavy z nov\u00e9ho z\u00e1vodn\u00edho programu a vedlo se jim opravdu skv\u011ble, p\u0159esto\u017ee z\u00e1vod kon\u010dil a\u017e v pozdn\u00edch odpoledn\u00edch hodin\u00e1ch.<\/p>\n<p>Medaile se poda\u0159ilo z\u00edskat t\u011bmto z\u00e1vodnic\u00edm a z\u00e1vodn\u00edk\u016fm v n\u00e1sleduj\u00edc\u00edch kategori\u00edch:<\/p>\n<p><em>Za\u010d\u00ednaj\u00edc\u00ed \u017e\u00e1kyn\u011b A<\/em>\u00a02013- <strong>Frederika Prutkayov\u00e1<\/strong> 1. m\u00edsto, <strong>S\u00e1ra K\u0159i\u017eo\u0161\u010d\u00e1kov\u00e1<\/strong> 2. m\u00edsto<\/p>\n<p><em>Za\u010d\u00ednaj\u00edc\u00ed \u017e\u00e1kyn\u011b A<\/em>\u00a02012 &#8211; <strong>Barbora Skotnicov\u00e1<\/strong> 1. m\u00edsto, <strong>Elen Kantorov\u00e1<\/strong> 2. m\u00edsto, <strong>Eli\u0161ka Rozehnalov\u00e1<\/strong> 3. m\u00edsto<\/p>\n<p><em>Za\u010d\u00ednaj\u00edc\u00ed \u017e\u00e1kyn\u011b B<\/em> &#8211; <strong>Ad\u00e9la Chudov\u00e1<\/strong> 2. m\u00edsto,\u00a0<strong>Linda Rakov\u00e1\u00a0<\/strong>3. m\u00edsto<\/p>\n<p><em>VS 0A 7-8 let<\/em> &#8211; <strong>Aneta Nen\u00ed\u010dkov\u00e1<\/strong> 1. m\u00edsto, <strong>Anna Jano\u0161cov\u00e1<\/strong> 2. m\u00edsto, <strong>Tereza Sokolov\u00e1<\/strong> 3. m\u00edsto<\/p>\n<p><em>VS 0A 9+<\/em> &#8211; <strong>Lenka Sikorov\u00e1<\/strong> 1. m\u00edsto, <strong>Ema Kalu\u017e\u00edkov\u00e1<\/strong> 2. m\u00edsto, <strong>Jana Kus\u00e1kov\u00e1<\/strong> 3. m\u00edsto<\/p>\n<p><em>VS 1B<\/em> &#8211; <strong>Elen Ludwigov\u00e1<\/strong> 1. m\u00edsto, <strong>Hanka Horsinkov\u00e1<\/strong> 2. m\u00edsto, <strong>Etela Asenov\u00e1<\/strong> 3. m\u00edsto<\/p>\n<p><em>VS 2A<\/em> &#8211; <strong>Roz\u00e1lie O\u017eanov\u00e1<\/strong> 1. m\u00edsto<\/p>\n<p><em>VS 2B<\/em> &#8211; <strong>Anna Kr\u00fdsov\u00e1<\/strong> 1. m\u00edsto, <strong>Aneta Nykodymov\u00e1<\/strong> 2. m\u00edsto, <strong>Nat\u00e1lie Najdekov\u00e1<\/strong> 3. m\u00edsto<\/p>\n<p><em>VS 4A<\/em> &#8211;<strong> Karla Adam\u00edkov\u00e1<\/strong> 1. m\u00edsto, <strong>Nela \u0160t\u011bpandov\u00e1<\/strong> 3. m\u00edsto<\/p>\n<p><em>VS 4B<\/em> &#8211; <strong>Anna Kr\u00fdsov\u00e1<\/strong> 1. m\u00edsto, <strong>Ad\u00e9la \u010c\u00e1pov\u00e1<\/strong> 2. m\u00edsto<\/p>\n<p><em>VS 4C<\/em> &#8211; <strong>Klaudie Hynek<\/strong> 1. m\u00edsto, <strong>Dominika Friedrichov\u00e1<\/strong> 2. m\u00edsto, <strong>Tereza Gromnicov\u00e1<\/strong> 3. m\u00edsto<\/p>\n<p><em>VS 6B<\/em> &#8211; <strong>Lenka Jaskovi\u010dov\u00e1<\/strong> 1. m\u00edsto, <strong>Eli\u0161ka Petrov\u00e1<\/strong> 2. m\u00edsto<\/p>\n<p><em>Za\u010d\u00ednaj\u00edc\u00ed \u017e\u00e1ci A<\/em> &#8211; <strong>Marek Melega<\/strong> 1. m\u00edsto<\/p>\n<p><em>Za\u010d\u00ednaj\u00edc\u00ed \u017e\u00e1ci B<\/em> &#8211; <strong>Marek Stav\u00e1rek<\/strong> 1. m\u00edsto, <strong>Adam Boyko<\/strong> 2. m\u00edsto<\/p>\n<p><em>Nejmlad\u0161\u00ed \u017e\u00e1ci<\/em> &#8211;<strong> \u0160imon Kad\u011bra<\/strong> 1. m\u00edsto<\/p>\n<p><em>Star\u0161\u00ed \u017e\u00e1ci<\/em> &#8211; <strong>Jan Leikep<\/strong> 1. m\u00edsto,<strong> Jan Kaczor<\/strong> 2. m\u00edsto<\/p>\n<p>Ostatn\u00ed v\u00fdsledky naleznete na odkazu n\u00ed\u017ee.<\/p>\n<p>&nbsp;<\/p>\n<p>V\u0161em z\u00e1vodnic\u00edm, z\u00e1vodn\u00edk\u016fm i tren\u00e9r\u016fm gratulujeme a p\u0159ejeme mnoho \u0161t\u011bst\u00ed v nadch\u00e1zej\u00edc\u00edch p\u0159eborech kraje.<\/p>\n<p>Z\u00e1rove\u0148 d\u011bkujeme v\u0161em, kte\u0159\u00ed se pod\u00edleli na organizaci z\u00e1vodu a zajistili tak bezprobl\u00e9mov\u00fd pr\u016fb\u011bh!!!<\/p>\n<p>Fotky <a href=\"http:\/\/gkvitkovice.rajce.idnes.cz\/Mestsky_prebor_6.5._2018\/\">ZDE<\/a><\/p>\n<p>Elektronick\u00e9 v\u00fdsledky <a href=\"http:\/\/www.gymfed.cz\/vysledky\/detail\/1301\">ZDE<\/a><\/p>\n<div class=\"fb-like\" data-href=\"http:\/\/gkvitkovice.cz\/?p=1906\" data-layout=\"standard\" data-action=\"like\" data-size=\"small\" data-show-faces=\"true\" data-share=\"true\"><\/div>\n","protected":false},"excerpt":{"rendered":"<p><a href=\"http:\/\/gkvitkovice.cz\/wp-content\/uploads\/2018\/05\/IMG_1888.jpg\"><img loading=\"lazy\" class=\"alignleft size-medium wp-image-1907\" src=\"http:\/\/gkvitkovice.cz\/wp-content\/uploads\/2018\/05\/IMG_1888-300x169.jpg\" alt=\"\" width=\"300\" height=\"169\" srcset=\"https:\/\/gkvitkovice.cz\/wp-content\/uploads\/2018\/05\/IMG_1888-300x169.jpg 300w, https:\/\/gkvitkovice.cz\/wp-content\/uploads\/2018\/05\/IMG_1888-768x432.jpg 768w, https:\/\/gkvitkovice.cz\/wp-content\/uploads\/2018\/05\/IMG_1888-1024x576.jpg 1024w, https:\/\/gkvitkovice.cz\/wp-content\/uploads\/2018\/05\/IMG_1888.jpg 1200w\" sizes=\"(max-width: 300px) 100vw, 300px\" \/><\/a>V ned\u011bli 6. 5. 2018 se v na\u0161\u00ed t\u011blocvi\u010dn\u011b konal P\u0159ebor m\u011bsta Ostravy, kter\u00e9ho se \u00fa\u010dastnili d\u011bv\u010data i chlapci.<\/p>\n","protected":false},"author":1,"featured_media":0,"comment_status":"open","ping_status":"open","sticky":false,"template":"","format":"standard","meta":[],"categories":[13],"tags":[],"_links":{"self":[{"href":"https:\/\/gkvitkovice.cz\/index.php?rest_route=\/wp\/v2\/posts\/1906"}],"collection":[{"href":"https:\/\/gkvitkovice.cz\/index.php?rest_route=\/wp\/v2\/posts"}],"about":[{"href":"https:\/\/gkvitkovice.cz\/index.php?rest_route=\/wp\/v2\/types\/post"}],"author":[{"embeddable":true,"href":"https:\/\/gkvitkovice.cz\/index.php?rest_route=\/wp\/v2\/users\/1"}],"replies":[{"embeddable":true,"href":"https:\/\/gkvitkovice.cz\/index.php?rest_route=%2Fwp%2Fv2%2Fcomments&post=1906"}],"version-history":[{"count":4,"href":"https:\/\/gkvitkovice.cz\/index.php?rest_route=\/wp\/v2\/posts\/1906\/revisions"}],"predecessor-version":[{"id":1915,"href":"https:\/\/gkvitkovice.cz\/index.php?rest_route=\/wp\/v2\/posts\/1906\/revisions\/1915"}],"wp:attachment":[{"href":"https:\/\/gkvitkovice.cz\/index.php?rest_route=%2Fwp%2Fv2%2Fmedia&parent=1906"}],"wp:term":[{"taxonomy":"category","embeddable":true,"href":"https:\/\/gkvitkovice.cz\/index.php?rest_route=%2Fwp%2Fv2%2Fcategories&post=1906"},{"taxonomy":"post_tag","embeddable":true,"href":"https:\/\/gkvitkovice.cz\/index.php?rest_route=%2Fwp%2Fv2%2Ftags&post=1906"}],"curies":[{"name":"wp","href":"https:\/\/api.w.org\/{rel}","templated":true}]}}