{"id":1922,"date":"2018-05-22T11:58:28","date_gmt":"2018-05-22T11:58:28","guid":{"rendered":"http:\/\/gkvitkovice.cz\/?p=1922"},"modified":"2018-05-22T11:58:58","modified_gmt":"2018-05-22T11:58:58","slug":"vylet-do-sanatorii-klimkovice","status":"publish","type":"post","link":"https:\/\/gkvitkovice.cz\/?p=1922","title":{"rendered":"V\u00fdlet do Sanatorii Klimkovice"},"content":{"rendered":"<div id=\"fb-root\"><\/div>\n<p><script>(function(d, s, id) {\n  var js, fjs = d.getElementsByTagName(s)[0];\n  if (d.getElementById(id)) return;\n  js = d.createElement(s); js.id = id;\n  js.src = 'https:\/\/connect.facebook.net\/cs_CZ\/sdk.js#xfbml=1&version=v3.0';\n  fjs.parentNode.insertBefore(js, fjs);\n}(document, 'script', 'facebook-jssdk'));<\/script><br \/>\n<a href=\"http:\/\/gkvitkovice.cz\/wp-content\/uploads\/2018\/05\/Klimkovice_66.jpg\"><img loading=\"lazy\" class=\"alignleft size-medium wp-image-1923\" src=\"http:\/\/gkvitkovice.cz\/wp-content\/uploads\/2018\/05\/Klimkovice_66-300x225.jpg\" alt=\"\" width=\"300\" height=\"225\" srcset=\"https:\/\/gkvitkovice.cz\/wp-content\/uploads\/2018\/05\/Klimkovice_66-300x225.jpg 300w, https:\/\/gkvitkovice.cz\/wp-content\/uploads\/2018\/05\/Klimkovice_66-768x576.jpg 768w, https:\/\/gkvitkovice.cz\/wp-content\/uploads\/2018\/05\/Klimkovice_66-1024x768.jpg 1024w, https:\/\/gkvitkovice.cz\/wp-content\/uploads\/2018\/05\/Klimkovice_66.jpg 2000w\" sizes=\"(max-width: 300px) 100vw, 300px\" \/><\/a>8. kv\u011bten je slaven jako Den osvobozen\u00ed, a proto\u017ee toto datum bylo stanoveno na den pracovn\u00edho klidu a nikdo nebyl v pr\u00e1ci ani ve \u0161kole, vydali jsme se v dopoledn\u00edch hodin\u00e1ch na v\u00fdlet. Gymnastika je velk\u00e1 d\u0159ina, d\u011bv\u010data jsou neust\u00e1le v t\u011blocvi\u010dn\u011b, tak jsme tentokr\u00e1t zvolili zhruba dev\u00edtikilometrovou proch\u00e1zku v kr\u00e1sn\u00e9 p\u0159\u00edrod\u011b. Dojeli jsme tramvaj\u00ed do Doln\u00ed Lhoty odkud jsme vy\u0161li na pl\u00e1novanou trasu. Vyrazili jsme po turistick\u00e9 zna\u010dce sm\u011br L\u00e1zn\u011b Klimkovice. Cesta byla kr\u00e1sn\u00e1, mimo jin\u00e9 jsme narazili na houpa\u010dku zav\u011b\u0161enou na velk\u00e9m dubu (obvod cca. 4,5 m), a tak\u00e9 jsme obdivovali o kousek d\u00e1l stoj\u00edc\u00ed vodn\u00ed ml\u00fdnek. Nakonec jsme do\u0161li do Sanatorii Klimkovice. L\u00e1ze\u0148sk\u00fd are\u00e1l se rozkl\u00e1d\u00e1 v lesnat\u00e9 krajin\u011b na \u00fapat\u00ed N\u00edzk\u00e9ho Jesen\u00edku, v kr\u00e1sn\u00e9 p\u0159\u00edrodn\u00ed scen\u00e9rii s v\u00fdhledem na panorama Beskyd. Venkovn\u00ed are\u00e1l nab\u00edz\u00ed \u0161irok\u00e9 mo\u017enosti sportovn\u00edho vy\u017eit\u00ed a relaxace. My jsme vyu\u017eili v\u0161echny atrakce Lesn\u00edho parku a Priessnitzovy venkovn\u00ed koupele pro horn\u00ed a doln\u00ed kon\u010detiny. Dob\u0159e jsme se naob\u011bdvali a vydali se do Mexika. Samoz\u0159ejm\u011b, \u017ee jsme se nevydali do Severn\u00ed Ameriky, ale do nedalek\u00e9ho v\u00fdletn\u00edho hostince, kter\u00fd dostal n\u00e1zev podle tamn\u00ed chatov\u00e9 osady. Zde si d\u011bti zadov\u00e1d\u011bly na prol\u00e9za\u010dk\u00e1ch, Mar\u0165a je nau\u010dila troubit na pampeli\u0161ky a n\u011bkte\u0159\u00ed vyzkou\u0161eli i\u00a0 m\u00edstn\u00ed vyhl\u00e1\u0161en\u00e9 nakl\u00e1dan\u00e9 tvar\u016f\u017eky. V pozdn\u00edch odpoledn\u00edch hodin\u00e1ch jsme vyrazili na posledn\u00ed kus cesty, zp\u011bt na tramvajovou zast\u00e1vku. V\u00fdlet byl \u00fa\u017easn\u00fd a nejenom d\u011bti, ale i dosp\u011bl\u00ed si ho ohromn\u011b u\u017eili.<\/p>\n<p>Fotky <a href=\"https:\/\/gkvitkovice.rajce.idnes.cz\/Sanatoria_Klimkovice%2C_kveten_2018\/\">ZDE<\/a><\/p>\n<div class=\"fb-like\" data-href=\"http:\/\/gkvitkovice.cz\/?p=1922\" data-layout=\"standard\" data-action=\"like\" data-size=\"small\" data-show-faces=\"true\" data-share=\"true\"><\/div>\n","protected":false},"excerpt":{"rendered":"<p><a href=\"http:\/\/gkvitkovice.cz\/wp-content\/uploads\/2018\/05\/Klimkovice_66.jpg\"><img loading=\"lazy\" class=\"alignleft size-medium wp-image-1923\" src=\"http:\/\/gkvitkovice.cz\/wp-content\/uploads\/2018\/05\/Klimkovice_66-300x225.jpg\" alt=\"\" width=\"300\" height=\"225\" srcset=\"https:\/\/gkvitkovice.cz\/wp-content\/uploads\/2018\/05\/Klimkovice_66-300x225.jpg 300w, https:\/\/gkvitkovice.cz\/wp-content\/uploads\/2018\/05\/Klimkovice_66-768x576.jpg 768w, https:\/\/gkvitkovice.cz\/wp-content\/uploads\/2018\/05\/Klimkovice_66-1024x768.jpg 1024w, https:\/\/gkvitkovice.cz\/wp-content\/uploads\/2018\/05\/Klimkovice_66.jpg 2000w\" sizes=\"(max-width: 300px) 100vw, 300px\" \/><\/a>8. kv\u011bten je slaven jako Den osvobozen\u00ed, a proto\u017ee toto datum bylo stanoveno na den pracovn\u00edho klidu a nikdo nebyl v pr\u00e1ci ani ve \u0161kole, vydali jsme se v dopoledn\u00edch hodin\u00e1ch na v\u00fdlet.<\/p>\n","protected":false},"author":1,"featured_media":0,"comment_status":"open","ping_status":"open","sticky":false,"template":"","format":"standard","meta":[],"categories":[13],"tags":[],"_links":{"self":[{"href":"https:\/\/gkvitkovice.cz\/index.php?rest_route=\/wp\/v2\/posts\/1922"}],"collection":[{"href":"https:\/\/gkvitkovice.cz\/index.php?rest_route=\/wp\/v2\/posts"}],"about":[{"href":"https:\/\/gkvitkovice.cz\/index.php?rest_route=\/wp\/v2\/types\/post"}],"author":[{"embeddable":true,"href":"https:\/\/gkvitkovice.cz\/index.php?rest_route=\/wp\/v2\/users\/1"}],"replies":[{"embeddable":true,"href":"https:\/\/gkvitkovice.cz\/index.php?rest_route=%2Fwp%2Fv2%2Fcomments&post=1922"}],"version-history":[{"count":2,"href":"https:\/\/gkvitkovice.cz\/index.php?rest_route=\/wp\/v2\/posts\/1922\/revisions"}],"predecessor-version":[{"id":1925,"href":"https:\/\/gkvitkovice.cz\/index.php?rest_route=\/wp\/v2\/posts\/1922\/revisions\/1925"}],"wp:attachment":[{"href":"https:\/\/gkvitkovice.cz\/index.php?rest_route=%2Fwp%2Fv2%2Fmedia&parent=1922"}],"wp:term":[{"taxonomy":"category","embeddable":true,"href":"https:\/\/gkvitkovice.cz\/index.php?rest_route=%2Fwp%2Fv2%2Fcategories&post=1922"},{"taxonomy":"post_tag","embeddable":true,"href":"https:\/\/gkvitkovice.cz\/index.php?rest_route=%2Fwp%2Fv2%2Ftags&post=1922"}],"curies":[{"name":"wp","href":"https:\/\/api.w.org\/{rel}","templated":true}]}}