{"id":1926,"date":"2018-05-22T12:10:35","date_gmt":"2018-05-22T12:10:35","guid":{"rendered":"http:\/\/gkvitkovice.cz\/?p=1926"},"modified":"2018-05-22T12:11:44","modified_gmt":"2018-05-22T12:11:44","slug":"majovy-zavod-2018","status":"publish","type":"post","link":"https:\/\/gkvitkovice.cz\/?p=1926","title":{"rendered":"M\u00e1jov\u00fd z\u00e1vod 2018"},"content":{"rendered":"<div id=\"fb-root\"><\/div>\n<p><script>(function(d, s, id) {\n  var js, fjs = d.getElementsByTagName(s)[0];\n  if (d.getElementById(id)) return;\n  js = d.createElement(s); js.id = id;\n  js.src = 'https:\/\/connect.facebook.net\/cs_CZ\/sdk.js#xfbml=1&version=v3.0';\n  fjs.parentNode.insertBefore(js, fjs);\n}(document, 'script', 'facebook-jssdk'));<\/script><\/p>\n<div><a href=\"http:\/\/gkvitkovice.cz\/wp-content\/uploads\/2018\/05\/IMG_9368.jpg\"><img loading=\"lazy\" class=\"alignleft size-medium wp-image-1927\" src=\"http:\/\/gkvitkovice.cz\/wp-content\/uploads\/2018\/05\/IMG_9368-200x300.jpg\" alt=\"\" width=\"200\" height=\"300\" srcset=\"https:\/\/gkvitkovice.cz\/wp-content\/uploads\/2018\/05\/IMG_9368-200x300.jpg 200w, https:\/\/gkvitkovice.cz\/wp-content\/uploads\/2018\/05\/IMG_9368-768x1152.jpg 768w, https:\/\/gkvitkovice.cz\/wp-content\/uploads\/2018\/05\/IMG_9368-682x1024.jpg 682w, https:\/\/gkvitkovice.cz\/wp-content\/uploads\/2018\/05\/IMG_9368.jpg 1333w\" sizes=\"(max-width: 200px) 100vw, 200px\" \/><\/a>V sobotu 19. 5. bojovala na\u0161e d\u011bv\u010data na \u010dtvrt\u00e9m z\u00e1vod\u011b Moravsk\u00e9ho poh\u00e1ru (MP) o co nejlep\u0161\u00ed um\u00edst\u011bn\u00ed, aby si p\u0159ipsaly body do celkov\u00e9ho hodnocen\u00ed.<\/div>\n<div><\/div>\n<div>V kategorii r. nar. 2010 se <strong>Ad\u00e9l Nykodymov\u00e1<\/strong> um\u00edstila na 2. m\u00edst\u011b (stejn\u00e9 um\u00edst\u011bn\u00ed m\u00e1 pr\u016fb\u011b\u017en\u011b i v MP). <strong>Elen Ludwigov\u00e1<\/strong> se v kategorii r. nar. 2009 um\u00edstila na 9. m\u00edst\u011b. <strong>Klaudi Hynek<\/strong> vyhr\u00e1la i \u010dtvrt\u00fd z\u00e1vod v r. nar. 2008 (stejn\u011b se dr\u017e\u00ed i v MP). Skv\u011ble ale v t\u00e9to kategorii zajela i <strong>Terka Gromnicov\u00e1<\/strong>, kter\u00e1 skon\u010dila na 2. m\u00edst\u011b. Velk\u00fd souboj je v kategorii 2006-2007, nejl\u00e9pe z n\u011bho vy\u0161la <strong>Ani Kr\u00fdsov\u00e1<\/strong>, kter\u00e1 skon\u010dila na druh\u00e9m m\u00edst\u011b (pr\u016fb\u011b\u017en\u011b vede MP), na 4. m\u00edst\u011b skon\u010dila <strong>Dom\u010da Friedrichov\u00e1<\/strong> (stejn\u011b jako pr\u016fb\u011b\u017en\u011b v MP) a na 5. m\u00edst\u011b <strong>Anet Nykodymov\u00e1<\/strong> (v MP aktu\u00e1ln\u011b sedm\u00e1). V n\u00e1mi obsazen\u00e9 nejstar\u0161\u00ed kategorii, r. nar. 2004-2005 se <strong>Natka Najdekov\u00e1<\/strong> um\u00edstila na 3. m\u00edst\u011b. (stejn\u011b si vede i v MP, ale s t\u011bsn\u00fdm rozd\u00edlem osmi bod\u016f od vedouc\u00ed z\u00e1vodnice).<\/div>\n<div><\/div>\n<div>V\u0161em budeme dr\u017eet palce do posledn\u00edho z\u00e1vodu, kter\u00fd se bude konat p\u0159\u00ed\u0161t\u00ed m\u011bs\u00edc v Hul\u00edn\u011b!<\/div>\n<div><\/div>\n<div>Fotky <a href=\"https:\/\/gkvitkovice.rajce.idnes.cz\/Majovy_zavod%2C_Karvina_2018\/\">ZDE<\/a><\/div>\n<div class=\"fb-like\" data-href=\"http:\/\/gkvitkovice.cz\/?p=1926\" data-layout=\"standard\" data-action=\"like\" data-size=\"small\" data-show-faces=\"true\" data-share=\"true\"><\/div>\n","protected":false},"excerpt":{"rendered":"<div><a href=\"http:\/\/gkvitkovice.cz\/wp-content\/uploads\/2018\/05\/IMG_9368.jpg\"><img loading=\"lazy\" class=\"alignleft size-medium wp-image-1927\" src=\"http:\/\/gkvitkovice.cz\/wp-content\/uploads\/2018\/05\/IMG_9368-200x300.jpg\" alt=\"\" width=\"200\" height=\"300\" srcset=\"https:\/\/gkvitkovice.cz\/wp-content\/uploads\/2018\/05\/IMG_9368-200x300.jpg 200w, https:\/\/gkvitkovice.cz\/wp-content\/uploads\/2018\/05\/IMG_9368-768x1152.jpg 768w, https:\/\/gkvitkovice.cz\/wp-content\/uploads\/2018\/05\/IMG_9368-682x1024.jpg 682w, https:\/\/gkvitkovice.cz\/wp-content\/uploads\/2018\/05\/IMG_9368.jpg 1333w\" sizes=\"(max-width: 200px) 100vw, 200px\" \/><\/a>V sobotu 19. 5. bojovala na\u0161e d\u011bv\u010data na \u010dtvrt\u00e9m z\u00e1vod\u011b Moravsk\u00e9ho poh\u00e1ru (MP) o co nejlep\u0161\u00ed um\u00edst\u011bn\u00ed, aby si p\u0159ipsaly body do celkov\u00e9ho hodnocen\u00ed.<\/div>\n","protected":false},"author":1,"featured_media":0,"comment_status":"open","ping_status":"open","sticky":false,"template":"","format":"standard","meta":[],"categories":[13],"tags":[],"_links":{"self":[{"href":"https:\/\/gkvitkovice.cz\/index.php?rest_route=\/wp\/v2\/posts\/1926"}],"collection":[{"href":"https:\/\/gkvitkovice.cz\/index.php?rest_route=\/wp\/v2\/posts"}],"about":[{"href":"https:\/\/gkvitkovice.cz\/index.php?rest_route=\/wp\/v2\/types\/post"}],"author":[{"embeddable":true,"href":"https:\/\/gkvitkovice.cz\/index.php?rest_route=\/wp\/v2\/users\/1"}],"replies":[{"embeddable":true,"href":"https:\/\/gkvitkovice.cz\/index.php?rest_route=%2Fwp%2Fv2%2Fcomments&post=1926"}],"version-history":[{"count":3,"href":"https:\/\/gkvitkovice.cz\/index.php?rest_route=\/wp\/v2\/posts\/1926\/revisions"}],"predecessor-version":[{"id":1930,"href":"https:\/\/gkvitkovice.cz\/index.php?rest_route=\/wp\/v2\/posts\/1926\/revisions\/1930"}],"wp:attachment":[{"href":"https:\/\/gkvitkovice.cz\/index.php?rest_route=%2Fwp%2Fv2%2Fmedia&parent=1926"}],"wp:term":[{"taxonomy":"category","embeddable":true,"href":"https:\/\/gkvitkovice.cz\/index.php?rest_route=%2Fwp%2Fv2%2Fcategories&post=1926"},{"taxonomy":"post_tag","embeddable":true,"href":"https:\/\/gkvitkovice.cz\/index.php?rest_route=%2Fwp%2Fv2%2Ftags&post=1926"}],"curies":[{"name":"wp","href":"https:\/\/api.w.org\/{rel}","templated":true}]}}