{"id":1931,"date":"2018-05-23T10:26:09","date_gmt":"2018-05-23T10:26:09","guid":{"rendered":"http:\/\/gkvitkovice.cz\/?p=1931"},"modified":"2018-05-23T10:26:09","modified_gmt":"2018-05-23T10:26:09","slug":"zveme-vas-na-prebor-moravskoslezskeho-kraje-2","status":"publish","type":"post","link":"https:\/\/gkvitkovice.cz\/?p=1931","title":{"rendered":"Zveme V\u00e1s na P\u0159ebor Moravskoslezsk\u00e9ho kraje!!!"},"content":{"rendered":"<p><a href=\"http:\/\/gkvitkovice.cz\/wp-content\/uploads\/2017\/03\/vykricniky_nad_ostravou_03_150x120.jpg\"><img loading=\"lazy\" class=\"alignleft size-full wp-image-1082\" src=\"http:\/\/gkvitkovice.cz\/wp-content\/uploads\/2017\/03\/vykricniky_nad_ostravou_03_150x120.jpg\" alt=\"\" width=\"150\" height=\"120\" \/><\/a>Zveme V\u00e1s na P\u0159ebor Moravskoslezsk\u00e9ho kraje, kter\u00fd bude prob\u00edhat v p\u00e1tek 25.5. a v ned\u011bli 27.5. v na\u0161\u00ed t\u011blocvi\u010dn\u011b. P\u0159ij\u010fte podpo\u0159it na\u0161e z\u00e1vodnice!!!<\/p>\n<p>Upozor\u0148ujeme, \u017ee sm\u011brem na V\u00fd\u0161kovice se opravuj\u00ed mosty u Avionu a je tedy nutn\u00e9 po\u010d\u00edtat s obj\u00ed\u017e\u010fkami. Z\u00e1rove\u0148 upozor\u0148ujeme na omezen\u00fd po\u010det parkovac\u00edch m\u00edst v okol\u00ed t\u011blocvi\u010dny a doporu\u010dujeme tedy zaparkovat u Avion Shopping parku a dojet tramvaj\u00ed \u010d. 2 nebo 7.<\/p>\n<p>N\u00ed\u017ee si m\u016f\u017eete st\u00e1hnout \u010dasov\u00fd pl\u00e1n a startovn\u00ed listiny na oba dva dny.<\/p>\n<p><a href=\"http:\/\/gkvitkovice.cz\/wp-content\/uploads\/2018\/05\/KP-2018-\u010dasov\u00fd-program-25.5..doc\">KP 2018 &#8211; \u010dasov\u00fd program 25.5.<\/a><\/p>\n<p><a href=\"http:\/\/gkvitkovice.cz\/wp-content\/uploads\/2018\/05\/KP-2018-\u010dasov\u00fd-program-27.5..doc\">KP 2018 &#8211; \u010dasov\u00fd program 27.5.<\/a><\/p>\n<p><a href=\"http:\/\/gkvitkovice.cz\/wp-content\/uploads\/2018\/05\/P\u0159ebor-kraje-startovn\u00ed_listina-25.5..xls\">P\u0159ebor kraje &#8211; startovn\u00ed_listina 25.5.<\/a><\/p>\n<p><a href=\"http:\/\/gkvitkovice.cz\/wp-content\/uploads\/2018\/05\/P\u0159ebor-kraje-startovn\u00ed_listina-27.5..xls\">P\u0159ebor kraje &#8211; startovn\u00ed_listina 27.5.<\/a><\/p>\n<p>&nbsp;<\/p>\n","protected":false},"excerpt":{"rendered":"<p><a href=\"http:\/\/gkvitkovice.cz\/wp-content\/uploads\/2017\/03\/vykricniky_nad_ostravou_03_150x120.jpg\"><img loading=\"lazy\" class=\"alignleft size-full wp-image-1082\" src=\"http:\/\/gkvitkovice.cz\/wp-content\/uploads\/2017\/03\/vykricniky_nad_ostravou_03_150x120.jpg\" alt=\"\" width=\"150\" height=\"120\" \/><\/a>Zveme V\u00e1s na P\u0159ebor Moravskoslezsk\u00e9ho kraje, kter\u00fd bude prob\u00edhat v p\u00e1tek 25.5. a v ned\u011bli 27.5. v na\u0161\u00ed t\u011blocvi\u010dn\u011b. P\u0159ij\u010fte podpo\u0159it na\u0161e z\u00e1vodnice!!!<\/p>\n<p>Upozor\u0148ujeme, \u017ee sm\u011brem na V\u00fd\u0161kovice se opravuj\u00ed mosty u Avionu a je tedy nutn\u00e9 po\u010d\u00edtat s obj\u00ed\u017e\u010fkami. Z\u00e1rove\u0148 upozor\u0148ujeme na omezen\u00fd po\u010det parkovac\u00edch m\u00edst v okol\u00ed t\u011blocvi\u010dny a doporu\u010dujeme tedy zaparkovat u Avion Shopping parku a dojet tramvaj\u00ed \u010d. 2 nebo 7.<\/p>\n<p>N\u00ed\u017ee si m\u016f\u017eete st\u00e1hnout \u010dasov\u00fd pl\u00e1n a startovn\u00ed listiny na oba dva dny.<\/p>\n<p><a href=\"http:\/\/gkvitkovice.cz\/wp-content\/uploads\/2018\/05\/KP-2018-\u010dasov\u00fd-program-25.5..doc\">KP 2018 &#8211; \u010dasov\u00fd program 25.5.<\/a><\/p>\n<p><a href=\"http:\/\/gkvitkovice.cz\/wp-content\/uploads\/2018\/05\/KP-2018-\u010dasov\u00fd-program-27.5..doc\">KP 2018 &#8211; \u010dasov\u00fd program 27.5.<\/a><\/p>\n<p><a href=\"http:\/\/gkvitkovice.cz\/wp-content\/uploads\/2018\/05\/P\u0159ebor-kraje-startovn\u00ed_listina-25.5..xls\">P\u0159ebor kraje &#8211; startovn\u00ed_listina 25.5.<\/a><\/p>\n<p><a href=\"http:\/\/gkvitkovice.cz\/wp-content\/uploads\/2018\/05\/P\u0159ebor-kraje-startovn\u00ed_listina-27.5..xls\">P\u0159ebor kraje &#8211; startovn\u00ed_listina 27.5.<\/a><\/p>\n<p>&nbsp;<\/p>\n","protected":false},"author":1,"featured_media":0,"comment_status":"open","ping_status":"open","sticky":false,"template":"","format":"standard","meta":[],"categories":[13],"tags":[],"_links":{"self":[{"href":"https:\/\/gkvitkovice.cz\/index.php?rest_route=\/wp\/v2\/posts\/1931"}],"collection":[{"href":"https:\/\/gkvitkovice.cz\/index.php?rest_route=\/wp\/v2\/posts"}],"about":[{"href":"https:\/\/gkvitkovice.cz\/index.php?rest_route=\/wp\/v2\/types\/post"}],"author":[{"embeddable":true,"href":"https:\/\/gkvitkovice.cz\/index.php?rest_route=\/wp\/v2\/users\/1"}],"replies":[{"embeddable":true,"href":"https:\/\/gkvitkovice.cz\/index.php?rest_route=%2Fwp%2Fv2%2Fcomments&post=1931"}],"version-history":[{"count":1,"href":"https:\/\/gkvitkovice.cz\/index.php?rest_route=\/wp\/v2\/posts\/1931\/revisions"}],"predecessor-version":[{"id":1936,"href":"https:\/\/gkvitkovice.cz\/index.php?rest_route=\/wp\/v2\/posts\/1931\/revisions\/1936"}],"wp:attachment":[{"href":"https:\/\/gkvitkovice.cz\/index.php?rest_route=%2Fwp%2Fv2%2Fmedia&parent=1931"}],"wp:term":[{"taxonomy":"category","embeddable":true,"href":"https:\/\/gkvitkovice.cz\/index.php?rest_route=%2Fwp%2Fv2%2Fcategories&post=1931"},{"taxonomy":"post_tag","embeddable":true,"href":"https:\/\/gkvitkovice.cz\/index.php?rest_route=%2Fwp%2Fv2%2Ftags&post=1931"}],"curies":[{"name":"wp","href":"https:\/\/api.w.org\/{rel}","templated":true}]}}