{"id":1939,"date":"2018-06-06T11:09:41","date_gmt":"2018-06-06T11:09:41","guid":{"rendered":"http:\/\/gkvitkovice.cz\/?p=1939"},"modified":"2018-06-06T11:11:30","modified_gmt":"2018-06-06T11:11:30","slug":"mistrovstvi-cr-a-2018","status":"publish","type":"post","link":"https:\/\/gkvitkovice.cz\/?p=1939","title":{"rendered":"Mistrovstv\u00ed \u010cR A 2018"},"content":{"rendered":"<div id=\"fb-root\"><\/div>\n<p><script>(function(d, s, id) {\n  var js, fjs = d.getElementsByTagName(s)[0];\n  if (d.getElementById(id)) return;\n  js = d.createElement(s); js.id = id;\n  js.src = 'https:\/\/connect.facebook.net\/cs_CZ\/sdk.js#xfbml=1&version=v3.0';\n  fjs.parentNode.insertBefore(js, fjs);\n}(document, 'script', 'facebook-jssdk'));<\/script><br \/>\n<a href=\"http:\/\/gkvitkovice.cz\/wp-content\/uploads\/2018\/06\/IMG_20180602_123429.jpg\"><img loading=\"lazy\" class=\"size-medium wp-image-1940 alignleft\" src=\"http:\/\/gkvitkovice.cz\/wp-content\/uploads\/2018\/06\/IMG_20180602_123429-300x225.jpg\" alt=\"\" width=\"300\" height=\"225\" srcset=\"https:\/\/gkvitkovice.cz\/wp-content\/uploads\/2018\/06\/IMG_20180602_123429-300x225.jpg 300w, https:\/\/gkvitkovice.cz\/wp-content\/uploads\/2018\/06\/IMG_20180602_123429-768x576.jpg 768w, https:\/\/gkvitkovice.cz\/wp-content\/uploads\/2018\/06\/IMG_20180602_123429-1024x768.jpg 1024w, https:\/\/gkvitkovice.cz\/wp-content\/uploads\/2018\/06\/IMG_20180602_123429.jpg 2000w\" sizes=\"(max-width: 300px) 100vw, 300px\" \/><\/a><\/p>\n<p>Vrcholem z\u00e1vodn\u00ed sezony je v\u017edy Mistrovstv\u00ed \u010cesk\u00e9 republiky, a to leto\u0161n\u00ed se pro A v\u011btev konalo v \u010cerno\u0161ic\u00edch u Prahy 2. &#8211; 3. 6. 2018. V p\u00e1tek odjely Karla Adam\u00edkov\u00e1, Nela \u0160t\u011bpandov\u00e1 s tren\u00e9rkami Monikou Prutkayovou a Sv\u011btlanou Grmelovou, kter\u00e1 z\u00e1rove\u0148 p\u016fsobila tak\u00e9 jako rozhod\u010d\u00ed, spole\u010dn\u011b s Hanou Valovou.<\/p>\n<p>V sobotn\u00edm dopoledn\u00edm programu se p\u0159edstavily kadetky mezi nimi\u017e byla v\u00edtkovick\u00e1 nad\u011bje <strong>Nela \u0160t\u011bpandov\u00e1<\/strong> nejv\u011bt\u0161\u00ed favoritkou dle p\u0159edchoz\u00edch v\u00fdsledk\u016f. Zacvi\u010dila v\u0161echna n\u00e1\u0159ad\u00ed par\u00e1dn\u011b, bez v\u011bt\u0161\u00edch chyb a stala se MISTRYN\u00cd \u010cESK\u00c9 REPUBLIKY 2018\u00a0v kategorii kadetek. Sv\u00e9 cvi\u010den\u00ed zahajovala na bradlech, kter\u00e9 bylo ohodnoceno nejvy\u0161\u0161\u00ed zn\u00e1mkou, a to 10,55 b. \u010d\u00edm\u017e automaticky postoupila do\u00a0ned\u011bln\u00edho fin\u00e1le.\u00a0Kladinu zacvi\u010dila velmi p\u011bkn\u011b a se zn\u00e1mkou 12,15 b. se za\u0159adila na druh\u00e9 m\u00edsto v bodov\u00e9m hodnocen\u00ed na kladin\u011b a takt\u00e9\u017e postoupila do fin\u00e1le na tomto n\u00e1\u0159ad\u00ed. Sestava na prostn\u00fdch byla zacvi\u010dena opravdu \u010dist\u011b s p\u011bkn\u00fdm projevem a tak\u00e9 si zajistila i na tomto n\u00e1\u0159ad\u00ed postup do fin\u00e1le s nejvy\u0161\u0161\u00ed zn\u00e1mkou 11,95 b. Na p\u0159eskoku p\u0159edvedla cukuharu skr\u010dmo\u00a0+ p\u0159emet a s v\u00fdslednou zn\u00e1mkou 11,95 b.\u00a0tak\u00e9 postoupila do fin\u00e1le.<\/p>\n<p>Odpoledne absolvovaly sv\u016fj z\u00e1vod juniorky, kde se n\u00e1m m\u011bla p\u0159edstavit <strong>Karla Adam\u00edkov\u00e1<\/strong>. Bohu\u017eel se v rozcvi\u010den\u00ed na posledn\u00edm n\u00e1\u0159ad\u00ed, a to p\u0159eskoku, zranila. S bolest\u00ed achilovky a paty byla nucena ukon\u010dit rozcvi\u010den\u00ed a z\u00e1vodu se nez\u00fa\u010dastnila. P\u0159ejeme K\u00e1ji brzk\u00e9 uzdraven\u00ed v podob\u011b kvalitn\u00edho dol\u00e9\u010den\u00ed p\u0159es pr\u00e1zdniny, a aby se v pln\u00e9 s\u00edle a zdrav\u00ed op\u011bt vr\u00e1tila k srpnov\u00e9mu tr\u00e9ninku.<\/p>\n<p>V ned\u011bln\u00edm fin\u00e1lov\u00e9m z\u00e1vod\u011b se Nela p\u0159edstavila na v\u0161ech n\u00e1\u0159ad\u00edch, kde se j\u00ed, krom\u011b p\u0159eskoku, velmi da\u0159ilo. Stala se Mistryn\u00ed \u010cR 2018 na kladin\u011b a prostn\u00fdch, V\u00edcemistryn\u00ed \u010cR 2018 na bradlech. Na p\u0159eskoku si p\u0159i prvn\u00edm skoku, cukuha\u0159e schylmo, nat\u00e1hla kotn\u00edky a k dal\u0161\u00edmu skoku ji\u017e nenastoupila. I tak jsme byly velmi spokojen\u00e9, proto\u017ee cukuharu schylmo sk\u00e1kala poprv\u00e9.<\/p>\n<p>Gratulujeme k velk\u00e9mu \u00fasp\u011bchu a mnoho \u0161t\u011bst\u00ed na dal\u0161\u00edm v\u00edkendov\u00e9m z\u00e1vod\u011b v Trnav\u011b, je\u017e je Mistrovstv\u00ed Slovenska s mezin\u00e1rodn\u00ed \u00fa\u010dast\u00ed, kde se p\u0159edstav\u00ed ve dvojici s pra\u017eskou gymnastkou Danielou H\u00e1lovou.<\/p>\n<p>Fotky <a href=\"https:\/\/gkvitkovice.rajce.idnes.cz\/MCR_Cernosice_2.-3.6._2018\/\">ZDE<\/a><\/p>\n<p>V\u00fdsledky <a href=\"http:\/\/www.gymfed.cz\/vysledky\/detail\/1116\">ZDE<\/a><\/p>\n<div class=\"fb-like\" data-href=\"http:\/\/gkvitkovice.cz\/?p=1939\" data-layout=\"standard\" data-action=\"like\" data-size=\"small\" data-show-faces=\"true\" data-share=\"true\"><\/div>\n","protected":false},"excerpt":{"rendered":"<p><a href=\"http:\/\/gkvitkovice.cz\/wp-content\/uploads\/2018\/06\/IMG_20180602_123429.jpg\"><img loading=\"lazy\" class=\"size-medium wp-image-1940 alignleft\" src=\"http:\/\/gkvitkovice.cz\/wp-content\/uploads\/2018\/06\/IMG_20180602_123429-300x225.jpg\" alt=\"\" width=\"300\" height=\"225\" srcset=\"https:\/\/gkvitkovice.cz\/wp-content\/uploads\/2018\/06\/IMG_20180602_123429-300x225.jpg 300w, https:\/\/gkvitkovice.cz\/wp-content\/uploads\/2018\/06\/IMG_20180602_123429-768x576.jpg 768w, https:\/\/gkvitkovice.cz\/wp-content\/uploads\/2018\/06\/IMG_20180602_123429-1024x768.jpg 1024w, https:\/\/gkvitkovice.cz\/wp-content\/uploads\/2018\/06\/IMG_20180602_123429.jpg 2000w\" sizes=\"(max-width: 300px) 100vw, 300px\" \/><\/a><\/p>\n<p>Vrcholem z\u00e1vodn\u00ed sezony je v\u017edy Mistrovstv\u00ed \u010cesk\u00e9 republiky, a to leto\u0161n\u00ed se pro A v\u011btev konalo v \u010cerno\u0161ic\u00edch u Prahy 2. &#8211; 3. 6. 2018. <\/p>\n","protected":false},"author":1,"featured_media":0,"comment_status":"open","ping_status":"open","sticky":false,"template":"","format":"standard","meta":[],"categories":[13],"tags":[],"_links":{"self":[{"href":"https:\/\/gkvitkovice.cz\/index.php?rest_route=\/wp\/v2\/posts\/1939"}],"collection":[{"href":"https:\/\/gkvitkovice.cz\/index.php?rest_route=\/wp\/v2\/posts"}],"about":[{"href":"https:\/\/gkvitkovice.cz\/index.php?rest_route=\/wp\/v2\/types\/post"}],"author":[{"embeddable":true,"href":"https:\/\/gkvitkovice.cz\/index.php?rest_route=\/wp\/v2\/users\/1"}],"replies":[{"embeddable":true,"href":"https:\/\/gkvitkovice.cz\/index.php?rest_route=%2Fwp%2Fv2%2Fcomments&post=1939"}],"version-history":[{"count":6,"href":"https:\/\/gkvitkovice.cz\/index.php?rest_route=\/wp\/v2\/posts\/1939\/revisions"}],"predecessor-version":[{"id":1946,"href":"https:\/\/gkvitkovice.cz\/index.php?rest_route=\/wp\/v2\/posts\/1939\/revisions\/1946"}],"wp:attachment":[{"href":"https:\/\/gkvitkovice.cz\/index.php?rest_route=%2Fwp%2Fv2%2Fmedia&parent=1939"}],"wp:term":[{"taxonomy":"category","embeddable":true,"href":"https:\/\/gkvitkovice.cz\/index.php?rest_route=%2Fwp%2Fv2%2Fcategories&post=1939"},{"taxonomy":"post_tag","embeddable":true,"href":"https:\/\/gkvitkovice.cz\/index.php?rest_route=%2Fwp%2Fv2%2Ftags&post=1939"}],"curies":[{"name":"wp","href":"https:\/\/api.w.org\/{rel}","templated":true}]}}