{"id":1947,"date":"2018-06-07T08:30:14","date_gmt":"2018-06-07T08:30:14","guid":{"rendered":"http:\/\/gkvitkovice.cz\/?p=1947"},"modified":"2018-06-07T08:31:38","modified_gmt":"2018-06-07T08:31:38","slug":"prebor-moravskoslezskeho-kraje-2018","status":"publish","type":"post","link":"https:\/\/gkvitkovice.cz\/?p=1947","title":{"rendered":"P\u0159ebor Moravskoslezsk\u00e9ho kraje 2018"},"content":{"rendered":"<div id=\"fb-root\"><\/div>\n<p><script>(function(d, s, id) {\n  var js, fjs = d.getElementsByTagName(s)[0];\n  if (d.getElementById(id)) return;\n  js = d.createElement(s); js.id = id;\n  js.src = 'https:\/\/connect.facebook.net\/cs_CZ\/sdk.js#xfbml=1&version=v3.0';\n  fjs.parentNode.insertBefore(js, fjs);\n}(document, 'script', 'facebook-jssdk'));<\/script><br \/>\n<a href=\"http:\/\/gkvitkovice.cz\/wp-content\/uploads\/2018\/06\/IMG_20180525_183044.jpg\"><img loading=\"lazy\" class=\"size-medium wp-image-1951 alignleft\" src=\"http:\/\/gkvitkovice.cz\/wp-content\/uploads\/2018\/06\/IMG_20180525_183044-300x225.jpg\" alt=\"\" width=\"300\" height=\"225\" srcset=\"https:\/\/gkvitkovice.cz\/wp-content\/uploads\/2018\/06\/IMG_20180525_183044-300x225.jpg 300w, https:\/\/gkvitkovice.cz\/wp-content\/uploads\/2018\/06\/IMG_20180525_183044-768x576.jpg 768w, https:\/\/gkvitkovice.cz\/wp-content\/uploads\/2018\/06\/IMG_20180525_183044-1024x768.jpg 1024w, https:\/\/gkvitkovice.cz\/wp-content\/uploads\/2018\/06\/IMG_20180525_183044.jpg 2000w\" sizes=\"(max-width: 300px) 100vw, 300px\" \/><\/a><\/p>\n<p>V leto\u0161n\u00ed jarn\u00ed sez\u00f3n\u011b se z d\u016fvodu zv\u00fd\u0161en\u00ed po\u010dtu kategori\u00ed dle nov\u00e9ho z\u00e1vodn\u00edho programu (a t\u00edm i zv\u00fd\u0161en\u00ed po\u010dtu z\u00e1vodnic) konal P\u0159ebor Moravskoslezsk\u00e9ho kraje ve dvou dnech, a to v p\u00e1tek 25. 5. a v ned\u011bli 27. 5. 2018. Z\u00e1vod prob\u00edhal v na\u0161\u00ed t\u011blocvi\u010dn\u011b. I tentokr\u00e1t se na\u0161im z\u00e1vodnic\u00edm velmi da\u0159ilo a posb\u00edraly spoustu kr\u00e1sn\u00fdch um\u00edst\u011bn\u00ed.<\/p>\n<p><em>V\u00fdsledky:<\/em><\/p>\n<p>VS 0A (5-6let) &#8211; <strong><span style=\"color: #ffcc00;\">Barbora Skotnicov\u00e1<span style=\"color: #000000;\">,\u00a0<span style=\"color: #808080;\">Elen Kantorov\u00e1<span style=\"color: #000000;\">,\u00a0<\/span><\/span><\/span><\/span><\/strong><span style=\"color: #993300;\"><strong>Frederika Prutkayov\u00e1<\/strong><\/span><\/p>\n<p>VS 0A (7-8 let) &#8211; <span style=\"color: #ffcc00;\"><strong>Aneta Nen\u00ed\u010dkov\u00e1<\/strong><\/span>, <span style=\"color: #993300;\"><strong>Eli\u0161ka Bystro\u0148ov\u00e1<\/strong><\/span><\/p>\n<p>VS 0B\u00a0 &#8211; <span style=\"color: #808080;\"><strong>Patricie Pomiklov\u00e1<\/strong><\/span><\/p>\n<p>VS 4C &#8211; <span style=\"color: #ffcc00;\"><strong>Klaudie Hynek<\/strong><\/span>, <span style=\"color: #808080;\"><strong>Tereza Gromnicov\u00e1<\/strong><\/span>, <span style=\"color: #993300;\"><strong>Dominika Friedrichov\u00e1<\/strong><\/span><\/p>\n<p>VS 5C &#8211; <span style=\"color: #808080;\"><strong>Nat\u00e1lie Najdekov\u00e1<\/strong><\/span><\/p>\n<p>VS 2A &#8211; <span style=\"color: #ffcc00;\"><strong>Roz\u00e1lie O\u017eanov\u00e1<\/strong><\/span><\/p>\n<p>VS 4A &#8211; <span style=\"color: #ffcc00;\"><strong>Nela \u0160t\u011bpandov\u00e1<\/strong><\/span><\/p>\n<p>VS 1B &#8211; <span style=\"color: #993300;\"><strong>Elen Ludwigov\u00e1<\/strong><\/span><\/p>\n<p>VS 2B &#8211; <span style=\"color: #ffcc00;\"><strong>Anna Kr\u00fdsov\u00e1<\/strong><\/span>, <span style=\"color: #808080;\"><strong>Aneta Nykodymov\u00e1<\/strong><\/span><\/p>\n<p>VS 4B &#8211; <span style=\"color: #808080;\"><strong>Ad\u00e9la \u010c\u00e1pov\u00e1<\/strong><\/span>, <span style=\"color: #993300;\"><strong>Anna Kr\u00fdsov\u00e1<\/strong><\/span><\/p>\n<p>VS 6B &#8211; <span style=\"color: #808080;\"><strong>Lenka Jaskovi\u010dov\u00e1<\/strong><\/span><\/p>\n<p>Ostatn\u00ed v\u00fdsledky si m\u016f\u017eete prohl\u00e9dnout <a href=\"http:\/\/www.gymfed.cz\/vysledky\/detail\/1306?kategorie=2335\">ZDE<\/a><\/p>\n<p>Z\u00e1vodnic\u00edm i tren\u00e9r\u016fm moc gratulujeme a p\u0159ejeme mnoho \u0161t\u011bst\u00ed v nadch\u00e1zej\u00edc\u00edch M\u010cR!<\/p>\n<p>D\u011bkujeme v\u0161em za pomoc s organizac\u00ed z\u00e1vodu.<\/p>\n<p>Fotky a videa\u00a0<a href=\"https:\/\/gkvitkovice.rajce.idnes.cz\/Krajsky_prebor_25.5._2018\/\">P\u00c1TEK<\/a> a <a href=\"https:\/\/gkvitkovice.rajce.idnes.cz\/Krajsky_prebor_27.5._2018\/\">NED\u011aLE<\/a><\/p>\n<div class=\"fb-like\" data-href=\"http:\/\/gkvitkovice.cz\/?p=1947\" data-layout=\"standard\" data-action=\"like\" data-size=\"small\" data-show-faces=\"true\" data-share=\"true\"><\/div>\n","protected":false},"excerpt":{"rendered":"<p><a href=\"http:\/\/gkvitkovice.cz\/wp-content\/uploads\/2018\/06\/IMG_20180525_183044.jpg\"><img loading=\"lazy\" class=\"size-medium wp-image-1951 alignleft\" src=\"http:\/\/gkvitkovice.cz\/wp-content\/uploads\/2018\/06\/IMG_20180525_183044-300x225.jpg\" alt=\"\" width=\"300\" height=\"225\" srcset=\"https:\/\/gkvitkovice.cz\/wp-content\/uploads\/2018\/06\/IMG_20180525_183044-300x225.jpg 300w, https:\/\/gkvitkovice.cz\/wp-content\/uploads\/2018\/06\/IMG_20180525_183044-768x576.jpg 768w, https:\/\/gkvitkovice.cz\/wp-content\/uploads\/2018\/06\/IMG_20180525_183044-1024x768.jpg 1024w, https:\/\/gkvitkovice.cz\/wp-content\/uploads\/2018\/06\/IMG_20180525_183044.jpg 2000w\" sizes=\"(max-width: 300px) 100vw, 300px\" \/><\/a><\/p>\n<p>V leto\u0161n\u00ed jarn\u00ed sez\u00f3n\u011b se z d\u016fvodu zv\u00fd\u0161en\u00ed po\u010dtu kategori\u00ed dle nov\u00e9ho z\u00e1vodn\u00edho programu (a t\u00edm i zv\u00fd\u0161en\u00ed po\u010dtu z\u00e1vodnic) konal P\u0159ebor Moravskoslezsk\u00e9ho kraje ve dvou dnech, a to v p\u00e1tek 25. 5. a v ned\u011bli 27. 5. 2018.<\/p>\n","protected":false},"author":1,"featured_media":0,"comment_status":"open","ping_status":"open","sticky":false,"template":"","format":"standard","meta":[],"categories":[13],"tags":[],"_links":{"self":[{"href":"https:\/\/gkvitkovice.cz\/index.php?rest_route=\/wp\/v2\/posts\/1947"}],"collection":[{"href":"https:\/\/gkvitkovice.cz\/index.php?rest_route=\/wp\/v2\/posts"}],"about":[{"href":"https:\/\/gkvitkovice.cz\/index.php?rest_route=\/wp\/v2\/types\/post"}],"author":[{"embeddable":true,"href":"https:\/\/gkvitkovice.cz\/index.php?rest_route=\/wp\/v2\/users\/1"}],"replies":[{"embeddable":true,"href":"https:\/\/gkvitkovice.cz\/index.php?rest_route=%2Fwp%2Fv2%2Fcomments&post=1947"}],"version-history":[{"count":6,"href":"https:\/\/gkvitkovice.cz\/index.php?rest_route=\/wp\/v2\/posts\/1947\/revisions"}],"predecessor-version":[{"id":1955,"href":"https:\/\/gkvitkovice.cz\/index.php?rest_route=\/wp\/v2\/posts\/1947\/revisions\/1955"}],"wp:attachment":[{"href":"https:\/\/gkvitkovice.cz\/index.php?rest_route=%2Fwp%2Fv2%2Fmedia&parent=1947"}],"wp:term":[{"taxonomy":"category","embeddable":true,"href":"https:\/\/gkvitkovice.cz\/index.php?rest_route=%2Fwp%2Fv2%2Fcategories&post=1947"},{"taxonomy":"post_tag","embeddable":true,"href":"https:\/\/gkvitkovice.cz\/index.php?rest_route=%2Fwp%2Fv2%2Ftags&post=1947"}],"curies":[{"name":"wp","href":"https:\/\/api.w.org\/{rel}","templated":true}]}}