{"id":1957,"date":"2018-06-15T06:25:12","date_gmt":"2018-06-15T06:25:12","guid":{"rendered":"http:\/\/gkvitkovice.cz\/?p=1957"},"modified":"2018-06-15T06:27:01","modified_gmt":"2018-06-15T06:27:01","slug":"dospelacky-minicup-2018","status":"publish","type":"post","link":"https:\/\/gkvitkovice.cz\/?p=1957","title":{"rendered":"Dosp\u011bl\u00e1ck\u00fd minicup 2018"},"content":{"rendered":"<div id=\"fb-root\"><\/div>\n<p><script>(function(d, s, id) {\n  var js, fjs = d.getElementsByTagName(s)[0];\n  if (d.getElementById(id)) return;\n  js = d.createElement(s); js.id = id;\n  js.src = 'https:\/\/connect.facebook.net\/cs_CZ\/sdk.js#xfbml=1&version=v3.0';\n  fjs.parentNode.insertBefore(js, fjs);\n}(document, 'script', 'facebook-jssdk'));<\/script><br \/>\n<a href=\"http:\/\/gkvitkovice.cz\/wp-content\/uploads\/2018\/06\/P6130178.jpg\"><img loading=\"lazy\" class=\"size-medium wp-image-1958 alignleft\" src=\"http:\/\/gkvitkovice.cz\/wp-content\/uploads\/2018\/06\/P6130178-300x200.jpg\" alt=\"\" width=\"300\" height=\"200\" srcset=\"https:\/\/gkvitkovice.cz\/wp-content\/uploads\/2018\/06\/P6130178-300x200.jpg 300w, https:\/\/gkvitkovice.cz\/wp-content\/uploads\/2018\/06\/P6130178-768x512.jpg 768w, https:\/\/gkvitkovice.cz\/wp-content\/uploads\/2018\/06\/P6130178-1024x682.jpg 1024w, https:\/\/gkvitkovice.cz\/wp-content\/uploads\/2018\/06\/P6130178.jpg 2000w\" sizes=\"(max-width: 300px) 100vw, 300px\" \/><\/a><\/p>\n<p>Ve st\u0159edu 13. 6. 2018 se konal ji\u017e 4. ro\u010dn\u00edk z\u00e1vodu Dosp\u011bl\u00e1ck\u00fd minicup, kter\u00e9ho se \u00fa\u010dastn\u00ed v\u0161ichni ze st\u0159ede\u010dn\u00edho kurzu Cvi\u010den\u00ed pro dosp\u011bl\u00e9.<\/p>\n<p>Jako obvykle u\u017e nebyla p\u0159ed pr\u00e1zdninami \u00fa\u010dast p\u0159\u00edli\u0161 hojn\u00e1, p\u0159esto z\u00e1vod prob\u011bhl ve skv\u011bl\u00e9 atmosf\u00e9\u0159e za podpory div\u00e1k\u016f. Z\u00e1vodilo se na v\u0161ech \u010dty\u0159ech n\u00e1\u0159ad\u00edch a z\u00e1vodn\u00edci byli rozd\u011bleni do 4 kategori\u00ed. V\u0161ichni p\u0159edvedli skv\u011bl\u00e9 v\u00fdkony a u v\u0161ech byl zn\u00e1t velk\u00fd pokrok &#8211; jak v obt\u00ed\u017enosti cvik\u016f, tak v proveden\u00ed. A pr\u00e1v\u011b proto si v\u0161ichni sv\u00fdmi v\u00fdkony a sv\u00fdm nad\u0161en\u00edm vybojovali zlatou medaili.<\/p>\n<p>Z\u00e1vod byl skv\u011bl\u00fdm zakon\u010den\u00edm celoro\u010dn\u00edho sna\u017een\u00ed a p\u0159\u00edjemn\u00e9ho kurzu Cvi\u010den\u00ed pro dosp\u011bl\u00e9.<\/p>\n<p>Ve st\u0159edu 20. 6. prob\u011bhne posledn\u00ed rozlu\u010dkov\u00e1 hodina a pot\u00e9 se na v\u0161echny budeme zase t\u011b\u0161it v z\u00e1\u0159\u00ed 2018.<\/p>\n<p>Fotky <a href=\"https:\/\/gkvitkovice.rajce.idnes.cz\/Dospelacky_minicup_13.6.2018\/\">ZDE<\/a><\/p>\n<div class=\"fb-like\" data-href=\"http:\/\/gkvitkovice.cz\/?p=1957\" data-layout=\"standard\" data-action=\"like\" data-size=\"small\" data-show-faces=\"true\" data-share=\"true\"><\/div>\n","protected":false},"excerpt":{"rendered":"<p><a href=\"http:\/\/gkvitkovice.cz\/wp-content\/uploads\/2018\/06\/P6130178.jpg\"><img loading=\"lazy\" class=\"size-medium wp-image-1958 alignleft\" src=\"http:\/\/gkvitkovice.cz\/wp-content\/uploads\/2018\/06\/P6130178-300x200.jpg\" alt=\"\" width=\"300\" height=\"200\" srcset=\"https:\/\/gkvitkovice.cz\/wp-content\/uploads\/2018\/06\/P6130178-300x200.jpg 300w, https:\/\/gkvitkovice.cz\/wp-content\/uploads\/2018\/06\/P6130178-768x512.jpg 768w, https:\/\/gkvitkovice.cz\/wp-content\/uploads\/2018\/06\/P6130178-1024x682.jpg 1024w, https:\/\/gkvitkovice.cz\/wp-content\/uploads\/2018\/06\/P6130178.jpg 2000w\" sizes=\"(max-width: 300px) 100vw, 300px\" \/><\/a><\/p>\n<p>Ve st\u0159edu 13. 6. 2018 se konal ji\u017e 4. ro\u010dn\u00edk z\u00e1vodu Dosp\u011bl\u00e1ck\u00fd minicup, kter\u00e9ho se \u00fa\u010dastn\u00ed v\u0161ichni ze st\u0159ede\u010dn\u00edho kurzu Cvi\u010den\u00ed pro dosp\u011bl\u00e9.<\/p>\n","protected":false},"author":1,"featured_media":0,"comment_status":"open","ping_status":"open","sticky":false,"template":"","format":"standard","meta":[],"categories":[13],"tags":[],"_links":{"self":[{"href":"https:\/\/gkvitkovice.cz\/index.php?rest_route=\/wp\/v2\/posts\/1957"}],"collection":[{"href":"https:\/\/gkvitkovice.cz\/index.php?rest_route=\/wp\/v2\/posts"}],"about":[{"href":"https:\/\/gkvitkovice.cz\/index.php?rest_route=\/wp\/v2\/types\/post"}],"author":[{"embeddable":true,"href":"https:\/\/gkvitkovice.cz\/index.php?rest_route=\/wp\/v2\/users\/1"}],"replies":[{"embeddable":true,"href":"https:\/\/gkvitkovice.cz\/index.php?rest_route=%2Fwp%2Fv2%2Fcomments&post=1957"}],"version-history":[{"count":3,"href":"https:\/\/gkvitkovice.cz\/index.php?rest_route=\/wp\/v2\/posts\/1957\/revisions"}],"predecessor-version":[{"id":1961,"href":"https:\/\/gkvitkovice.cz\/index.php?rest_route=\/wp\/v2\/posts\/1957\/revisions\/1961"}],"wp:attachment":[{"href":"https:\/\/gkvitkovice.cz\/index.php?rest_route=%2Fwp%2Fv2%2Fmedia&parent=1957"}],"wp:term":[{"taxonomy":"category","embeddable":true,"href":"https:\/\/gkvitkovice.cz\/index.php?rest_route=%2Fwp%2Fv2%2Fcategories&post=1957"},{"taxonomy":"post_tag","embeddable":true,"href":"https:\/\/gkvitkovice.cz\/index.php?rest_route=%2Fwp%2Fv2%2Ftags&post=1957"}],"curies":[{"name":"wp","href":"https:\/\/api.w.org\/{rel}","templated":true}]}}