{"id":1974,"date":"2018-06-18T20:27:34","date_gmt":"2018-06-18T20:27:34","guid":{"rendered":"http:\/\/gkvitkovice.cz\/?p=1974"},"modified":"2018-06-18T20:27:34","modified_gmt":"2018-06-18T20:27:34","slug":"nabor-novych-clenu-2","status":"publish","type":"post","link":"https:\/\/gkvitkovice.cz\/?p=1974","title":{"rendered":"N\u00e1bor nov\u00fdch \u010dlen\u016f"},"content":{"rendered":"<p><a href=\"http:\/\/gkvitkovice.cz\/wp-content\/uploads\/2017\/08\/IMG_3926.jpg\"><img loading=\"lazy\" class=\"alignleft size-medium wp-image-1401\" src=\"http:\/\/gkvitkovice.cz\/wp-content\/uploads\/2017\/08\/IMG_3926-300x236.jpg\" alt=\"\" width=\"300\" height=\"236\" srcset=\"https:\/\/gkvitkovice.cz\/wp-content\/uploads\/2017\/08\/IMG_3926-300x236.jpg 300w, https:\/\/gkvitkovice.cz\/wp-content\/uploads\/2017\/08\/IMG_3926-768x605.jpg 768w, https:\/\/gkvitkovice.cz\/wp-content\/uploads\/2017\/08\/IMG_3926-1024x806.jpg 1024w\" sizes=\"(max-width: 300px) 100vw, 300px\" \/><\/a>N\u00e1bor nov\u00fdch \u010dlen\u016f bude prob\u00edhat ve dnech 10. &#8211; 12. 9. 2018 v\u017edy od 17 hod. P\u0159ihl\u00e1\u0161ky m\u016f\u017eete zas\u00edlat do 6. 9. 2018 na e-mail gkvitkovice@seznam.cz &#8211; na z\u00e1klad\u011b zaslan\u00e9 p\u0159ihl\u00e1\u0161ky obdr\u017e\u00edte informace o n\u00e1boru. Bez p\u0159edem zaslan\u00e9 p\u0159ihl\u00e1\u0161ky nebudou nov\u00ed \u010dlenov\u00e9 p\u0159ij\u00edm\u00e1ni!!!<\/p>\n<p>V\u011bkov\u00e9 omezen\u00ed:<\/p>\n<p>D\u011bv\u010data ro\u010dn\u00edky narozen\u00ed 2010-2014, chlapci ro\u010dn\u00edky narozen\u00ed 2009-2012<\/p>\n<p>P\u0159ihl\u00e1\u0161ku je mo\u017eno st\u00e1hnout v sekci Ke sta\u017een\u00ed.<\/p>\n<p>Budeme se na V\u00e1s t\u011b\u0161it!<\/p>\n<p>&nbsp;<\/p>\n","protected":false},"excerpt":{"rendered":"<p><a href=\"http:\/\/gkvitkovice.cz\/wp-content\/uploads\/2017\/08\/IMG_3926.jpg\"><img loading=\"lazy\" class=\"alignleft size-medium wp-image-1401\" src=\"http:\/\/gkvitkovice.cz\/wp-content\/uploads\/2017\/08\/IMG_3926-300x236.jpg\" alt=\"\" width=\"300\" height=\"236\" srcset=\"https:\/\/gkvitkovice.cz\/wp-content\/uploads\/2017\/08\/IMG_3926-300x236.jpg 300w, https:\/\/gkvitkovice.cz\/wp-content\/uploads\/2017\/08\/IMG_3926-768x605.jpg 768w, https:\/\/gkvitkovice.cz\/wp-content\/uploads\/2017\/08\/IMG_3926-1024x806.jpg 1024w\" sizes=\"(max-width: 300px) 100vw, 300px\" \/><\/a>N\u00e1bor nov\u00fdch \u010dlen\u016f bude prob\u00edhat ve dnech 10. &#8211; 12. 9. 2018 v\u017edy od 17 hod. P\u0159ihl\u00e1\u0161ky m\u016f\u017eete zas\u00edlat do 6. 9. 2018 na e-mail gkvitkovice@seznam.cz &#8211; na z\u00e1klad\u011b zaslan\u00e9 p\u0159ihl\u00e1\u0161ky obdr\u017e\u00edte informace o n\u00e1boru. Bez p\u0159edem zaslan\u00e9 p\u0159ihl\u00e1\u0161ky nebudou nov\u00ed \u010dlenov\u00e9 p\u0159ij\u00edm\u00e1ni!!!<\/p>\n<p>V\u011bkov\u00e9 omezen\u00ed:<\/p>\n<p>D\u011bv\u010data ro\u010dn\u00edky narozen\u00ed 2010-2014, chlapci ro\u010dn\u00edky narozen\u00ed 2009-2012<\/p>\n<p>P\u0159ihl\u00e1\u0161ku je mo\u017eno st\u00e1hnout v sekci Ke sta\u017een\u00ed.<\/p>\n<p>Budeme se na V\u00e1s t\u011b\u0161it!<\/p>\n","protected":false},"author":1,"featured_media":0,"comment_status":"open","ping_status":"open","sticky":false,"template":"","format":"standard","meta":[],"categories":[13],"tags":[],"_links":{"self":[{"href":"https:\/\/gkvitkovice.cz\/index.php?rest_route=\/wp\/v2\/posts\/1974"}],"collection":[{"href":"https:\/\/gkvitkovice.cz\/index.php?rest_route=\/wp\/v2\/posts"}],"about":[{"href":"https:\/\/gkvitkovice.cz\/index.php?rest_route=\/wp\/v2\/types\/post"}],"author":[{"embeddable":true,"href":"https:\/\/gkvitkovice.cz\/index.php?rest_route=\/wp\/v2\/users\/1"}],"replies":[{"embeddable":true,"href":"https:\/\/gkvitkovice.cz\/index.php?rest_route=%2Fwp%2Fv2%2Fcomments&post=1974"}],"version-history":[{"count":1,"href":"https:\/\/gkvitkovice.cz\/index.php?rest_route=\/wp\/v2\/posts\/1974\/revisions"}],"predecessor-version":[{"id":1975,"href":"https:\/\/gkvitkovice.cz\/index.php?rest_route=\/wp\/v2\/posts\/1974\/revisions\/1975"}],"wp:attachment":[{"href":"https:\/\/gkvitkovice.cz\/index.php?rest_route=%2Fwp%2Fv2%2Fmedia&parent=1974"}],"wp:term":[{"taxonomy":"category","embeddable":true,"href":"https:\/\/gkvitkovice.cz\/index.php?rest_route=%2Fwp%2Fv2%2Fcategories&post=1974"},{"taxonomy":"post_tag","embeddable":true,"href":"https:\/\/gkvitkovice.cz\/index.php?rest_route=%2Fwp%2Fv2%2Ftags&post=1974"}],"curies":[{"name":"wp","href":"https:\/\/api.w.org\/{rel}","templated":true}]}}