{"id":1978,"date":"2018-06-27T10:36:52","date_gmt":"2018-06-27T10:36:52","guid":{"rendered":"http:\/\/gkvitkovice.cz\/?p=1978"},"modified":"2018-06-27T10:37:40","modified_gmt":"2018-06-27T10:37:40","slug":"gym-festival-trnava-2018","status":"publish","type":"post","link":"https:\/\/gkvitkovice.cz\/?p=1978","title":{"rendered":"Gym Festival Trnava 2018"},"content":{"rendered":"<div id=\"fb-root\"><\/div>\n<p><script>(function(d, s, id) {\n  var js, fjs = d.getElementsByTagName(s)[0];\n  if (d.getElementById(id)) return;\n  js = d.createElement(s); js.id = id;\n  js.src = 'https:\/\/connect.facebook.net\/cs_CZ\/sdk.js#xfbml=1&version=v3.0';\n  fjs.parentNode.insertBefore(js, fjs);\n}(document, 'script', 'facebook-jssdk'));<\/script><br \/>\n<a href=\"http:\/\/gkvitkovice.cz\/wp-content\/uploads\/2018\/06\/IMG_20180609_202426.jpg\"><img loading=\"lazy\" class=\"size-medium wp-image-1980 alignleft\" src=\"http:\/\/gkvitkovice.cz\/wp-content\/uploads\/2018\/06\/IMG_20180609_202426-300x225.jpg\" alt=\"\" width=\"300\" height=\"225\" srcset=\"https:\/\/gkvitkovice.cz\/wp-content\/uploads\/2018\/06\/IMG_20180609_202426-300x225.jpg 300w, https:\/\/gkvitkovice.cz\/wp-content\/uploads\/2018\/06\/IMG_20180609_202426-768x576.jpg 768w, https:\/\/gkvitkovice.cz\/wp-content\/uploads\/2018\/06\/IMG_20180609_202426-1024x768.jpg 1024w, https:\/\/gkvitkovice.cz\/wp-content\/uploads\/2018\/06\/IMG_20180609_202426.jpg 2000w\" sizes=\"(max-width: 300px) 100vw, 300px\" \/><\/a><\/p>\n<p>Z\u00e1v\u011bre\u010dn\u00fdm z\u00e1vodem leto\u0161n\u00ed sezony se stal pro <strong>Nelu \u0160t\u011bpandovou<\/strong> 31. Gym-festival v Trnav\u011b, kter\u00e9ho se z\u00fa\u010dastnila poprv\u00e9. Ambasadorkou z\u00e1vodu byla Larisa Iordache, opora rumunsk\u00e9 \u017eensk\u00e9 sportovn\u00ed gymnastiky, n\u011bkolikan\u00e1sobn\u00e1 medailistka z OH, MS a ME. Od p\u00e1tku do ned\u011ble (9.-10.6. 2018) bylo sou\u010d\u00e1st\u00ed festivalu nejen mezin\u00e1rodn\u00ed mistrovstv\u00ed Slovenska \u017een a juniorek, ale tak\u00e9\u00a0tradi\u010dn\u00ed sout\u011b\u017e \u017ea\u010dek Poh\u00e1r starobyl\u00e9 Trnavy, kde startuj\u00ed tak\u00e9 jako dvojice.<\/p>\n<p>V tomto z\u00e1vod\u011b se p\u0159edstavila i Nela spole\u010dn\u011b s pra\u017eskou Danielou H\u00e1lovou. Ob\u011b d\u011bv\u010data zaz\u00e1vodila velmi p\u011bkn\u011b, krom\u011b jednoho nezdaru na kladin\u011b a v konkurenci 10 dru\u017estev (\u010cesk\u00e1 republika, Slovenska, Ma\u010farska, Polska, Ukrajina) obsadily 4. m\u00edsto. V jednotlivc\u00edch se Nelda um\u00edstila na 7. m\u00edst\u011b a Dan\u010da na 11. m\u00edst\u011b\u00a0z 23. d\u011bv\u010dat. Pro Nelu to byla skv\u011bl\u00e1 zku\u0161enost a p\u0159ejeme j\u00ed hodn\u011b zdrav\u00ed a el\u00e1nu do nov\u00e9 sezony.<\/p>\n<p>Fotky <a href=\"http:\/\/gkvitkovice.rajce.idnes.cz\/Gym_festival_Trnava%2C_8.-10.6._2018\/\">ZDE<\/a><\/p>\n<p><a href=\"http:\/\/gkvitkovice.cz\/wp-content\/uploads\/2018\/06\/Trnava-v\u00fdsledky.pdf\">Trnava v\u00fdsledky<\/a><\/p>\n<div class=\"fb-like\" data-href=\"http:\/\/gkvitkovice.cz\/?p=1978\" data-layout=\"standard\" data-action=\"like\" data-size=\"small\" data-show-faces=\"true\" data-share=\"true\"><\/div>\n","protected":false},"excerpt":{"rendered":"<p><a href=\"http:\/\/gkvitkovice.cz\/wp-content\/uploads\/2018\/06\/IMG_20180609_202426.jpg\"><img loading=\"lazy\" class=\"size-medium wp-image-1980 alignleft\" src=\"http:\/\/gkvitkovice.cz\/wp-content\/uploads\/2018\/06\/IMG_20180609_202426-300x225.jpg\" alt=\"\" width=\"300\" height=\"225\" srcset=\"https:\/\/gkvitkovice.cz\/wp-content\/uploads\/2018\/06\/IMG_20180609_202426-300x225.jpg 300w, https:\/\/gkvitkovice.cz\/wp-content\/uploads\/2018\/06\/IMG_20180609_202426-768x576.jpg 768w, https:\/\/gkvitkovice.cz\/wp-content\/uploads\/2018\/06\/IMG_20180609_202426-1024x768.jpg 1024w, https:\/\/gkvitkovice.cz\/wp-content\/uploads\/2018\/06\/IMG_20180609_202426.jpg 2000w\" sizes=\"(max-width: 300px) 100vw, 300px\" \/><\/a><\/p>\n<p>Z\u00e1v\u011bre\u010dn\u00fdm z\u00e1vodem leto\u0161n\u00ed sezony se stal pro <strong>Nelu \u0160t\u011bpandovou<\/strong> 31. Gym-festival v Trnav\u011b, kter\u00e9ho se z\u00fa\u010dastnila poprv\u00e9.<\/p>\n","protected":false},"author":1,"featured_media":0,"comment_status":"open","ping_status":"open","sticky":false,"template":"","format":"standard","meta":[],"categories":[13],"tags":[],"_links":{"self":[{"href":"https:\/\/gkvitkovice.cz\/index.php?rest_route=\/wp\/v2\/posts\/1978"}],"collection":[{"href":"https:\/\/gkvitkovice.cz\/index.php?rest_route=\/wp\/v2\/posts"}],"about":[{"href":"https:\/\/gkvitkovice.cz\/index.php?rest_route=\/wp\/v2\/types\/post"}],"author":[{"embeddable":true,"href":"https:\/\/gkvitkovice.cz\/index.php?rest_route=\/wp\/v2\/users\/1"}],"replies":[{"embeddable":true,"href":"https:\/\/gkvitkovice.cz\/index.php?rest_route=%2Fwp%2Fv2%2Fcomments&post=1978"}],"version-history":[{"count":4,"href":"https:\/\/gkvitkovice.cz\/index.php?rest_route=\/wp\/v2\/posts\/1978\/revisions"}],"predecessor-version":[{"id":1984,"href":"https:\/\/gkvitkovice.cz\/index.php?rest_route=\/wp\/v2\/posts\/1978\/revisions\/1984"}],"wp:attachment":[{"href":"https:\/\/gkvitkovice.cz\/index.php?rest_route=%2Fwp%2Fv2%2Fmedia&parent=1978"}],"wp:term":[{"taxonomy":"category","embeddable":true,"href":"https:\/\/gkvitkovice.cz\/index.php?rest_route=%2Fwp%2Fv2%2Fcategories&post=1978"},{"taxonomy":"post_tag","embeddable":true,"href":"https:\/\/gkvitkovice.cz\/index.php?rest_route=%2Fwp%2Fv2%2Ftags&post=1978"}],"curies":[{"name":"wp","href":"https:\/\/api.w.org\/{rel}","templated":true}]}}