{"id":2007,"date":"2018-08-28T08:53:40","date_gmt":"2018-08-28T08:53:40","guid":{"rendered":"http:\/\/gkvitkovice.cz\/?p=2007"},"modified":"2018-08-28T08:53:40","modified_gmt":"2018-08-28T08:53:40","slug":"cviceni-rodicu-s-detmi-3","status":"publish","type":"post","link":"https:\/\/gkvitkovice.cz\/?p=2007","title":{"rendered":"Cvi\u010den\u00ed rodi\u010d\u016f s d\u011btmi"},"content":{"rendered":"<p><a href=\"http:\/\/gkvitkovice.cz\/wp-content\/uploads\/2018\/08\/40231354_10212749666236781_1110485496850546688_n.jpg\"><img loading=\"lazy\" class=\"alignleft size-thumbnail wp-image-2008\" src=\"http:\/\/gkvitkovice.cz\/wp-content\/uploads\/2018\/08\/40231354_10212749666236781_1110485496850546688_n-150x150.jpg\" alt=\"\" width=\"150\" height=\"150\" \/><\/a>V z\u00e1\u0159\u00ed op\u011bt za\u010d\u00edn\u00e1 kurz Cvi\u010den\u00ed rodi\u010d\u016f s d\u011btmi, p\u0159ij\u010fte se pod\u00edvat na uk\u00e1zkovou hodinu ve \u010dtvrtek 6. 9. 2018 od 9.30 hod v na\u0161\u00ed t\u011blocvi\u010dn\u011b!!!<\/p>\n<p>Budeme se na V\u00e1s t\u011b\u0161it!<\/p>\n<p>V\u00edce info <a href=\"http:\/\/gkvitkovice.cz\/?page_id=1440\">ZDE<\/a> a na <a href=\"https:\/\/www.facebook.com\/events\/1478992512202763\/\">facebooku<\/a>.<\/p>\n","protected":false},"excerpt":{"rendered":"<p><a href=\"http:\/\/gkvitkovice.cz\/wp-content\/uploads\/2018\/08\/40231354_10212749666236781_1110485496850546688_n.jpg\"><img loading=\"lazy\" class=\"alignleft size-thumbnail wp-image-2008\" src=\"http:\/\/gkvitkovice.cz\/wp-content\/uploads\/2018\/08\/40231354_10212749666236781_1110485496850546688_n-150x150.jpg\" alt=\"\" width=\"150\" height=\"150\" \/><\/a>V z\u00e1\u0159\u00ed op\u011bt za\u010d\u00edn\u00e1 kurz Cvi\u010den\u00ed rodi\u010d\u016f s d\u011btmi, p\u0159ij\u010fte se pod\u00edvat na uk\u00e1zkovou hodinu ve \u010dtvrtek 6. 9. 2018 od 9.30 hod v na\u0161\u00ed t\u011blocvi\u010dn\u011b!!!<\/p>\n<p>Budeme se na V\u00e1s t\u011b\u0161it!<\/p>\n<p>V\u00edce info <a href=\"http:\/\/gkvitkovice.cz\/?page_id=1440\">ZDE<\/a> a na <a href=\"https:\/\/www.facebook.com\/events\/1478992512202763\/\">facebooku<\/a>.<\/p>\n","protected":false},"author":1,"featured_media":0,"comment_status":"open","ping_status":"open","sticky":false,"template":"","format":"standard","meta":[],"categories":[13],"tags":[],"_links":{"self":[{"href":"https:\/\/gkvitkovice.cz\/index.php?rest_route=\/wp\/v2\/posts\/2007"}],"collection":[{"href":"https:\/\/gkvitkovice.cz\/index.php?rest_route=\/wp\/v2\/posts"}],"about":[{"href":"https:\/\/gkvitkovice.cz\/index.php?rest_route=\/wp\/v2\/types\/post"}],"author":[{"embeddable":true,"href":"https:\/\/gkvitkovice.cz\/index.php?rest_route=\/wp\/v2\/users\/1"}],"replies":[{"embeddable":true,"href":"https:\/\/gkvitkovice.cz\/index.php?rest_route=%2Fwp%2Fv2%2Fcomments&post=2007"}],"version-history":[{"count":1,"href":"https:\/\/gkvitkovice.cz\/index.php?rest_route=\/wp\/v2\/posts\/2007\/revisions"}],"predecessor-version":[{"id":2009,"href":"https:\/\/gkvitkovice.cz\/index.php?rest_route=\/wp\/v2\/posts\/2007\/revisions\/2009"}],"wp:attachment":[{"href":"https:\/\/gkvitkovice.cz\/index.php?rest_route=%2Fwp%2Fv2%2Fmedia&parent=2007"}],"wp:term":[{"taxonomy":"category","embeddable":true,"href":"https:\/\/gkvitkovice.cz\/index.php?rest_route=%2Fwp%2Fv2%2Fcategories&post=2007"},{"taxonomy":"post_tag","embeddable":true,"href":"https:\/\/gkvitkovice.cz\/index.php?rest_route=%2Fwp%2Fv2%2Ftags&post=2007"}],"curies":[{"name":"wp","href":"https:\/\/api.w.org\/{rel}","templated":true}]}}