{"id":2016,"date":"2018-09-14T06:35:39","date_gmt":"2018-09-14T06:35:39","guid":{"rendered":"http:\/\/gkvitkovice.cz\/?p=2016"},"modified":"2018-09-14T06:36:10","modified_gmt":"2018-09-14T06:36:10","slug":"prosba-2","status":"publish","type":"post","link":"https:\/\/gkvitkovice.cz\/?p=2016","title":{"rendered":"PROSBA!!!"},"content":{"rendered":"<p><a href=\"http:\/\/gkvitkovice.cz\/wp-content\/uploads\/2017\/03\/vykricniky_nad_ostravou_03_150x120.jpg\"><img loading=\"lazy\" class=\"size-thumbnail wp-image-1082 alignleft\" src=\"http:\/\/gkvitkovice.cz\/wp-content\/uploads\/2017\/03\/vykricniky_nad_ostravou_03_150x120-150x120.jpg\" alt=\"\" width=\"150\" height=\"120\" \/><\/a>Dne 28. 9. se bude vyn\u00e1\u0161et ve\u0161ker\u00fd molitan z j\u00e1my, aby se mohla vy\u010distit a oblo\u017eit m\u011bk\u010d\u00edm materi\u00e1lem.<\/p>\n<p><strong>Pros\u00edme t\u00edmto v\u0161echny rodi\u010de o pomoc se zlep\u0161en\u00edm prost\u0159ed\u00ed, ve kter\u00e9m se jejich d\u011bti pohybuj\u00ed.<\/strong> \u010c\u00edm v\u00edce n\u00e1s bude, t\u00edm d\u0159\u00edve bude hotovo.<\/p>\n<p>P\u0159edem velmi d\u011bkujeme za pomoc!<\/p>\n","protected":false},"excerpt":{"rendered":"<p><a href=\"http:\/\/gkvitkovice.cz\/wp-content\/uploads\/2017\/03\/vykricniky_nad_ostravou_03_150x120.jpg\"><img loading=\"lazy\" class=\"size-thumbnail wp-image-1082 alignleft\" src=\"http:\/\/gkvitkovice.cz\/wp-content\/uploads\/2017\/03\/vykricniky_nad_ostravou_03_150x120-150x120.jpg\" alt=\"\" width=\"150\" height=\"120\" \/><\/a>Dne 28. 9. se bude vyn\u00e1\u0161et ve\u0161ker\u00fd molitan z j\u00e1my, aby se mohla vy\u010distit a oblo\u017eit m\u011bk\u010d\u00edm materi\u00e1lem.<\/p>\n<p><strong>Pros\u00edme t\u00edmto v\u0161echny rodi\u010de o pomoc se zlep\u0161en\u00edm prost\u0159ed\u00ed, ve kter\u00e9m se jejich d\u011bti pohybuj\u00ed.<\/strong> \u010c\u00edm v\u00edce n\u00e1s bude, t\u00edm d\u0159\u00edve bude hotovo.<\/p>\n<p>P\u0159edem velmi d\u011bkujeme za pomoc!<\/p>\n","protected":false},"author":1,"featured_media":0,"comment_status":"open","ping_status":"open","sticky":false,"template":"","format":"standard","meta":[],"categories":[13],"tags":[],"_links":{"self":[{"href":"https:\/\/gkvitkovice.cz\/index.php?rest_route=\/wp\/v2\/posts\/2016"}],"collection":[{"href":"https:\/\/gkvitkovice.cz\/index.php?rest_route=\/wp\/v2\/posts"}],"about":[{"href":"https:\/\/gkvitkovice.cz\/index.php?rest_route=\/wp\/v2\/types\/post"}],"author":[{"embeddable":true,"href":"https:\/\/gkvitkovice.cz\/index.php?rest_route=\/wp\/v2\/users\/1"}],"replies":[{"embeddable":true,"href":"https:\/\/gkvitkovice.cz\/index.php?rest_route=%2Fwp%2Fv2%2Fcomments&post=2016"}],"version-history":[{"count":2,"href":"https:\/\/gkvitkovice.cz\/index.php?rest_route=\/wp\/v2\/posts\/2016\/revisions"}],"predecessor-version":[{"id":2018,"href":"https:\/\/gkvitkovice.cz\/index.php?rest_route=\/wp\/v2\/posts\/2016\/revisions\/2018"}],"wp:attachment":[{"href":"https:\/\/gkvitkovice.cz\/index.php?rest_route=%2Fwp%2Fv2%2Fmedia&parent=2016"}],"wp:term":[{"taxonomy":"category","embeddable":true,"href":"https:\/\/gkvitkovice.cz\/index.php?rest_route=%2Fwp%2Fv2%2Fcategories&post=2016"},{"taxonomy":"post_tag","embeddable":true,"href":"https:\/\/gkvitkovice.cz\/index.php?rest_route=%2Fwp%2Fv2%2Ftags&post=2016"}],"curies":[{"name":"wp","href":"https:\/\/api.w.org\/{rel}","templated":true}]}}