{"id":2041,"date":"2018-09-24T12:55:10","date_gmt":"2018-09-24T12:55:10","guid":{"rendered":"http:\/\/gkvitkovice.cz\/?p=2041"},"modified":"2021-04-28T21:22:36","modified_gmt":"2021-04-28T21:22:36","slug":"breda-city-trail-opava-runfest-festival-ostrava-2018","status":"publish","type":"post","link":"https:\/\/gkvitkovice.cz\/?p=2041","title":{"rendered":"Breda city trail Opava + Runfest festival Ostrava 2018"},"content":{"rendered":"<div id=\"fb-root\"><\/div>\n<p><script>(function(d, s, id) {\n  var js, fjs = d.getElementsByTagName(s)[0];\n  if (d.getElementById(id)) return;\n  js = d.createElement(s); js.id = id;\n  js.src = 'https:\/\/connect.facebook.net\/cs_CZ\/sdk.js#xfbml=1&version=v3.1';\n  fjs.parentNode.insertBefore(js, fjs);\n}(document, 'script', 'facebook-jssdk'));<\/script><br \/>\n<a href=\"http:\/\/gkvitkovice.cz\/wp-content\/uploads\/2018\/09\/40100499_1092685934229092_1488874701198458880_o.jpg\"><img loading=\"lazy\" class=\"alignleft size-medium wp-image-2042\" src=\"http:\/\/gkvitkovice.cz\/wp-content\/uploads\/2018\/09\/40100499_1092685934229092_1488874701198458880_o-225x300.jpg\" alt=\"\" width=\"225\" height=\"300\" srcset=\"https:\/\/gkvitkovice.cz\/wp-content\/uploads\/2018\/09\/40100499_1092685934229092_1488874701198458880_o-225x300.jpg 225w, https:\/\/gkvitkovice.cz\/wp-content\/uploads\/2018\/09\/40100499_1092685934229092_1488874701198458880_o-768x1024.jpg 768w, https:\/\/gkvitkovice.cz\/wp-content\/uploads\/2018\/09\/40100499_1092685934229092_1488874701198458880_o.jpg 1392w\" sizes=\"(max-width: 225px) 100vw, 225px\" \/><\/a>S d\u011bv\u010daty jsme se v r\u00e1mci p\u0159edz\u00e1vodn\u00ed p\u0159\u00edpravy z\u00fa\u010dastnily tak\u00e9 b\u011b\u017eeck\u00fdch z\u00e1vod\u016f, na kter\u00fdch z\u00faro\u010dili b\u011b\u017eeck\u00fd tr\u00e9nink p\u0159ed z\u00e1vodn\u00ed sezonou. Z\u00fa\u010dastnily jsme se dvou z\u00e1vod\u016f, a to v srpnu v Opav\u011b Breda city trailu a v z\u00e1\u0159\u00ed Ostrav\u011b na Masarykov\u011b n\u00e1m\u011bst\u00ed Runfest festivalu. D\u011bv\u010data startovala pod Gymnastick\u00fdm klubem V\u00edtkovice, kter\u00e9mu rozhodn\u011b neud\u011blaly ostudu.<\/p>\n<p>V Opav\u011b b\u011b\u017eela <strong>Frederka Prutkayov\u00e1<\/strong> 600m a um\u00edstila se na 2. m\u00edst\u011b, <strong>Lucka Fry\u010dov\u00e1<\/strong> b\u011b\u017eela 1500m, kde se Lucce poda\u0159ilo ve sv\u00e9 kategorii um\u00edstit na 3. m\u00edst\u011b. <strong>Ada \u010c\u00e1pov\u00e1<\/strong> s <strong>Neldou \u0160t\u011bpandovou<\/strong> b\u011b\u017eely tak\u00e9 1500m, Nela se um\u00edstila na 5. m\u00edst\u011b a Ada na 7. m\u00edst\u011b.<\/p>\n<p>Na ned\u011bln\u00edm Runfestu v Ostrav\u011b se Frederka um\u00edstila na 2. m\u00edst\u011b ve velk\u00e9 konkurenci cca 80 d\u011bt\u00ed a b\u011b\u017eela 300 m. Lucka, Ada, Nelda be\u017eely 666 m. Lucka s Adou byly ve spole\u010dn\u00e9 kategorii a Lucka obsadila 6. p\u0159\u00ed\u010dku, Ada 8. m\u00edsto v konkurenci cca 30 d\u011bt\u00ed. Nele se poda\u0159ilo ub\u011bhat 3. m\u00edsto ve sv\u00e9 kategorii. Gratulujeme a d\u011bkujeme za reprezentaci i mimo sportovn\u00ed gymnastiku.<\/p>\n<p>Fotky <a href=\"https:\/\/gkvitkovice.rajce.idnes.cz\/Breda_city_trail_Opava_25.8._2018_Runfest_festival_Ostrava_23.9._2018\/\">ZDE<\/a><\/p>\n<p><em>(Monika Prutkayov\u00e1)<\/em><\/p>\n<div class=\"fb-like\" data-href=\"http:\/\/gkvitkovice.cz\/?p=2041\" data-layout=\"standard\" data-action=\"like\" data-size=\"small\" data-show-faces=\"true\" data-share=\"true\"><\/div>\n","protected":false},"excerpt":{"rendered":"<p><a href=\"http:\/\/gkvitkovice.cz\/wp-content\/uploads\/2018\/09\/40100499_1092685934229092_1488874701198458880_o.jpg\"><img loading=\"lazy\" class=\"alignleft size-medium wp-image-2042\" src=\"http:\/\/gkvitkovice.cz\/wp-content\/uploads\/2018\/09\/40100499_1092685934229092_1488874701198458880_o-225x300.jpg\" alt=\"\" width=\"225\" height=\"300\" srcset=\"https:\/\/gkvitkovice.cz\/wp-content\/uploads\/2018\/09\/40100499_1092685934229092_1488874701198458880_o-225x300.jpg 225w, https:\/\/gkvitkovice.cz\/wp-content\/uploads\/2018\/09\/40100499_1092685934229092_1488874701198458880_o-768x1024.jpg 768w, https:\/\/gkvitkovice.cz\/wp-content\/uploads\/2018\/09\/40100499_1092685934229092_1488874701198458880_o.jpg 1392w\" sizes=\"(max-width: 225px) 100vw, 225px\" \/><\/a>S d\u011bv\u010daty jsme se v r\u00e1mci p\u0159edz\u00e1vodn\u00ed p\u0159\u00edpravy z\u00fa\u010dastnily tak\u00e9 b\u011b\u017eeck\u00fdch z\u00e1vod\u016f, na kter\u00fdch z\u00faro\u010dili b\u011b\u017eeck\u00fd tr\u00e9nink p\u0159ed z\u00e1vodn\u00ed sezonou. Z\u00fa\u010dastnily jsme se dvou z\u00e1vod\u016f, a to v srpnu v Opav\u011b Breda city trailu a v z\u00e1\u0159\u00ed Ostrav\u011b na Masarykov\u011b n\u00e1m\u011bst\u00ed Runfest festivalu&#8230;<\/p>\n","protected":false},"author":1,"featured_media":0,"comment_status":"open","ping_status":"open","sticky":false,"template":"","format":"standard","meta":[],"categories":[13],"tags":[],"_links":{"self":[{"href":"https:\/\/gkvitkovice.cz\/index.php?rest_route=\/wp\/v2\/posts\/2041"}],"collection":[{"href":"https:\/\/gkvitkovice.cz\/index.php?rest_route=\/wp\/v2\/posts"}],"about":[{"href":"https:\/\/gkvitkovice.cz\/index.php?rest_route=\/wp\/v2\/types\/post"}],"author":[{"embeddable":true,"href":"https:\/\/gkvitkovice.cz\/index.php?rest_route=\/wp\/v2\/users\/1"}],"replies":[{"embeddable":true,"href":"https:\/\/gkvitkovice.cz\/index.php?rest_route=%2Fwp%2Fv2%2Fcomments&post=2041"}],"version-history":[{"count":4,"href":"https:\/\/gkvitkovice.cz\/index.php?rest_route=\/wp\/v2\/posts\/2041\/revisions"}],"predecessor-version":[{"id":3566,"href":"https:\/\/gkvitkovice.cz\/index.php?rest_route=\/wp\/v2\/posts\/2041\/revisions\/3566"}],"wp:attachment":[{"href":"https:\/\/gkvitkovice.cz\/index.php?rest_route=%2Fwp%2Fv2%2Fmedia&parent=2041"}],"wp:term":[{"taxonomy":"category","embeddable":true,"href":"https:\/\/gkvitkovice.cz\/index.php?rest_route=%2Fwp%2Fv2%2Fcategories&post=2041"},{"taxonomy":"post_tag","embeddable":true,"href":"https:\/\/gkvitkovice.cz\/index.php?rest_route=%2Fwp%2Fv2%2Ftags&post=2041"}],"curies":[{"name":"wp","href":"https:\/\/api.w.org\/{rel}","templated":true}]}}