{"id":2051,"date":"2018-10-01T11:23:11","date_gmt":"2018-10-01T11:23:11","guid":{"rendered":"http:\/\/gkvitkovice.cz\/?p=2051"},"modified":"2018-10-01T11:24:13","modified_gmt":"2018-10-01T11:24:13","slug":"lvt-moravka-2018","status":"publish","type":"post","link":"https:\/\/gkvitkovice.cz\/?p=2051","title":{"rendered":"LVT Mor\u00e1vka 2018"},"content":{"rendered":"<div id=\"fb-root\"><\/div>\n<p><script>(function(d, s, id) {\n  var js, fjs = d.getElementsByTagName(s)[0];\n  if (d.getElementById(id)) return;\n  js = d.createElement(s); js.id = id;\n  js.src = 'https:\/\/connect.facebook.net\/cs_CZ\/sdk.js#xfbml=1&version=v3.1';\n  fjs.parentNode.insertBefore(js, fjs);\n}(document, 'script', 'facebook-jssdk'));<\/script><\/p>\n<div><a href=\"http:\/\/gkvitkovice.cz\/wp-content\/uploads\/2018\/10\/IMG_1838.jpg\"><img loading=\"lazy\" class=\"alignleft size-medium wp-image-2052\" src=\"http:\/\/gkvitkovice.cz\/wp-content\/uploads\/2018\/10\/IMG_1838-300x200.jpg\" alt=\"\" width=\"300\" height=\"200\" srcset=\"https:\/\/gkvitkovice.cz\/wp-content\/uploads\/2018\/10\/IMG_1838-300x200.jpg 300w, https:\/\/gkvitkovice.cz\/wp-content\/uploads\/2018\/10\/IMG_1838-768x512.jpg 768w, https:\/\/gkvitkovice.cz\/wp-content\/uploads\/2018\/10\/IMG_1838-1024x682.jpg 1024w, https:\/\/gkvitkovice.cz\/wp-content\/uploads\/2018\/10\/IMG_1838.jpg 2000w\" sizes=\"(max-width: 300px) 100vw, 300px\" \/><\/a>Po m\u011bs\u00ed\u010dn\u00ed pauze se se\u0161ly gymnastky a gymnast\u00e9 tren\u00e9rek Grmelov\u00e9, Hynek, Kaczorov\u00e9, Li\u0161kov\u00e9, Mam\u010da\u0159ov\u00e9, Petrov\u00e9, Prutkayov\u00e9, Smolecov\u00e9 a \u0160telclov\u00e9 na \u0161estidenn\u00edm soust\u0159ed\u011bn\u00ed v Mor\u00e1vce, spolu s gymnastkami z T\u0159ince. Kr\u00e1sn\u00e9 letn\u00ed po\u010das\u00ed podtrhlo p\u0159\u00edjemn\u00e9 prost\u0159ed\u00ed Beskyd, ve kter\u00e9m se nach\u00e1z\u00ed penzion U P\u0159ehrady, kde se letn\u00ed soust\u0159ed\u011bn\u00ed konalo.<\/div>\n<div><\/div>\n<div>Soust\u0159ed\u011bn\u00ed bylo nabito rann\u00ed rozcvi\u010dkou, b\u011bh\u00e1n\u00edm, dvouf\u00e1zov\u00fdmi tr\u00e9ninky, koup\u00e1n\u00edm v baz\u00e9nu, ale p\u0159edev\u0161\u00edm i spoustou t\u00e1borov\u00fdch her. 54 cvi\u010denc\u016f rozd\u011blen\u00fdch do osmi dru\u017estev bojovalo o Ohniv\u00fd poh\u00e1r Harryho Pottera, ale i o celkov\u00e9 v\u00edt\u011bzstv\u00ed v r\u016fzn\u00fdch fyzick\u00fdch i v\u011bdomostn\u00edch sout\u011b\u017e\u00edch. A jako ka\u017ed\u00fd rok, se ve sv\u00e9 v\u011bkov\u00e9 kategorii &#8222;poprali&#8220; i v silov\u00fdch testech, aby dok\u00e1zali, \u017ee p\u0159es pr\u00e1zdniny \u00fapln\u011b nezleniv\u011bli \ud83d\ude42<\/div>\n<div><\/div>\n<div>Pod\u011bkov\u00e1n\u00ed pat\u0159\u00ed v\u0161em, kte\u0159\u00ed se pod\u00edleli na p\u0159\u00edprav\u00e1ch a organizaci t\u00e9to n\u00e1ro\u010dn\u00e9 akce.<\/div>\n<div><\/div>\n<div>Fotky <a href=\"https:\/\/gkvitkovice.rajce.idnes.cz\/LVT_2018%2C_Moravka\/\">ZDE<\/a><\/div>\n<div><em>(Gabriela Hynek)<\/em><\/div>\n<div class=\"fb-like\" data-href=\"http:\/\/gkvitkovice.cz\/?p=2051\" data-layout=\"standard\" data-action=\"like\" data-size=\"small\" data-show-faces=\"true\" data-share=\"true\"><\/div>\n","protected":false},"excerpt":{"rendered":"<div><a href=\"http:\/\/gkvitkovice.cz\/wp-content\/uploads\/2018\/10\/IMG_1838.jpg\"><img loading=\"lazy\" class=\"alignleft size-medium wp-image-2052\" src=\"http:\/\/gkvitkovice.cz\/wp-content\/uploads\/2018\/10\/IMG_1838-300x200.jpg\" alt=\"\" width=\"300\" height=\"200\" srcset=\"https:\/\/gkvitkovice.cz\/wp-content\/uploads\/2018\/10\/IMG_1838-300x200.jpg 300w, https:\/\/gkvitkovice.cz\/wp-content\/uploads\/2018\/10\/IMG_1838-768x512.jpg 768w, https:\/\/gkvitkovice.cz\/wp-content\/uploads\/2018\/10\/IMG_1838-1024x682.jpg 1024w, https:\/\/gkvitkovice.cz\/wp-content\/uploads\/2018\/10\/IMG_1838.jpg 2000w\" sizes=\"(max-width: 300px) 100vw, 300px\" \/><\/a>Po m\u011bs\u00ed\u010dn\u00ed pauze se se\u0161ly gymnastky a gymnast\u00e9 tren\u00e9rek Grmelov\u00e9, Hynek, Kaczorov\u00e9, Li\u0161kov\u00e9, Mam\u010da\u0159ov\u00e9, Petrov\u00e9, Prutkayov\u00e9, Smolecov\u00e9 a \u0160telclov\u00e9 na \u0161estidenn\u00edm soust\u0159ed\u011bn\u00ed v Mor\u00e1vce, spolu s gymnastkami z T\u0159ince.<\/p>\n","protected":false},"author":1,"featured_media":0,"comment_status":"open","ping_status":"open","sticky":false,"template":"","format":"standard","meta":[],"categories":[13],"tags":[],"_links":{"self":[{"href":"https:\/\/gkvitkovice.cz\/index.php?rest_route=\/wp\/v2\/posts\/2051"}],"collection":[{"href":"https:\/\/gkvitkovice.cz\/index.php?rest_route=\/wp\/v2\/posts"}],"about":[{"href":"https:\/\/gkvitkovice.cz\/index.php?rest_route=\/wp\/v2\/types\/post"}],"author":[{"embeddable":true,"href":"https:\/\/gkvitkovice.cz\/index.php?rest_route=\/wp\/v2\/users\/1"}],"replies":[{"embeddable":true,"href":"https:\/\/gkvitkovice.cz\/index.php?rest_route=%2Fwp%2Fv2%2Fcomments&post=2051"}],"version-history":[{"count":3,"href":"https:\/\/gkvitkovice.cz\/index.php?rest_route=\/wp\/v2\/posts\/2051\/revisions"}],"predecessor-version":[{"id":2055,"href":"https:\/\/gkvitkovice.cz\/index.php?rest_route=\/wp\/v2\/posts\/2051\/revisions\/2055"}],"wp:attachment":[{"href":"https:\/\/gkvitkovice.cz\/index.php?rest_route=%2Fwp%2Fv2%2Fmedia&parent=2051"}],"wp:term":[{"taxonomy":"category","embeddable":true,"href":"https:\/\/gkvitkovice.cz\/index.php?rest_route=%2Fwp%2Fv2%2Fcategories&post=2051"},{"taxonomy":"post_tag","embeddable":true,"href":"https:\/\/gkvitkovice.cz\/index.php?rest_route=%2Fwp%2Fv2%2Ftags&post=2051"}],"curies":[{"name":"wp","href":"https:\/\/api.w.org\/{rel}","templated":true}]}}