{"id":2059,"date":"2018-10-01T11:28:23","date_gmt":"2018-10-01T11:28:23","guid":{"rendered":"http:\/\/gkvitkovice.cz\/?p=2059"},"modified":"2018-10-01T11:28:58","modified_gmt":"2018-10-01T11:28:58","slug":"lvt-brno-2018","status":"publish","type":"post","link":"https:\/\/gkvitkovice.cz\/?p=2059","title":{"rendered":"LVT Brno 2018"},"content":{"rendered":"<div id=\"fb-root\"><\/div>\n<p><script>(function(d, s, id) {\n  var js, fjs = d.getElementsByTagName(s)[0];\n  if (d.getElementById(id)) return;\n  js = d.createElement(s); js.id = id;\n  js.src = 'https:\/\/connect.facebook.net\/cs_CZ\/sdk.js#xfbml=1&version=v3.1';\n  fjs.parentNode.insertBefore(js, fjs);\n}(document, 'script', 'facebook-jssdk'));<\/script><\/p>\n<div><a href=\"http:\/\/gkvitkovice.cz\/wp-content\/uploads\/2018\/10\/IMG_2736.jpg\"><img loading=\"lazy\" class=\"alignleft size-medium wp-image-2060\" src=\"http:\/\/gkvitkovice.cz\/wp-content\/uploads\/2018\/10\/IMG_2736-300x200.jpg\" alt=\"\" width=\"300\" height=\"200\" srcset=\"https:\/\/gkvitkovice.cz\/wp-content\/uploads\/2018\/10\/IMG_2736-300x200.jpg 300w, https:\/\/gkvitkovice.cz\/wp-content\/uploads\/2018\/10\/IMG_2736-768x512.jpg 768w, https:\/\/gkvitkovice.cz\/wp-content\/uploads\/2018\/10\/IMG_2736-1024x682.jpg 1024w, https:\/\/gkvitkovice.cz\/wp-content\/uploads\/2018\/10\/IMG_2736.jpg 2000w\" sizes=\"(max-width: 300px) 100vw, 300px\" \/><\/a>Ned\u00edlnou sou\u010d\u00e1st\u00ed p\u0159\u00edpravy m\u00e9ho dru\u017estva, je letn\u00ed soust\u0159ed\u011bn\u00ed v pln\u011b vybaven\u00e9 t\u011blocvi\u010dn\u011b odd\u00edlu sportovn\u00ed gymnastiky Sokol Brno 1. A ani leto\u0161n\u00ed rok nebyl jin\u00fd, tentokr\u00e1t s n\u00e1zvem: &#8222;P\u0159\u00ed\u0161eri\u00f3zn\u00ed soust\u0159ed\u011bn\u00ed&#8230;&#8220;.<\/div>\n<div><\/div>\n<div>Posilov\u00e1n\u00ed, protahov\u00e1n\u00ed, ale p\u0159edev\u0161\u00edm nacvi\u010dov\u00e1n\u00ed nov\u00fdch prvk\u016f do podzimn\u00edch sestav. To v\u0161e zvl\u00e1dla d\u011bv\u010data skv\u011ble, a proto jim byl odm\u011bnou bohat\u00fd z\u00e1bavn\u00fd program. Krom\u011b r\u016fzn\u00fdch sportovn\u00edch a logick\u00fdch her v t\u011blocvi\u010dn\u011b a bl\u00edzk\u00e9m okol\u00ed, tak\u00e9 nav\u0161t\u00edvily sportovn\u00ed are\u00e1l Krav\u00ed horu &#8211; baz\u00e9n i venkovn\u00ed h\u0159i\u0161t\u011b, park Lu\u017e\u00e1nky, a asi nejv\u011bt\u0161\u00ed z\u00e1bavu si u\u017eily v Laser Aren\u011b Tron.<\/div>\n<div><\/div>\n<div>R\u00e1da bych t\u00edmto pod\u011bkovala holk\u00e1m za snahu a skv\u011blou atmosf\u00e9ru, Lucce Papou\u0161kov\u00e9, \u017ee jsme netrp\u011bli hlady, odd\u00edlu Sokol Brno 1 (konkr\u00e9tn\u011b Martinu Vlkovi) za to, \u017ee jsme ji\u017e po sedm\u00e9 mohli nav\u0161t\u00edvit tuto t\u011blocvi\u010dnu, a v neposledn\u00ed \u0159ad\u011b Katce Blateck\u00e9 za rady a nov\u00e9 metody p\u0159i posilov\u00e1n\u00ed i nacvi\u010dov\u00e1n\u00ed nov\u00fdch prvk\u016f.<\/div>\n<div><\/div>\n<div>Fotky <a href=\"https:\/\/gkvitkovice.rajce.idnes.cz\/LVT_Brno%2C_srpen_2018\/\">ZDE<\/a><\/div>\n<div><em>(Gabriela Hynek)<\/em><\/div>\n<div class=\"fb-like\" data-href=\"http:\/\/gkvitkovice.cz\/?p=2059\" data-layout=\"standard\" data-action=\"like\" data-size=\"small\" data-show-faces=\"true\" data-share=\"true\"><\/div>\n","protected":false},"excerpt":{"rendered":"<div><a href=\"http:\/\/gkvitkovice.cz\/wp-content\/uploads\/2018\/10\/IMG_2736.jpg\"><img loading=\"lazy\" class=\"alignleft size-medium wp-image-2060\" src=\"http:\/\/gkvitkovice.cz\/wp-content\/uploads\/2018\/10\/IMG_2736-300x200.jpg\" alt=\"\" width=\"300\" height=\"200\" srcset=\"https:\/\/gkvitkovice.cz\/wp-content\/uploads\/2018\/10\/IMG_2736-300x200.jpg 300w, https:\/\/gkvitkovice.cz\/wp-content\/uploads\/2018\/10\/IMG_2736-768x512.jpg 768w, https:\/\/gkvitkovice.cz\/wp-content\/uploads\/2018\/10\/IMG_2736-1024x682.jpg 1024w, https:\/\/gkvitkovice.cz\/wp-content\/uploads\/2018\/10\/IMG_2736.jpg 2000w\" sizes=\"(max-width: 300px) 100vw, 300px\" \/><\/a>Ned\u00edlnou sou\u010d\u00e1st\u00ed p\u0159\u00edpravy m\u00e9ho dru\u017estva, je letn\u00ed soust\u0159ed\u011bn\u00ed v pln\u011b vybaven\u00e9 t\u011blocvi\u010dn\u011b odd\u00edlu sportovn\u00ed gymnastiky Sokol Brno 1. A ani leto\u0161n\u00ed rok nebyl jin\u00fd, tentokr\u00e1t s n\u00e1zvem: &#8222;P\u0159\u00ed\u0161eri\u00f3zn\u00ed soust\u0159ed\u011bn\u00ed&#8230;&#8220;.<\/div>\n","protected":false},"author":1,"featured_media":0,"comment_status":"open","ping_status":"open","sticky":false,"template":"","format":"standard","meta":[],"categories":[13],"tags":[],"_links":{"self":[{"href":"https:\/\/gkvitkovice.cz\/index.php?rest_route=\/wp\/v2\/posts\/2059"}],"collection":[{"href":"https:\/\/gkvitkovice.cz\/index.php?rest_route=\/wp\/v2\/posts"}],"about":[{"href":"https:\/\/gkvitkovice.cz\/index.php?rest_route=\/wp\/v2\/types\/post"}],"author":[{"embeddable":true,"href":"https:\/\/gkvitkovice.cz\/index.php?rest_route=\/wp\/v2\/users\/1"}],"replies":[{"embeddable":true,"href":"https:\/\/gkvitkovice.cz\/index.php?rest_route=%2Fwp%2Fv2%2Fcomments&post=2059"}],"version-history":[{"count":2,"href":"https:\/\/gkvitkovice.cz\/index.php?rest_route=\/wp\/v2\/posts\/2059\/revisions"}],"predecessor-version":[{"id":2062,"href":"https:\/\/gkvitkovice.cz\/index.php?rest_route=\/wp\/v2\/posts\/2059\/revisions\/2062"}],"wp:attachment":[{"href":"https:\/\/gkvitkovice.cz\/index.php?rest_route=%2Fwp%2Fv2%2Fmedia&parent=2059"}],"wp:term":[{"taxonomy":"category","embeddable":true,"href":"https:\/\/gkvitkovice.cz\/index.php?rest_route=%2Fwp%2Fv2%2Fcategories&post=2059"},{"taxonomy":"post_tag","embeddable":true,"href":"https:\/\/gkvitkovice.cz\/index.php?rest_route=%2Fwp%2Fv2%2Ftags&post=2059"}],"curies":[{"name":"wp","href":"https:\/\/api.w.org\/{rel}","templated":true}]}}