{"id":2110,"date":"2018-10-28T10:04:58","date_gmt":"2018-10-28T10:04:58","guid":{"rendered":"http:\/\/gkvitkovice.cz\/?p=2110"},"modified":"2018-10-28T10:05:51","modified_gmt":"2018-10-28T10:05:51","slug":"vitkovice-cup-2018","status":"publish","type":"post","link":"https:\/\/gkvitkovice.cz\/?p=2110","title":{"rendered":"V\u00edtkovice Cup 2018"},"content":{"rendered":"<div id=\"fb-root\"><\/div>\n<p><script>(function(d, s, id) {\n  var js, fjs = d.getElementsByTagName(s)[0];\n  if (d.getElementById(id)) return;\n  js = d.createElement(s); js.id = id;\n  js.src = 'https:\/\/connect.facebook.net\/cs_CZ\/sdk.js#xfbml=1&version=v3.2';\n  fjs.parentNode.insertBefore(js, fjs);\n}(document, 'script', 'facebook-jssdk'));<\/script><br \/>\n<a href=\"http:\/\/gkvitkovice.cz\/wp-content\/uploads\/2018\/10\/2018-10-20_foto47_VtkoviceCup2018_I.sled_.jpg\"><img loading=\"lazy\" class=\"alignleft size-medium wp-image-2111\" src=\"http:\/\/gkvitkovice.cz\/wp-content\/uploads\/2018\/10\/2018-10-20_foto47_VtkoviceCup2018_I.sled_-200x300.jpg\" alt=\"\" width=\"200\" height=\"300\" srcset=\"https:\/\/gkvitkovice.cz\/wp-content\/uploads\/2018\/10\/2018-10-20_foto47_VtkoviceCup2018_I.sled_-200x300.jpg 200w, https:\/\/gkvitkovice.cz\/wp-content\/uploads\/2018\/10\/2018-10-20_foto47_VtkoviceCup2018_I.sled_-768x1154.jpg 768w, https:\/\/gkvitkovice.cz\/wp-content\/uploads\/2018\/10\/2018-10-20_foto47_VtkoviceCup2018_I.sled_-681x1024.jpg 681w, https:\/\/gkvitkovice.cz\/wp-content\/uploads\/2018\/10\/2018-10-20_foto47_VtkoviceCup2018_I.sled_.jpg 1179w\" sizes=\"(max-width: 200px) 100vw, 200px\" \/><\/a>Gymnastick\u00fd klub V\u00edtkovice po\u0159\u00e1dal v\u00a0sobotu 20. 10. 2018 tradi\u010dn\u00ed z\u00e1vod V\u00edtkovice Cup 2018.<\/p>\n<p>V\u00a0kategorii \u017e\u00e1ky\u0148 startovaly \u010dty\u0159i na\u0161e gymnastky, a to <strong>Lucie Fry\u010dov\u00e1<\/strong>, kter\u00e1 obsadila 5. m\u00edsto, <strong>Ad\u00e9la \u010c\u00e1pov\u00e1<\/strong> 8. m\u00edsto, <strong>Ella Kosteleck\u00e1<\/strong> 18. m\u00edsto a <strong>Simona Kaczorov\u00e1<\/strong> 22. m\u00edsto z\u00a029 z\u00e1vodnic. D\u011bv\u010data odz\u00e1vodila velmi zda\u0159ile, mus\u00ed v\u0161ak je\u0161t\u011b zv\u00fd\u0161it obt\u00ed\u017enost, aby se mohla m\u011b\u0159it s\u00a0t\u011bma nejlep\u0161\u00edma.<\/p>\n<p>V\u00a0kategorii d\u011bv\u010dat narozen\u00ed 2005 a mlad\u0161\u00ed, kter\u00e9 z\u00e1vodily dle modifikovan\u00e9ho programu FIG pro juniorky se p\u0159edstavila <strong>Nela \u0160t\u011bpandov\u00e1<\/strong>. Konkurence nebyla p\u0159\u00edli\u0161 velk\u00e1, ale za to kvalitn\u00ed, startovaly pouze 3 d\u011bv\u010data. P\u011bkn\u00fdm cvi\u010den\u00edm, i kdy\u017e s\u00a0nezdarem na p\u0159eskoku, si zajistila na za\u010d\u00e1tku sezony 1. m\u00edsto.<\/p>\n<p>V\u00a0kategorii d\u011bv\u010dat narozen\u00ed 2005 a star\u0161\u00ed , kter\u00e9 z\u00e1vodily dle programu VS5B jsme m\u011bli tak\u00e9 jedno zastoupen\u00ed, a tou byla <strong>Anna Kr\u00fdsov\u00e1<\/strong>. Zacvi\u010dila velmi hezky i s\u00a0nov\u00fdmi prvky obt\u00ed\u017enosti a obsadila p\u011bknou 4. p\u0159\u00ed\u010dku z\u00a011. d\u011bv\u010dat.<\/p>\n<p><a href=\"http:\/\/gkvitkovice.cz\/wp-content\/uploads\/2018\/10\/2018-10-20_foto94_VtkoviceCup2018_II.sled_.jpg\"><img loading=\"lazy\" class=\"alignleft size-medium wp-image-2112\" src=\"http:\/\/gkvitkovice.cz\/wp-content\/uploads\/2018\/10\/2018-10-20_foto94_VtkoviceCup2018_II.sled_-300x300.jpg\" alt=\"\" width=\"300\" height=\"300\" srcset=\"https:\/\/gkvitkovice.cz\/wp-content\/uploads\/2018\/10\/2018-10-20_foto94_VtkoviceCup2018_II.sled_-300x300.jpg 300w, https:\/\/gkvitkovice.cz\/wp-content\/uploads\/2018\/10\/2018-10-20_foto94_VtkoviceCup2018_II.sled_-150x150.jpg 150w, https:\/\/gkvitkovice.cz\/wp-content\/uploads\/2018\/10\/2018-10-20_foto94_VtkoviceCup2018_II.sled_-768x768.jpg 768w, https:\/\/gkvitkovice.cz\/wp-content\/uploads\/2018\/10\/2018-10-20_foto94_VtkoviceCup2018_II.sled_-1024x1024.jpg 1024w, https:\/\/gkvitkovice.cz\/wp-content\/uploads\/2018\/10\/2018-10-20_foto94_VtkoviceCup2018_II.sled_.jpg 1772w\" sizes=\"(max-width: 300px) 100vw, 300px\" \/><\/a>V\u0161em gratulujeme a p\u0159ejeme mnoho \u00fasp\u011bch\u016f po celou z\u00e1vodn\u00ed podzimn\u00ed sezonu.<\/p>\n<p>V\u00fdsledky <a href=\"http:\/\/www.gymfed.cz\/vysledky\/detail\/1353\">ZDE<\/a><\/p>\n<p>Fotky <a href=\"https:\/\/gkvitkovice.rajce.idnes.cz\/Vitkovice_Cup_20.10.2018\/\">ZDE<\/a><\/p>\n<p>Fotky od fotografa V\u00edta Navr\u00e1tila <a href=\"https:\/\/vitas-foto.rajce.idnes.cz\/2018-10-20_-_Vitkovice_Cup_2018_-_GK_Vitkovice\/\">ZDE<\/a><\/p>\n<p><em>(Monika Prutkayov\u00e1)<\/em><\/p>\n<div class=\"fb-like\" data-href=\"http:\/\/gkvitkovice.cz\/?p=2110\" data-layout=\"standard\" data-action=\"like\" data-size=\"small\" data-show-faces=\"true\" data-share=\"true\"><\/div>\n<p>&nbsp;<\/p>\n","protected":false},"excerpt":{"rendered":"<p><a href=\"http:\/\/gkvitkovice.cz\/wp-content\/uploads\/2018\/10\/2018-10-20_foto47_VtkoviceCup2018_I.sled_.jpg\"><img loading=\"lazy\" class=\"alignleft size-medium wp-image-2111\" src=\"http:\/\/gkvitkovice.cz\/wp-content\/uploads\/2018\/10\/2018-10-20_foto47_VtkoviceCup2018_I.sled_-200x300.jpg\" alt=\"\" width=\"200\" height=\"300\" srcset=\"https:\/\/gkvitkovice.cz\/wp-content\/uploads\/2018\/10\/2018-10-20_foto47_VtkoviceCup2018_I.sled_-200x300.jpg 200w, https:\/\/gkvitkovice.cz\/wp-content\/uploads\/2018\/10\/2018-10-20_foto47_VtkoviceCup2018_I.sled_-768x1154.jpg 768w, https:\/\/gkvitkovice.cz\/wp-content\/uploads\/2018\/10\/2018-10-20_foto47_VtkoviceCup2018_I.sled_-681x1024.jpg 681w, https:\/\/gkvitkovice.cz\/wp-content\/uploads\/2018\/10\/2018-10-20_foto47_VtkoviceCup2018_I.sled_.jpg 1179w\" sizes=\"(max-width: 200px) 100vw, 200px\" \/><\/a>Gymnastick\u00fd klub V\u00edtkovice po\u0159\u00e1dal v\u00a0sobotu 20. 10. 2018 tradi\u010dn\u00ed z\u00e1vod V\u00edtkovice Cup 2018.<\/p>\n","protected":false},"author":1,"featured_media":0,"comment_status":"open","ping_status":"open","sticky":false,"template":"","format":"standard","meta":[],"categories":[13],"tags":[],"_links":{"self":[{"href":"https:\/\/gkvitkovice.cz\/index.php?rest_route=\/wp\/v2\/posts\/2110"}],"collection":[{"href":"https:\/\/gkvitkovice.cz\/index.php?rest_route=\/wp\/v2\/posts"}],"about":[{"href":"https:\/\/gkvitkovice.cz\/index.php?rest_route=\/wp\/v2\/types\/post"}],"author":[{"embeddable":true,"href":"https:\/\/gkvitkovice.cz\/index.php?rest_route=\/wp\/v2\/users\/1"}],"replies":[{"embeddable":true,"href":"https:\/\/gkvitkovice.cz\/index.php?rest_route=%2Fwp%2Fv2%2Fcomments&post=2110"}],"version-history":[{"count":2,"href":"https:\/\/gkvitkovice.cz\/index.php?rest_route=\/wp\/v2\/posts\/2110\/revisions"}],"predecessor-version":[{"id":2114,"href":"https:\/\/gkvitkovice.cz\/index.php?rest_route=\/wp\/v2\/posts\/2110\/revisions\/2114"}],"wp:attachment":[{"href":"https:\/\/gkvitkovice.cz\/index.php?rest_route=%2Fwp%2Fv2%2Fmedia&parent=2110"}],"wp:term":[{"taxonomy":"category","embeddable":true,"href":"https:\/\/gkvitkovice.cz\/index.php?rest_route=%2Fwp%2Fv2%2Fcategories&post=2110"},{"taxonomy":"post_tag","embeddable":true,"href":"https:\/\/gkvitkovice.cz\/index.php?rest_route=%2Fwp%2Fv2%2Ftags&post=2110"}],"curies":[{"name":"wp","href":"https:\/\/api.w.org\/{rel}","templated":true}]}}