{"id":2136,"date":"2018-11-13T13:10:59","date_gmt":"2018-11-13T13:10:59","guid":{"rendered":"http:\/\/gkvitkovice.cz\/?p=2136"},"modified":"2018-11-14T07:18:24","modified_gmt":"2018-11-14T07:18:24","slug":"prebor-mesta-ostravy-a-memorial-r-sellonga-2018","status":"publish","type":"post","link":"https:\/\/gkvitkovice.cz\/?p=2136","title":{"rendered":"P\u0159ebor m\u011bsta Ostravy a Memori\u00e1l R. \u0160ellonga 2018"},"content":{"rendered":"<div id=\"fb-root\"><\/div>\n<p><script>(function(d, s, id) {\n  var js, fjs = d.getElementsByTagName(s)[0];\n  if (d.getElementById(id)) return;\n  js = d.createElement(s); js.id = id;\n  js.src = 'https:\/\/connect.facebook.net\/cs_CZ\/sdk.js#xfbml=1&version=v3.2';\n  fjs.parentNode.insertBefore(js, fjs);\n}(document, 'script', 'facebook-jssdk'));<\/script><br \/>\n<a href=\"http:\/\/gkvitkovice.cz\/wp-content\/uploads\/2018\/11\/DSCN7788.jpg\"><img loading=\"lazy\" class=\"alignleft size-medium wp-image-2138\" src=\"http:\/\/gkvitkovice.cz\/wp-content\/uploads\/2018\/11\/DSCN7788-300x225.jpg\" alt=\"\" width=\"300\" height=\"225\" srcset=\"https:\/\/gkvitkovice.cz\/wp-content\/uploads\/2018\/11\/DSCN7788-300x225.jpg 300w, https:\/\/gkvitkovice.cz\/wp-content\/uploads\/2018\/11\/DSCN7788-768x576.jpg 768w, https:\/\/gkvitkovice.cz\/wp-content\/uploads\/2018\/11\/DSCN7788-1024x768.jpg 1024w, https:\/\/gkvitkovice.cz\/wp-content\/uploads\/2018\/11\/DSCN7788.jpg 1577w\" sizes=\"(max-width: 300px) 100vw, 300px\" \/><\/a>V sobotu 3. 11. 2018 se v na\u0161\u00ed t\u011blocvi\u010dn\u011b pod taktovkou odd\u00edlu TJ VOKD Ostrava Poruba konal P\u0159ebor m\u011bsta Ostravy, jeho\u017e sou\u010d\u00e1st\u00ed byl u\u017e tradi\u010dn\u011b tak\u00e9 Memori\u00e1l R. \u0160ellonga. Jednalo se\u00a0p\u0159edev\u0161\u00edm o z\u00e1vod dru\u017estev, ale vyhla\u0161ov\u00e1ni byli tak\u00e9 jednotlivci. Z d\u016fvodu velk\u00e9ho po\u010dtu vyhla\u0161ovan\u00fdch kategori\u00ed a \u00fa\u010dasti gymnastek nejen z Ostravy, trval z\u00e1vod do pozdn\u00edch ve\u010dern\u00edch hodin.<\/p>\n<p><strong>P\u0159ebor m\u011bsta Ostravy (dru\u017estva)<\/strong><\/p>\n<p>V kategorii Za\u010d\u00ednaj\u00edc\u00ed \u017e\u00e1kyn\u011b A se n\u00e1m poda\u0159ilo obsadit v\u0161echny 3 medailov\u00e9 p\u0159\u00ed\u010dky, stejn\u011b jako v kategorii Za\u010d\u00ednaj\u00edc\u00ed \u017e\u00e1kyn\u011b B. Zlato jsme vybojovali tak\u00e9 v kategorii II. liga, v III. lize jsme vybojovali zlato i st\u0159\u00edbro, ve IV. lize bronz a v V. lize zlato a st\u0159\u00edbro.<\/p>\n<p><strong>Memori\u00e1l R. \u0160ellonga (jednotlivci)<\/strong><\/p>\n<p><em>Za\u010d\u00ednaj\u00edc\u00ed \u017e\u00e1kyn\u011b A &#8211; <\/em><strong>Barbora Skotnicov\u00e1<\/strong> 1. m\u00edsto,<em>\u00a0<\/em><strong>Zoe Laura Kol\u00e1\u0159ov\u00e1<\/strong> 3. m\u00edsto<\/p>\n<p><em>Za\u010d\u00ednaj\u00edc\u00ed \u017e\u00e1kyn\u011b B &#8211;\u00a0<\/em><strong>Aneta Nen\u00ed\u010dkov\u00e1<\/strong> 1. m\u00edsto, <strong>Julie Biolkov\u00e1<\/strong> 3. m\u00edsto<\/p>\n<p><em>II. liga &#8211;\u00a0<\/em><strong>Lucie Fry\u010dov\u00e1<\/strong> 1. m\u00edsto, <strong>Ad\u00e9la \u010c\u00e1pov\u00e1<\/strong> 2. m\u00edsto, <strong>Anna Kr\u00fdsov\u00e1<\/strong> 3. m\u00edsto<\/p>\n<p><em>III. liga &#8211;\u00a0<\/em><strong>Nat\u00e1lie Najdekov\u00e1<\/strong> 1. m\u00edsto, <strong>Ad\u00e9la Zdvihalov\u00e1<\/strong> 3. m\u00edsto<\/p>\n<p><em>IV. liga &#8211;\u00a0<\/em><strong>Aneta Nykodymov\u00e1<\/strong> 2. m\u00edsto<\/p>\n<p><em>V. liga &#8211;\u00a0<\/em><strong>Ad\u00e9la Nykodymov\u00e1\u00a0<\/strong>1. m\u00edsto<\/p>\n<p>Kompletn\u00ed v\u00fdsledky si m\u016f\u017eete st\u00e1hnout zde:\u00a0<a href=\"http:\/\/gkvitkovice.cz\/wp-content\/uploads\/2018\/11\/V\u00ddSLEDKY_2018.xlsx\">V\u00ddSLEDKY_2018<\/a><\/p>\n<p>Z\u00e1vodnic\u00edm i tren\u00e9r\u016fm gratulujeme a p\u0159ejeme mnoho \u0161t\u011bst\u00ed v nadch\u00e1zej\u00edc\u00edch P\u0159eborech Moravskoslezsk\u00e9ho kraje!<\/p>\n<p>Fotky<a href=\"https:\/\/gkvitkovice.rajce.idnes.cz\/Mestsky_prebor_3.11._2018\/\"> ZDE<\/a><\/p>\n<p><em>(Barbora Uhrov\u00e1)<\/em><\/p>\n<div class=\"fb-like\" data-href=\"http:\/\/gkvitkovice.cz\/?p=2136\" data-layout=\"standard\" data-action=\"like\" data-size=\"small\" data-show-faces=\"true\" data-share=\"true\"><\/div>\n","protected":false},"excerpt":{"rendered":"<p><a href=\"http:\/\/gkvitkovice.cz\/wp-content\/uploads\/2018\/11\/DSCN7788.jpg\"><img loading=\"lazy\" class=\"alignleft size-medium wp-image-2138\" src=\"http:\/\/gkvitkovice.cz\/wp-content\/uploads\/2018\/11\/DSCN7788-300x225.jpg\" alt=\"\" width=\"300\" height=\"225\" srcset=\"https:\/\/gkvitkovice.cz\/wp-content\/uploads\/2018\/11\/DSCN7788-300x225.jpg 300w, https:\/\/gkvitkovice.cz\/wp-content\/uploads\/2018\/11\/DSCN7788-768x576.jpg 768w, https:\/\/gkvitkovice.cz\/wp-content\/uploads\/2018\/11\/DSCN7788-1024x768.jpg 1024w, https:\/\/gkvitkovice.cz\/wp-content\/uploads\/2018\/11\/DSCN7788.jpg 1577w\" sizes=\"(max-width: 300px) 100vw, 300px\" \/><\/a>V sobotu 3. 11. 2018 se v na\u0161\u00ed t\u011blocvi\u010dn\u011b pod taktovkou odd\u00edlu TJ VOKD Ostrava Poruba konal P\u0159ebor m\u011bsta Ostravy, jeho\u017e sou\u010d\u00e1st\u00ed byl u\u017e tradi\u010dn\u011b tak\u00e9 Memori\u00e1l R. \u0160ellonga. <\/p>\n","protected":false},"author":1,"featured_media":0,"comment_status":"open","ping_status":"open","sticky":false,"template":"","format":"standard","meta":[],"categories":[13],"tags":[],"_links":{"self":[{"href":"https:\/\/gkvitkovice.cz\/index.php?rest_route=\/wp\/v2\/posts\/2136"}],"collection":[{"href":"https:\/\/gkvitkovice.cz\/index.php?rest_route=\/wp\/v2\/posts"}],"about":[{"href":"https:\/\/gkvitkovice.cz\/index.php?rest_route=\/wp\/v2\/types\/post"}],"author":[{"embeddable":true,"href":"https:\/\/gkvitkovice.cz\/index.php?rest_route=\/wp\/v2\/users\/1"}],"replies":[{"embeddable":true,"href":"https:\/\/gkvitkovice.cz\/index.php?rest_route=%2Fwp%2Fv2%2Fcomments&post=2136"}],"version-history":[{"count":3,"href":"https:\/\/gkvitkovice.cz\/index.php?rest_route=\/wp\/v2\/posts\/2136\/revisions"}],"predecessor-version":[{"id":2148,"href":"https:\/\/gkvitkovice.cz\/index.php?rest_route=\/wp\/v2\/posts\/2136\/revisions\/2148"}],"wp:attachment":[{"href":"https:\/\/gkvitkovice.cz\/index.php?rest_route=%2Fwp%2Fv2%2Fmedia&parent=2136"}],"wp:term":[{"taxonomy":"category","embeddable":true,"href":"https:\/\/gkvitkovice.cz\/index.php?rest_route=%2Fwp%2Fv2%2Fcategories&post=2136"},{"taxonomy":"post_tag","embeddable":true,"href":"https:\/\/gkvitkovice.cz\/index.php?rest_route=%2Fwp%2Fv2%2Ftags&post=2136"}],"curies":[{"name":"wp","href":"https:\/\/api.w.org\/{rel}","templated":true}]}}