{"id":2141,"date":"2018-11-14T07:12:47","date_gmt":"2018-11-14T07:12:47","guid":{"rendered":"http:\/\/gkvitkovice.cz\/?p=2141"},"modified":"2018-11-14T07:13:33","modified_gmt":"2018-11-14T07:13:33","slug":"memorial-very-medove-2018","status":"publish","type":"post","link":"https:\/\/gkvitkovice.cz\/?p=2141","title":{"rendered":"Memori\u00e1l V\u011bry Medov\u00e9 2018"},"content":{"rendered":"<div id=\"fb-root\"><\/div>\n<p><script>(function(d, s, id) {\n  var js, fjs = d.getElementsByTagName(s)[0];\n  if (d.getElementById(id)) return;\n  js = d.createElement(s); js.id = id;\n  js.src = 'https:\/\/connect.facebook.net\/cs_CZ\/sdk.js#xfbml=1&version=v3.2';\n  fjs.parentNode.insertBefore(js, fjs);\n}(document, 'script', 'facebook-jssdk'));<\/script><br \/>\n<a href=\"http:\/\/gkvitkovice.cz\/wp-content\/uploads\/2018\/11\/45925118_1976758875950437_2221964436816527360_n.jpg\"><img loading=\"lazy\" class=\"alignleft size-medium wp-image-2142\" src=\"http:\/\/gkvitkovice.cz\/wp-content\/uploads\/2018\/11\/45925118_1976758875950437_2221964436816527360_n-300x225.jpg\" alt=\"\" width=\"300\" height=\"225\" srcset=\"https:\/\/gkvitkovice.cz\/wp-content\/uploads\/2018\/11\/45925118_1976758875950437_2221964436816527360_n-300x225.jpg 300w, https:\/\/gkvitkovice.cz\/wp-content\/uploads\/2018\/11\/45925118_1976758875950437_2221964436816527360_n-768x576.jpg 768w, https:\/\/gkvitkovice.cz\/wp-content\/uploads\/2018\/11\/45925118_1976758875950437_2221964436816527360_n-1024x768.jpg 1024w, https:\/\/gkvitkovice.cz\/wp-content\/uploads\/2018\/11\/45925118_1976758875950437_2221964436816527360_n.jpg 2000w\" sizes=\"(max-width: 300px) 100vw, 300px\" \/><\/a>V sobotu 10. 11. 2018 se po\u010detn\u00e1 skupina na\u0161ich gymnastek vydala na z\u00e1vody do Prahy na Memori\u00e1l V\u011bry Medov\u00e9. Vst\u00e1v\u00e1n\u00ed bylo n\u00e1ro\u010dn\u011bj\u0161\u00ed, jeliko\u017e jsme vyj\u00ed\u017ed\u011bly z vlakov\u00e9ho n\u00e1dra\u017e\u00ed ve Svinov\u011b 4.07 hod.<\/p>\n<p>V\u00a0kategorii nejmlad\u0161\u00edch d\u011bv\u010d\u00e1tek (2012-2013) se poda\u0159ilo <strong>Bar\u010di Skotnicov\u00e9<\/strong> s velmi p\u011bkn\u00fdm cvi\u010den\u00edm vystoupit na st\u0159\u00edbrnou pozici. <strong>Elenka Kantorov\u00e1<\/strong> byla na 5. m\u00edst\u011b, <strong>Zoe Kol\u00e1\u0159ov\u00e1<\/strong> na 6. m\u00edst\u011b a <strong>Frederka Prutkayov\u00e1<\/strong>\u00a0na 12. m\u00edst\u011b, kter\u00e1 byla z\u00e1rove\u0148 nejmlad\u0161\u00ed \u00fa\u010dastnic\u00ed z\u00e1vodu. Celkem z\u00e1vodilo 34 d\u011bv\u010dat.<\/p>\n<p>V kategorii ro\u010dn\u00edk\u016f 2010-2011, kter\u00e1 byla nejobsazen\u011bj\u0161\u00ed kategori\u00ed (69 d\u011bv\u010dat), se na nepopul\u00e1rn\u00edm, ale p\u0159esto kr\u00e1sn\u00e9m 4. m\u00edst\u011b um\u00edstila<strong> Ka\u010dka Bartkov\u00e1<\/strong>, <strong>Ad\u00e9lka Nykodymov\u00e1<\/strong> na 10. m\u00edst\u011b, <strong>Lin\u010fa Rakov\u00e1<\/strong> na 15. m\u00edst\u011b, <strong>Ad\u00e9lka Chudov\u00e1<\/strong> 24. m\u00edsto, <strong>Anetka Nen\u00ed\u010dkov\u00e1<\/strong> 27. m\u00edsto, <strong>Nelka Hl\u00e1vkov\u00e1<\/strong> 45. m\u00edsto a <strong>Jul\u010da Biolkov\u00e1<\/strong> 62. m\u00edsto.<\/p>\n<p>V nejstar\u0161\u00ed kategorii (2008-2009) se p\u0159edstavila <strong>Lucka Fry\u010dov\u00e1<\/strong>, kter\u00e1 i p\u0159es p\u00e1d na kladin\u011b si velmi p\u011bkn\u00fdm cvi\u010den\u00edm zajistila 2. m\u00edsto. Celkem bylo v t\u00e9to kategorii 33 d\u011bv\u010dat.<\/p>\n<p>Z\u00e1rove\u0148 prob\u00edhal i z\u00e1vod dru\u017estev. Dru\u017estvo tvo\u0159ily 3 gymnastky, a to ty, kter\u00e9 se\u00a0v\u00a0 ka\u017ed\u00e9 kategorie um\u00edstily nejl\u00e9pe. T\u011bmi byly Bar\u010da Skotnicov\u00e1, Ka\u010dka Bartkov\u00e1 a Lucka Fry\u010dov\u00e1, kter\u00e9 se um\u00edstily na 2. p\u0159\u00ed\u010dce.<\/p>\n<p>V\u0161em gratulujeme.<\/p>\n<p>Fotky <a href=\"https:\/\/gkvitkovice.rajce.idnes.cz\/Memorial_V._Medove%2C_Praha_10.11._2018\/\">ZDE<\/a><\/p>\n<p>V\u00fdsledky dru\u017estev:\u00a0<a href=\"http:\/\/gkvitkovice.cz\/wp-content\/uploads\/2018\/11\/Med_18_druzstva.pdf\">Med_18_druzstva<\/a><\/p>\n<p>V\u00fdsledky I. a II. kategorie:\u00a0<a href=\"http:\/\/gkvitkovice.cz\/wp-content\/uploads\/2018\/11\/Med_18_I_II.pdf\">Med_18_I_II<\/a><\/p>\n<p>V\u00fdsledky III. kategorie:\u00a0<a href=\"http:\/\/gkvitkovice.cz\/wp-content\/uploads\/2018\/11\/Med_18_III.pdf\">Med_18_III<\/a><\/p>\n<p><em>(Monika Prutkayov\u00e1)<\/em><\/p>\n<div class=\"fb-like\" data-href=\"http:\/\/gkvitkovice.cz\/?p=2141\" data-layout=\"standard\" data-action=\"like\" data-size=\"small\" data-show-faces=\"true\" data-share=\"true\"><\/div>\n<p>&nbsp;<\/p>\n","protected":false},"excerpt":{"rendered":"<p><a href=\"http:\/\/gkvitkovice.cz\/wp-content\/uploads\/2018\/11\/45925118_1976758875950437_2221964436816527360_n.jpg\"><img loading=\"lazy\" class=\"alignleft size-medium wp-image-2142\" src=\"http:\/\/gkvitkovice.cz\/wp-content\/uploads\/2018\/11\/45925118_1976758875950437_2221964436816527360_n-300x225.jpg\" alt=\"\" width=\"300\" height=\"225\" srcset=\"https:\/\/gkvitkovice.cz\/wp-content\/uploads\/2018\/11\/45925118_1976758875950437_2221964436816527360_n-300x225.jpg 300w, https:\/\/gkvitkovice.cz\/wp-content\/uploads\/2018\/11\/45925118_1976758875950437_2221964436816527360_n-768x576.jpg 768w, https:\/\/gkvitkovice.cz\/wp-content\/uploads\/2018\/11\/45925118_1976758875950437_2221964436816527360_n-1024x768.jpg 1024w, https:\/\/gkvitkovice.cz\/wp-content\/uploads\/2018\/11\/45925118_1976758875950437_2221964436816527360_n.jpg 2000w\" sizes=\"(max-width: 300px) 100vw, 300px\" \/><\/a>V sobotu 10. 11. 2018 se po\u010detn\u00e1 skupina na\u0161ich gymnastek vydala na z\u00e1vody do Prahy na Memori\u00e1l V\u011bry Medov\u00e9. <\/p>\n","protected":false},"author":1,"featured_media":0,"comment_status":"open","ping_status":"open","sticky":false,"template":"","format":"standard","meta":[],"categories":[13],"tags":[],"_links":{"self":[{"href":"https:\/\/gkvitkovice.cz\/index.php?rest_route=\/wp\/v2\/posts\/2141"}],"collection":[{"href":"https:\/\/gkvitkovice.cz\/index.php?rest_route=\/wp\/v2\/posts"}],"about":[{"href":"https:\/\/gkvitkovice.cz\/index.php?rest_route=\/wp\/v2\/types\/post"}],"author":[{"embeddable":true,"href":"https:\/\/gkvitkovice.cz\/index.php?rest_route=\/wp\/v2\/users\/1"}],"replies":[{"embeddable":true,"href":"https:\/\/gkvitkovice.cz\/index.php?rest_route=%2Fwp%2Fv2%2Fcomments&post=2141"}],"version-history":[{"count":2,"href":"https:\/\/gkvitkovice.cz\/index.php?rest_route=\/wp\/v2\/posts\/2141\/revisions"}],"predecessor-version":[{"id":2147,"href":"https:\/\/gkvitkovice.cz\/index.php?rest_route=\/wp\/v2\/posts\/2141\/revisions\/2147"}],"wp:attachment":[{"href":"https:\/\/gkvitkovice.cz\/index.php?rest_route=%2Fwp%2Fv2%2Fmedia&parent=2141"}],"wp:term":[{"taxonomy":"category","embeddable":true,"href":"https:\/\/gkvitkovice.cz\/index.php?rest_route=%2Fwp%2Fv2%2Fcategories&post=2141"},{"taxonomy":"post_tag","embeddable":true,"href":"https:\/\/gkvitkovice.cz\/index.php?rest_route=%2Fwp%2Fv2%2Ftags&post=2141"}],"curies":[{"name":"wp","href":"https:\/\/api.w.org\/{rel}","templated":true}]}}