{"id":2153,"date":"2018-11-23T12:09:51","date_gmt":"2018-11-23T12:09:51","guid":{"rendered":"http:\/\/gkvitkovice.cz\/?p=2153"},"modified":"2018-11-23T12:10:49","modified_gmt":"2018-11-23T12:10:49","slug":"memorial-jana-gajdose-2018","status":"publish","type":"post","link":"https:\/\/gkvitkovice.cz\/?p=2153","title":{"rendered":"Memori\u00e1l Jana Gajdo\u0161e 2018"},"content":{"rendered":"<div id=\"fb-root\"><\/div>\n<p><script>(function(d, s, id) {\n  var js, fjs = d.getElementsByTagName(s)[0];\n  if (d.getElementById(id)) return;\n  js = d.createElement(s); js.id = id;\n  js.src = 'https:\/\/connect.facebook.net\/cs_CZ\/sdk.js#xfbml=1&version=v3.2';\n  fjs.parentNode.insertBefore(js, fjs);\n}(document, 'script', 'facebook-jssdk'));<\/script><a href=\"http:\/\/gkvitkovice.cz\/wp-content\/uploads\/2018\/11\/46660568_211866796373853_8794732587022024704_n.jpg\"><img loading=\"lazy\" class=\"alignleft size-medium wp-image-2154\" src=\"http:\/\/gkvitkovice.cz\/wp-content\/uploads\/2018\/11\/46660568_211866796373853_8794732587022024704_n-300x225.jpg\" alt=\"\" width=\"300\" height=\"225\" srcset=\"https:\/\/gkvitkovice.cz\/wp-content\/uploads\/2018\/11\/46660568_211866796373853_8794732587022024704_n-300x225.jpg 300w, https:\/\/gkvitkovice.cz\/wp-content\/uploads\/2018\/11\/46660568_211866796373853_8794732587022024704_n-768x576.jpg 768w, https:\/\/gkvitkovice.cz\/wp-content\/uploads\/2018\/11\/46660568_211866796373853_8794732587022024704_n-1024x768.jpg 1024w, https:\/\/gkvitkovice.cz\/wp-content\/uploads\/2018\/11\/46660568_211866796373853_8794732587022024704_n.jpg 2000w\" sizes=\"(max-width: 300px) 100vw, 300px\" \/><\/a>V term\u00ednu 16. &#8211; 19. 11. 2018 se v Brn\u011b konal 27. ro\u010dn\u00edk z\u00e1vodu Memori\u00e1l Jana Gajdo\u0161e. Jedn\u00e1 se o z\u00e1vod dru\u017estev, a to p\u0159edev\u0161\u00edm gymnastek, kter\u00e9 zast\u0159e\u0161uje Sokol a pozvan\u00fdch klub\u016f z n\u011bkolika st\u00e1t\u016f Evropy (Rakousko, Slovinsko, Holandsko, Slovensko, Polsko, Litva). Jeliko\u017e <strong>Nela \u0160t\u011bpandov\u00e1<\/strong> pot\u0159ebuje z\u00edsk\u00e1vat zku\u0161enosti, po\u017e\u00e1daly jsme Sokol Brno 1\u00a0o za\u0159azen\u00ed Nely k individu\u00e1ln\u00edmu z\u00e1vodu, kter\u00fd prob\u011bhl z\u00e1rove\u0148 se sout\u011b\u017e\u00ed dru\u017estev.<\/p>\n<p>Nela zah\u00e1jila z\u00e1vod velmi p\u011bkn\u011b, na prostn\u00fdch poprv\u00e9 za\u0159adila salto s obratem 720\u00b0 a z\u00edskala tak druhou nejvy\u0161\u0161\u00ed zn\u00e1mku na prostn\u00fdch. P\u0159eskok sko\u010dila s jednou z nejvy\u0161\u0161\u00edch zn\u00e1mek. Dal\u0161\u00ed dv\u011b n\u00e1\u0159ad\u00ed u\u017e neprob\u00edhaly\u00a0dle na\u0161ich p\u0159edstav. Bradla s 1 p\u00e1dem a 3 p\u0159eru\u0161en\u00edm, kladina 1 p\u00e1d. T\u00edm, \u017ee m\u00e1 Nela vy\u0161\u0161\u00ed obt\u00ed\u017enost na n\u00e1\u0159ad\u00edch, a d\u00edky \u010distot\u011b cvi\u010den\u00ed se um\u00edstila na 3. m\u00edst\u011b v konkurenci 59 d\u011bv\u010dat. Shodn\u00e9 bodov\u00e9 ohodnocen\u00ed m\u011bla i pra\u017esk\u00e1 z\u00e1vodnice Mia \u010cadkov\u00e1. Pot\u00e9 dle pravidel rozhoduje, kter\u00e1 z d\u011bv\u010dat m\u00e1 v\u00edce vy\u0161\u0161\u00edch zn\u00e1mek ze \u010dty\u0159 n\u00e1\u0159ad\u00ed. Nela m\u011bla na t\u0159ech n\u00e1\u0159ad\u00edch vy\u0161\u0161\u00ed bodov\u00e9 ohodnocen\u00ed, t\u00edm p\u00e1dem byla p\u0159ed Miou na 3. m\u00edst\u011b.<\/p>\n<p>Sobotn\u00ed z\u00e1vod byl kvalifikac\u00ed k ned\u011bln\u00edmu z\u00e1vodu dvojic, postupovalo 12 nejlep\u0161\u00edch d\u011bv\u010dat a chlapc\u016f. Podle dan\u00e9ho kl\u00ed\u010de byl\u00a0Nele p\u0159i\u0159azen 8 nejlep\u0161\u00ed chlapec. T\u00edm byl rakousk\u00fd z\u00e1vodn\u00edk Penkner Benedikt. V prvn\u00edm kole si oba shodn\u011b vybrali prostn\u00e1 a p\u0159eskok a po prvn\u00edm kole byli na 1. m\u00edst\u011b. Do druh\u00e9ho kola postupovalo\u00a0u\u017e jen 8 p\u00e1r\u016f. Nela si vybrala kladinu, kde bohu\u017eel nep\u011bkn\u011b spadla\u00a0z\u00a0p\u00edcha\u010dky s obratem 180\u00b0 a\u00a0jej\u00ed partner\u00a0cvi\u010dil na hrazd\u011b, kterou zacvi\u010dil velmi p\u011bkn\u011b, ale bez vy\u0161\u0161\u00ed obt\u00ed\u017enosti. I kdyby se Nele poda\u0159ila kladina bez p\u00e1du, tak by jim zn\u00e1mky ji\u017e nesta\u010dili na postup do fin\u00e1le, kde postupovaly u\u017e jen 4 p\u00e1ry. Celkov\u011b se um\u00edstili na 5. m\u00edst\u011b.<\/p>\n<p>D\u011bkujeme Sokolu Brna 1 za mo\u017enost z\u00fa\u010dastnit se p\u011bkn\u00e9ho z\u00e1vodu a nabrat dal\u0161\u00ed gymnastick\u00e9 zku\u0161enosti.<\/p>\n<p>Fotky a video\u00a0<a href=\"https:\/\/gkvitkovice.rajce.idnes.cz\/Memorial_Jana_Gajdose%2C_Brno_17.-18.11._2018\/\">ZDE<\/a><\/p>\n<p>V\u00fdsledky:<\/p>\n<p><a href=\"http:\/\/gkvitkovice.cz\/wp-content\/uploads\/2018\/11\/Gajdos_18_divky.pdf\">Gajdos_18_divky<\/a><\/p>\n<p><a href=\"http:\/\/gkvitkovice.cz\/wp-content\/uploads\/2018\/11\/Finale_18.pdf\">Finale_18<\/a><\/p>\n<p>Odkaz na z\u00e1vod d\u011bv\u010dat:\u00a0<a href=\"https:\/\/www.youtube.com\/watch?v=dkivN1tAfzU&amp;fbclid=IwAR1yLSwGDPpKewmfKLCerVX728pBYRL5RmaCIMRBy6pMm4rg-b98upIrcd0\" target=\"_blank\" rel=\"noopener noreferrer\">https:\/\/www.youtube.com\/watch?v=dkivN1tAfzU&amp;fbclid=IwAR1yLSwGDPpKewmfKLCerVX728pBYRL5RmaCIMRBy6pMm4rg-b98upIrcd0<\/a><\/p>\n<p>Odkaz na z\u00e1vod dvojic:\u00a0<a href=\"https:\/\/www.youtube.com\/watch?v=LZ0UNQR_-X0\" target=\"_blank\" rel=\"noopener noreferrer\">https:\/\/www.youtube.com\/watch?v=LZ0UNQR_-X0<\/a><\/p>\n<p><em>(Monika Prutkayov\u00e1)<\/em><\/p>\n<div class=\"fb-like\" data-href=\"http:\/\/gkvitkovice.cz\/?p=2153\" data-layout=\"standard\" data-action=\"like\" data-size=\"small\" data-show-faces=\"true\" data-share=\"true\"><\/div>\n","protected":false},"excerpt":{"rendered":"<p><a href=\"http:\/\/gkvitkovice.cz\/wp-content\/uploads\/2018\/11\/46660568_211866796373853_8794732587022024704_n.jpg\"><img loading=\"lazy\" class=\"alignleft size-medium wp-image-2154\" src=\"http:\/\/gkvitkovice.cz\/wp-content\/uploads\/2018\/11\/46660568_211866796373853_8794732587022024704_n-300x225.jpg\" alt=\"\" width=\"300\" height=\"225\" srcset=\"https:\/\/gkvitkovice.cz\/wp-content\/uploads\/2018\/11\/46660568_211866796373853_8794732587022024704_n-300x225.jpg 300w, https:\/\/gkvitkovice.cz\/wp-content\/uploads\/2018\/11\/46660568_211866796373853_8794732587022024704_n-768x576.jpg 768w, https:\/\/gkvitkovice.cz\/wp-content\/uploads\/2018\/11\/46660568_211866796373853_8794732587022024704_n-1024x768.jpg 1024w, https:\/\/gkvitkovice.cz\/wp-content\/uploads\/2018\/11\/46660568_211866796373853_8794732587022024704_n.jpg 2000w\" sizes=\"(max-width: 300px) 100vw, 300px\" \/><\/a>V term\u00ednu 16. &#8211; 19. 11. 2018 se v Brn\u011b konal 27. ro\u010dn\u00edk z\u00e1vodu Memori\u00e1l Jana Gajdo\u0161e.<\/p>\n","protected":false},"author":1,"featured_media":0,"comment_status":"open","ping_status":"open","sticky":false,"template":"","format":"standard","meta":[],"categories":[13],"tags":[],"_links":{"self":[{"href":"https:\/\/gkvitkovice.cz\/index.php?rest_route=\/wp\/v2\/posts\/2153"}],"collection":[{"href":"https:\/\/gkvitkovice.cz\/index.php?rest_route=\/wp\/v2\/posts"}],"about":[{"href":"https:\/\/gkvitkovice.cz\/index.php?rest_route=\/wp\/v2\/types\/post"}],"author":[{"embeddable":true,"href":"https:\/\/gkvitkovice.cz\/index.php?rest_route=\/wp\/v2\/users\/1"}],"replies":[{"embeddable":true,"href":"https:\/\/gkvitkovice.cz\/index.php?rest_route=%2Fwp%2Fv2%2Fcomments&post=2153"}],"version-history":[{"count":3,"href":"https:\/\/gkvitkovice.cz\/index.php?rest_route=\/wp\/v2\/posts\/2153\/revisions"}],"predecessor-version":[{"id":2159,"href":"https:\/\/gkvitkovice.cz\/index.php?rest_route=\/wp\/v2\/posts\/2153\/revisions\/2159"}],"wp:attachment":[{"href":"https:\/\/gkvitkovice.cz\/index.php?rest_route=%2Fwp%2Fv2%2Fmedia&parent=2153"}],"wp:term":[{"taxonomy":"category","embeddable":true,"href":"https:\/\/gkvitkovice.cz\/index.php?rest_route=%2Fwp%2Fv2%2Fcategories&post=2153"},{"taxonomy":"post_tag","embeddable":true,"href":"https:\/\/gkvitkovice.cz\/index.php?rest_route=%2Fwp%2Fv2%2Ftags&post=2153"}],"curies":[{"name":"wp","href":"https:\/\/api.w.org\/{rel}","templated":true}]}}