{"id":2187,"date":"2019-02-04T07:42:17","date_gmt":"2019-02-04T07:42:17","guid":{"rendered":"http:\/\/gkvitkovice.cz\/?p=2187"},"modified":"2019-02-04T07:42:45","modified_gmt":"2019-02-04T07:42:45","slug":"mistrovstvi-cr-druzstev-2018","status":"publish","type":"post","link":"https:\/\/gkvitkovice.cz\/?p=2187","title":{"rendered":"Mistrovstv\u00ed \u010cR dru\u017estev 2018"},"content":{"rendered":"<div id=\"fb-root\"><\/div>\n<p><script>(function(d, s, id) {\n  var js, fjs = d.getElementsByTagName(s)[0];\n  if (d.getElementById(id)) return;\n  js = d.createElement(s); js.id = id;\n  js.src = 'https:\/\/connect.facebook.net\/cs_CZ\/sdk.js#xfbml=1&version=v3.2';\n  fjs.parentNode.insertBefore(js, fjs);\n}(document, 'script', 'facebook-jssdk'));<\/script><br \/>\n<a href=\"http:\/\/gkvitkovice.cz\/wp-content\/uploads\/2018\/12\/P1060490.jpg\"><img loading=\"lazy\" class=\"alignleft size-medium wp-image-2189\" src=\"http:\/\/gkvitkovice.cz\/wp-content\/uploads\/2018\/12\/P1060490-300x225.jpg\" alt=\"\" width=\"300\" height=\"225\" srcset=\"https:\/\/gkvitkovice.cz\/wp-content\/uploads\/2018\/12\/P1060490-300x225.jpg 300w, https:\/\/gkvitkovice.cz\/wp-content\/uploads\/2018\/12\/P1060490-768x576.jpg 768w, https:\/\/gkvitkovice.cz\/wp-content\/uploads\/2018\/12\/P1060490-1024x768.jpg 1024w, https:\/\/gkvitkovice.cz\/wp-content\/uploads\/2018\/12\/P1060490.jpg 2000w\" sizes=\"(max-width: 300px) 100vw, 300px\" \/><\/a>Ve dnech 8. &#8211; 9. 12. 2018 prob\u011bhl z\u00e1vod Extraligy, I. ligy a II. ligy dru\u017estev \u017een ve sportovn\u00ed gymnastice v hale V\u011bry \u010c\u00e1slavsk\u00e9 v \u010cerno\u0161ic\u00edch.<\/p>\n<p>V sobotu prob\u011bhl z\u00e1vod I. ligy a extraligy. Zastoupen\u00ed jsme m\u011bli v z\u00e1vod\u011b I. ligy a dru\u017estvo ve slo\u017een\u00ed <strong>Adam\u00edkov\u00e1 Karla<\/strong>, <strong>Jaskovi\u010dov\u00e1 Lenka<\/strong>, <strong>Smolecov\u00e1 Laura<\/strong>, <strong>\u0160t\u011bpandov\u00e1 Nela<\/strong> a hostuj\u00edc\u00ed <strong>Riantov\u00e1\u00a0Nat\u00e1lie<\/strong> z SK Hrad\u010dany Praha se um\u00edstilo na 5. m\u00edst\u011b. D\u011bv\u010data obh\u00e1jila um\u00edst\u011bn\u00ed z lo\u0148sk\u00e9ho mistrovstv\u00ed, t\u00edm p\u00e1dem budou v p\u0159\u00ed\u0161t\u00edm roce op\u011bt startovat jako prvn\u00ed dru\u017estvo na kladin\u011b. Letos jsme, bohu\u017eel, pr\u00e1v\u011b na tomto n\u00e1\u0159ad\u00ed neza\u010daly sv\u016fj z\u00e1vod dob\u0159e a 4 p\u00e1dy se velmi t\u011b\u017eko doh\u00e1n\u011bly. Na dal\u0161\u00edch n\u00e1\u0159ad\u00edch se d\u011bv\u010data zkocentrovala u\u017e o n\u011bco l\u00e9pe, a i kdy\u017e se nevyvarovala men\u0161\u00edm chyb\u00e1m, sestavy byly zacvi\u010deny s v\u011bt\u0161\u00ed jistotou.<\/p>\n<p>V ned\u011bln\u00edm z\u00e1vod\u011b nastoupilo na\u0161e dru\u017estvo II. ligy ve slo\u017een\u00ed <strong>Ani Kr\u00fdsov\u00e1<\/strong>, <strong>Klaudi Hynek<\/strong>, <strong>Lucka G\u0159e\u0161ov\u00e1<\/strong>, <strong>Eli\u0161ka Petrov\u00e1<\/strong>, <strong>R\u00f3zi O\u017eanov\u00e1<\/strong> a <strong>\u00c1\u010fa \u010c\u00e1pov\u00e1<\/strong>. Ani toto na\u0161e dru\u017estvo si nevedlo \u0161patn\u011b. A i kdy\u017e se holk\u00e1m nepoda\u0159ilo v\u0161e, co si natr\u00e9novaly, obsadily velmi p\u011bkn\u00e9 10. m\u00edsto ze dvaceti dru\u017estev.<\/p>\n<p>D\u011bv\u010dat\u016fm d\u011bkujeme za p\u0159edveden\u00e9 v\u00fdkony a d\u011bkujeme za vzornou reprezentaci na\u0161eho odd\u00edlu!<\/p>\n<p>Fotky <a href=\"https:\/\/gkvitkovice.rajce.idnes.cz\/MCR_druzstev%2C_Cernosice_8.-9.12._2018\/\">ZDE<\/a><\/p>\n<p>V\u00fdsledky <a href=\"http:\/\/www.gymfed.cz\/vysledky\/detail\/1175\">ZDE<\/a><\/p>\n<p><em>(Gabriela Hynek, Monika Prutkayov\u00e1)<\/em><\/p>\n<div class=\"fb-like\" data-href=\"http:\/\/gkvitkovice.cz\/?p=2187\" data-layout=\"standard\" data-action=\"like\" data-size=\"small\" data-show-faces=\"true\" data-share=\"true\"><\/div>\n","protected":false},"excerpt":{"rendered":"<p><a href=\"http:\/\/gkvitkovice.cz\/wp-content\/uploads\/2018\/12\/P1060490.jpg\"><img loading=\"lazy\" class=\"alignleft size-medium wp-image-2189\" src=\"http:\/\/gkvitkovice.cz\/wp-content\/uploads\/2018\/12\/P1060490-300x225.jpg\" alt=\"\" width=\"300\" height=\"225\" srcset=\"https:\/\/gkvitkovice.cz\/wp-content\/uploads\/2018\/12\/P1060490-300x225.jpg 300w, https:\/\/gkvitkovice.cz\/wp-content\/uploads\/2018\/12\/P1060490-768x576.jpg 768w, https:\/\/gkvitkovice.cz\/wp-content\/uploads\/2018\/12\/P1060490-1024x768.jpg 1024w, https:\/\/gkvitkovice.cz\/wp-content\/uploads\/2018\/12\/P1060490.jpg 2000w\" sizes=\"(max-width: 300px) 100vw, 300px\" \/><\/a>Ve dnech 8. &#8211; 9. 12. 2018 prob\u011bhl z\u00e1vod Extraligy, I. ligy a II. ligy dru\u017estev \u017een ve sportovn\u00ed gymnastice v hale V\u011bry \u010c\u00e1slavsk\u00e9 v \u010cerno\u0161ic\u00edch.<\/p>\n","protected":false},"author":1,"featured_media":0,"comment_status":"open","ping_status":"open","sticky":false,"template":"","format":"standard","meta":[],"categories":[13],"tags":[],"_links":{"self":[{"href":"https:\/\/gkvitkovice.cz\/index.php?rest_route=\/wp\/v2\/posts\/2187"}],"collection":[{"href":"https:\/\/gkvitkovice.cz\/index.php?rest_route=\/wp\/v2\/posts"}],"about":[{"href":"https:\/\/gkvitkovice.cz\/index.php?rest_route=\/wp\/v2\/types\/post"}],"author":[{"embeddable":true,"href":"https:\/\/gkvitkovice.cz\/index.php?rest_route=\/wp\/v2\/users\/1"}],"replies":[{"embeddable":true,"href":"https:\/\/gkvitkovice.cz\/index.php?rest_route=%2Fwp%2Fv2%2Fcomments&post=2187"}],"version-history":[{"count":5,"href":"https:\/\/gkvitkovice.cz\/index.php?rest_route=\/wp\/v2\/posts\/2187\/revisions"}],"predecessor-version":[{"id":2221,"href":"https:\/\/gkvitkovice.cz\/index.php?rest_route=\/wp\/v2\/posts\/2187\/revisions\/2221"}],"wp:attachment":[{"href":"https:\/\/gkvitkovice.cz\/index.php?rest_route=%2Fwp%2Fv2%2Fmedia&parent=2187"}],"wp:term":[{"taxonomy":"category","embeddable":true,"href":"https:\/\/gkvitkovice.cz\/index.php?rest_route=%2Fwp%2Fv2%2Fcategories&post=2187"},{"taxonomy":"post_tag","embeddable":true,"href":"https:\/\/gkvitkovice.cz\/index.php?rest_route=%2Fwp%2Fv2%2Ftags&post=2187"}],"curies":[{"name":"wp","href":"https:\/\/api.w.org\/{rel}","templated":true}]}}