{"id":2197,"date":"2019-01-14T08:23:28","date_gmt":"2019-01-14T08:23:28","guid":{"rendered":"http:\/\/gkvitkovice.cz\/?p=2197"},"modified":"2019-01-14T08:23:59","modified_gmt":"2019-01-14T08:23:59","slug":"vanocni-zavod-2018","status":"publish","type":"post","link":"https:\/\/gkvitkovice.cz\/?p=2197","title":{"rendered":"V\u00e1no\u010dn\u00ed z\u00e1vod 2018"},"content":{"rendered":"<div id=\"fb-root\"><\/div>\n<p><script>(function(d, s, id) {\n  var js, fjs = d.getElementsByTagName(s)[0];\n  if (d.getElementById(id)) return;\n  js = d.createElement(s); js.id = id;\n  js.src = 'https:\/\/connect.facebook.net\/cs_CZ\/sdk.js#xfbml=1&version=v3.2';\n  fjs.parentNode.insertBefore(js, fjs);\n}(document, 'script', 'facebook-jssdk'));<\/script><br \/>\n<a href=\"http:\/\/gkvitkovice.cz\/wp-content\/uploads\/2019\/01\/IMG_20181215_092949_BURST12.jpg\"><img loading=\"lazy\" class=\"alignleft size-medium wp-image-2198\" src=\"http:\/\/gkvitkovice.cz\/wp-content\/uploads\/2019\/01\/IMG_20181215_092949_BURST12-300x225.jpg\" alt=\"\" width=\"300\" height=\"225\" srcset=\"https:\/\/gkvitkovice.cz\/wp-content\/uploads\/2019\/01\/IMG_20181215_092949_BURST12-300x225.jpg 300w, https:\/\/gkvitkovice.cz\/wp-content\/uploads\/2019\/01\/IMG_20181215_092949_BURST12-768x575.jpg 768w, https:\/\/gkvitkovice.cz\/wp-content\/uploads\/2019\/01\/IMG_20181215_092949_BURST12-1024x767.jpg 1024w, https:\/\/gkvitkovice.cz\/wp-content\/uploads\/2019\/01\/IMG_20181215_092949_BURST12.jpg 2000w\" sizes=\"(max-width: 300px) 100vw, 300px\" \/><\/a>V t\u011blocvi\u010dn\u011b Sokola Brno I. se 15. 12. 2018 po\u0159\u00e1dal V\u00e1no\u010dn\u00ed z\u00e1vod, kter\u00e9ho jsme se z\u00fa\u010dastnily.<\/p>\n<div>V nejmlad\u0161\u00ed kategorii ro\u010dn\u00edk\u016f 2013 a mlad\u0161\u00ed se p\u0159edstavila <strong>Frederka Prutkayov\u00e1<\/strong>, kter\u00e1 se um\u00edstila na 2. m\u00edst\u011b, v kategorii ro\u010dn\u00edk\u016f 2012 jsme\u00a0 m\u011bli dvoj\u00ed zastoupen\u00ed, a to <strong>Bar\u010du Skotnicovou<\/strong>, kter\u00e1 se um\u00edstila na 1. m\u00edst\u011b a <strong>Elenku Kantorovou<\/strong> na 3. m\u00edst\u011b. <strong>Jul\u010da Biolkov\u00e1<\/strong> se v kategorii ro\u010dn\u00edk\u016f 2011 um\u00edstila na 5. p\u0159\u00ed\u010dce.<\/div>\n<div><\/div>\n<div>V\u0161echna d\u011bv\u010data odz\u00e1vodila opravdu velmi p\u011bkn\u011b, gratulujeme a p\u0159ejeme jim mnoho \u00fasp\u011bch\u016f v dal\u0161\u00edm roce.<\/div>\n<div><\/div>\n<div>Fotky a videa <a href=\"https:\/\/gkvitkovice.rajce.idnes.cz\/Vanocni_zavod%2C_Brno_15.12._2018\/\">ZDE<\/a><\/div>\n<div><\/div>\n<div><em>(Monika Prutkayov\u00e1)<\/em><\/div>\n<div class=\"fb-like\" data-href=\"http:\/\/gkvitkovice.cz\/?p=2197\" data-layout=\"standard\" data-action=\"like\" data-size=\"small\" data-show-faces=\"true\" data-share=\"true\"><\/div>\n","protected":false},"excerpt":{"rendered":"<p><a href=\"http:\/\/gkvitkovice.cz\/wp-content\/uploads\/2019\/01\/IMG_20181215_092949_BURST12.jpg\"><img loading=\"lazy\" class=\"alignleft size-medium wp-image-2198\" src=\"http:\/\/gkvitkovice.cz\/wp-content\/uploads\/2019\/01\/IMG_20181215_092949_BURST12-300x225.jpg\" alt=\"\" width=\"300\" height=\"225\" srcset=\"https:\/\/gkvitkovice.cz\/wp-content\/uploads\/2019\/01\/IMG_20181215_092949_BURST12-300x225.jpg 300w, https:\/\/gkvitkovice.cz\/wp-content\/uploads\/2019\/01\/IMG_20181215_092949_BURST12-768x575.jpg 768w, https:\/\/gkvitkovice.cz\/wp-content\/uploads\/2019\/01\/IMG_20181215_092949_BURST12-1024x767.jpg 1024w, https:\/\/gkvitkovice.cz\/wp-content\/uploads\/2019\/01\/IMG_20181215_092949_BURST12.jpg 2000w\" sizes=\"(max-width: 300px) 100vw, 300px\" \/><\/a>V t\u011blocvi\u010dn\u011b Sokola Brno I. se 15. 12. 2018 po\u0159\u00e1dal V\u00e1no\u010dn\u00ed z\u00e1vod, kter\u00e9ho jsme se z\u00fa\u010dastnily.<\/p>\n","protected":false},"author":1,"featured_media":0,"comment_status":"closed","ping_status":"open","sticky":false,"template":"","format":"standard","meta":[],"categories":[13],"tags":[],"_links":{"self":[{"href":"https:\/\/gkvitkovice.cz\/index.php?rest_route=\/wp\/v2\/posts\/2197"}],"collection":[{"href":"https:\/\/gkvitkovice.cz\/index.php?rest_route=\/wp\/v2\/posts"}],"about":[{"href":"https:\/\/gkvitkovice.cz\/index.php?rest_route=\/wp\/v2\/types\/post"}],"author":[{"embeddable":true,"href":"https:\/\/gkvitkovice.cz\/index.php?rest_route=\/wp\/v2\/users\/1"}],"replies":[{"embeddable":true,"href":"https:\/\/gkvitkovice.cz\/index.php?rest_route=%2Fwp%2Fv2%2Fcomments&post=2197"}],"version-history":[{"count":2,"href":"https:\/\/gkvitkovice.cz\/index.php?rest_route=\/wp\/v2\/posts\/2197\/revisions"}],"predecessor-version":[{"id":2200,"href":"https:\/\/gkvitkovice.cz\/index.php?rest_route=\/wp\/v2\/posts\/2197\/revisions\/2200"}],"wp:attachment":[{"href":"https:\/\/gkvitkovice.cz\/index.php?rest_route=%2Fwp%2Fv2%2Fmedia&parent=2197"}],"wp:term":[{"taxonomy":"category","embeddable":true,"href":"https:\/\/gkvitkovice.cz\/index.php?rest_route=%2Fwp%2Fv2%2Fcategories&post=2197"},{"taxonomy":"post_tag","embeddable":true,"href":"https:\/\/gkvitkovice.cz\/index.php?rest_route=%2Fwp%2Fv2%2Ftags&post=2197"}],"curies":[{"name":"wp","href":"https:\/\/api.w.org\/{rel}","templated":true}]}}